{"id":3724,"date":"2010-07-06T14:13:09","date_gmt":"2010-07-06T11:13:09","guid":{"rendered":"http:\/\/www.ced.org.tr\/?p=3724"},"modified":"2010-07-06T14:13:09","modified_gmt":"2010-07-06T11:13:09","slug":"6-avrupa-sosyal-forumu-sonuc-bildirgesi-yayinlandi","status":"publish","type":"post","link":"http:\/\/www.ced.org.tr\/?p=3724","title":{"rendered":"6.AVRUPA SOSYAL FORUMU SONU\u00c7 B\u0130LD\u0130RGES\u0130 YAYINLANDI"},"content":{"rendered":"<p style=\"text-align: center;\"><img loading=\"lazy\" decoding=\"async\" src=\"images\/stories\/dernek\/asf2010.jpg\" border=\"0\" alt=\"asf\" width=\"494\" height=\"357\" style=\"margin: 4px 0px; border: 0px;\" \/><\/p>\n<p style=\"text-align: left;\">\u00a0<\/p>\n<p class=\"MsoNormal\" style=\"margin: 0cm 0cm 0pt;\"><span style=\"font-family: Times New Roman; font-size: small;\">1-4 TEMMUZ 2010\u00a0tarihinde \u0130stanbul&#8217;da toplanan Avrupa Sosyal Forumu sonu\u00e7 bildirgesi yay\u0131nland\u0131.Anti-emperyalist,\u00a0anti-kapitalist,anti-milliyet\u00e7i m\u00fccadelere dikkat \u00e7ekilen bildirgede\u00a0d\u00fcnyada ya\u015fanan krizin sorumlusunun ezilenlerin olmad\u0131\u011f\u0131 da vurguland\u0131.A\u015fa\u011f\u0131da sonu\u00e7 bildirgesinin \u00f6ne \u00e7\u0131kan maddelerini bulacaks\u0131n\u0131z.<\/span><\/p>\n<p><span style=\"font-family: Times New Roman; font-size: small;\"><\/p>\n<p><span style=\"font-family: Times New Roman; font-size: small;\"><\/p>\n<p class=\"MsoNormal\" style=\"margin: 0cm 0cm 0pt;\">\u00a0<\/p>\n<p><\/span><\/span><\/p>\n<p class=\"MsoNormal\" style=\"margin: 0cm 0cm 0pt;\">\u00a0<\/p>\n<\/p>\n<p class=\"MsoNormal\" style=\"margin: 0cm 0cm 0pt;\">\u00a0<\/p>\n<p class=\"MsoNormal\" style=\"margin: 0cm 0cm 0pt;\"><span style=\"font-family: Times New Roman; font-size: small;\">BA\u015eKA B\u0130R D\u00dcNYA SOSYAL\u0130ZMD\u0130R<\/span><\/p>\n<p class=\"MsoNormal\" style=\"margin: 0cm 0cm 0pt;\"><span style=\"font-family: Times New Roman; font-size: small;\">\u00a0<\/span><\/p>\n<p class=\"MsoNormal\" style=\"margin: 0cm 0cm 0pt;\"><span style=\"font-family: Times New Roman; font-size: small;\">Kapitalizmin, d\u00fcnya krizinin derin bir an\u0131nda \u0130stanbul&#8217;da toplanan 6.AVRUPA SOSYAL FORMU,\u00a0Avrupal\u0131 emek\u00e7i kitlelerinin, krizin bedelini reddetme m\u00fccadelesinde birle\u015fmek \u00fczere ortak\u00a0 eylem belirlemesinini istedi.<\/span><\/p>\n<p class=\"MsoNormal\" style=\"margin: 0cm 0cm 0pt;\"><span style=\"font-family: Times New Roman; font-size: small;\">\u00a0<\/span><\/p>\n<p class=\"MsoNormal\" style=\"margin: 0cm 0cm 0pt;\"><span style=\"font-family: Times New Roman; font-size: small;\">300 kat\u0131l\u0131mc\u0131yla, Avrupa Sosyal Forumu vesilesiyle toplanan Anti-emperyalist Meclis, \u015fu noktalar\u0131 ilan etti;<\/span><\/p>\n<p class=\"MsoNormal\" style=\"margin: 0cm 0cm 0pt;\"><span style=\"font-family: Times New Roman; font-size: small;\">\u00a0<\/span><\/p>\n<p class=\"MsoNormal\" style=\"margin: 0cm 0cm 0pt;\"><span style=\"font-family: Times New Roman; font-size: small;\">-Kapitalizme kar\u015f\u0131 m\u00fccadele edilmeden emperyalizme kar\u015f\u0131 kararl\u0131 bir tav\u0131r al\u0131namaz, zira emperyalizm, kapitalist d\u00fcnya sisteminin en \u00fcst a\u015famas\u0131d\u0131r. B\u00fct\u00fcn anti-emperyalist g\u00fc\u00e7leri, derin bir tarihsel kriz i\u00e7indeki kapitalist sistemi devirmek i\u00e7in m\u00fccadeleyi y\u00fckseltmeye \u00e7a\u011f\u0131r\u0131yoruz. Sosyalizm, kapitalist sistem kar\u015f\u0131s\u0131ndaki yegane alternatiftir, devrim ise bu sistemi d\u00f6n\u00fc\u015ft\u00fcrmenin tek yoludur. \u201cBa\u015fka bir d\u00fcnya\u201d sosyalizmdir.<\/span><\/p>\n<p class=\"MsoNormal\" style=\"margin: 0cm 0cm 0pt;\"><span style=\"font-family: Times New Roman; font-size: small;\">\u00a0<\/span><\/p>\n<p class=\"MsoNormal\" style=\"margin: 0cm 0cm 0pt;\"><span style=\"font-family: Times New Roman; font-size: small;\">-Sosyal kurtulu\u015f m\u00fccadeleleri ve ezilen uluslar\u0131n ulusal kurtulu\u015f m\u00fccadeleleri, emperyalizme kar\u015f\u0131 ayn\u0131 cephenin par\u00e7alar\u0131d\u0131r. \u015eoven milliyet\u00e7ilik anti-emperyalist de\u011fildir, tam tersine halklar\u0131 b\u00f6l\u00fcp birbiriyle \u00e7at\u0131\u015ft\u0131rarak, emperyalizme hizmet eder. Emperyalizm herhangi bir ezilen ulusun savunucusu olamaz, amac\u0131 bu ezilen uluslar\u0131n yeni efendisi olmakt\u0131r. Anti-emperyalist m\u00fccadele d\u00fcnyan\u0131n ve b\u00f6lgelerin halklar\u0131n\u0131 ve ezilen uluslar\u0131n\u0131 birle\u015ftirmeye y\u00f6nelik enternasyonalist bir perspektifle y\u00fcr\u00fct\u00fclmelidir.\u00a0<\/span><\/p>\n<p class=\"MsoNormal\" style=\"margin: 0cm 0cm 0pt;\"><span style=\"font-family: Times New Roman; font-size: small;\">\u00a0<\/span><\/p>\n<p class=\"MsoNormal\" style=\"margin: 0cm 0cm 0pt;\"><span style=\"font-family: Times New Roman; font-size: small;\">Kriz ko\u015fullar\u0131nda y\u00fckselen sosyal ba\u015fkald\u0131r\u0131lar\u0131, devrimci s\u00fcre\u00e7leri, i\u015f\u00e7i grevlerini, halk direni\u015flerini, gen\u00e7lik hareketlerini, kitle m\u00fccadelelerini destekliyoruz. Bu m\u00fccadelelere y\u00f6nelik t\u00fcm sald\u0131r\u0131lar\u0131 ve \u00fclkelerin i\u00e7i\u015flerine y\u00f6nelik yabanc\u0131 m\u00fcdahaleleri mahkum ediyoruz. <\/span><\/p>\n<p class=\"MsoNormal\" style=\"margin: 0cm 0cm 0pt;\"><span style=\"font-family: Times New Roman; font-size: small;\">\u0130srail Siyonizminin Gazze Ablukas\u0131n\u0131 mahkum ediyor ve \u0130srail \u0131rk\u00e7\u0131 devletinin toptan boykot edilmesi \u00e7a\u011fr\u0131s\u0131n\u0131 yap\u0131yoruz. Dayan\u0131\u015fman\u0131n ya\u015famsal \u00f6nemini vurguluyoruz.<\/span><\/p>\n<p class=\"MsoNormal\" style=\"margin: 0cm 0cm 0pt;\"><span style=\"font-family: Times New Roman; font-size: small;\">\u00a0<\/span><\/p>\n<p class=\"MsoNormal\" style=\"margin: 0cm 0cm 0pt;\"><span style=\"font-family: Times New Roman; font-size: small;\">-Emperyalizm kad\u0131nlar i\u00e7in yoksulluk, sava\u015f ve kad\u0131na y\u00f6nelik \u015fiddet demektir. Kad\u0131n kurtulu\u015f m\u00fccadelesi, anti-emperyalist m\u00fccadelenin bir par\u00e7as\u0131d\u0131r ve kad\u0131nlar\u0131n aktif kat\u0131l\u0131m\u0131 olmaks\u0131z\u0131n anti-emperyalist cephe zay\u0131f kalacakt\u0131r. Erkek egemen sistem kendisini kad\u0131n-erkek e\u015fitsizli\u011fine dayand\u0131rmaktad\u0131r ve s\u00f6m\u00fcr\u00fcs\u00fcz yeni bir toplum ancak kad\u0131n ve erke\u011fin tam e\u015fitli\u011fiyle m\u00fcmk\u00fcn olacakt\u0131r.<\/span><\/p>\n<p class=\"MsoNormal\" style=\"margin: 0cm 0cm 0pt;\"><span style=\"font-family: Times New Roman; font-size: small;\">\u00a0<\/span><\/p>\n<p class=\"MsoNormal\" style=\"margin: 0cm 0cm 0pt;\"><span style=\"font-family: Times New Roman; font-size: small;\">-Anti-emperyalist birlik ancak pratik politik bir zeminde kurulabilir. Emperyalizme kar\u015f\u0131 sava\u015fan halklar bir araya gelmelidir. D\u00fcnyada emperyalizme m\u00fccadele eden ilerici, demokrat, devrimci, vatansever, dini b\u00fct\u00fcn hareketleri en geni\u015f anti-emperyalist cepheyi kurmaya \u00e7a\u011f\u0131r\u0131yoruz. Emperyalist-kapitalist sistemin bu kriz d\u00f6neminde b\u00fct\u00fcn anti-emperyalist g\u00fc\u00e7leri devrimci enternasyonalist i\u015fbirli\u011fini y\u00fckseltmeye \u00e7a\u011f\u0131r\u0131yoruz.<\/span><\/p>\n","protected":false},"excerpt":{"rendered":"<p>\u00a0 1-4 TEMMUZ 2010\u00a0tarihinde \u0130stanbul&#8217;da toplanan Avrupa Sosyal Forumu sonu\u00e7 bildirgesi yay\u0131nland\u0131.Anti-emperyalist,\u00a0anti-kapitalist,anti-milliyet\u00e7i m\u00fccadelere dikkat \u00e7ekilen bildirgede\u00a0d\u00fcnyada ya\u015fanan krizin sorumlusunun ezilenlerin&#46;&#46;&#46;<\/p>\n","protected":false},"author":1,"featured_media":0,"comment_status":"closed","ping_status":"closed","sticky":false,"template":"","format":"standard","meta":{"_jetpack_memberships_contains_paid_content":false,"footnotes":""},"categories":[1],"tags":[],"class_list":["post-3724","post","type-post","status-publish","format-standard","hentry","category-ced"],"aioseo_notices":[],"jetpack_featured_media_url":"","jetpack_sharing_enabled":true,"jetpack-related-posts":[],"_links":{"self":[{"href":"http:\/\/www.ced.org.tr\/index.php?rest_route=\/wp\/v2\/posts\/3724","targetHints":{"allow":["GET"]}}],"collection":[{"href":"http:\/\/www.ced.org.tr\/index.php?rest_route=\/wp\/v2\/posts"}],"about":[{"href":"http:\/\/www.ced.org.tr\/index.php?rest_route=\/wp\/v2\/types\/post"}],"author":[{"embeddable":true,"href":"http:\/\/www.ced.org.tr\/index.php?rest_route=\/wp\/v2\/users\/1"}],"replies":[{"embeddable":true,"href":"http:\/\/www.ced.org.tr\/index.php?rest_route=%2Fwp%2Fv2%2Fcomments&post=3724"}],"version-history":[{"count":0,"href":"http:\/\/www.ced.org.tr\/index.php?rest_route=\/wp\/v2\/posts\/3724\/revisions"}],"wp:attachment":[{"href":"http:\/\/www.ced.org.tr\/index.php?rest_route=%2Fwp%2Fv2%2Fmedia&parent=3724"}],"wp:term":[{"taxonomy":"category","embeddable":true,"href":"http:\/\/www.ced.org.tr\/index.php?rest_route=%2Fwp%2Fv2%2Fcategories&post=3724"},{"taxonomy":"post_tag","embeddable":true,"href":"http:\/\/www.ced.org.tr\/index.php?rest_route=%2Fwp%2Fv2%2Ftags&post=3724"}],"curies":[{"name":"wp","href":"https:\/\/api.w.org\/{rel}","templated":true}]}}