{"id":3725,"date":"2010-07-15T15:56:50","date_gmt":"2010-07-15T12:56:50","guid":{"rendered":"http:\/\/www.ced.org.tr\/?p=3725"},"modified":"2010-07-15T15:56:50","modified_gmt":"2010-07-15T12:56:50","slug":"avrupa-birliginin-cifte-standartlari-fakir-ulkeler-icin-ilacsiz-kalma-tehdidi-olusturuyor","status":"publish","type":"post","link":"http:\/\/www.ced.org.tr\/?p=3725","title":{"rendered":"Avrupa Birli\u011fi\u2019nin \u00e7ifte standartlar\u0131 fakir \u00fclkeler i\u00e7in ila\u00e7s\u0131z kalma tehdidi olu\u015fturuyor."},"content":{"rendered":"<p class=\"MsoNormal\" style=\"margin: 0cm 0cm 0pt;\"><span style=\"font-family: Times New Roman; font-size: small;\">20. Ekim.2009 Oxfam International<\/span><\/p>\n<p class=\"MsoNormal\" style=\"margin: 0cm 0cm 0pt;\"><span style=\"font-family: Times New Roman; font-size: small;\">\u00a0<\/span><\/p>\n<p class=\"MsoNormal\" style=\"margin: 0cm 0cm 0pt;\"><span style=\"font-family: Times New Roman; font-size: small;\">\u201cOxfam International and Health Action International Europe.\u201d taraf\u0131ndan yay\u0131nlanan rapora g\u00f6re, Avrupa Birli\u011fi, b\u00fcy\u00fck ila\u00e7 \u015firketlerinin menfaatlerini, d\u00fcnyada temel ila\u00e7lara ula\u015famayan 2 milyar insan\u0131n \u00fcst\u00fcnde tutarak, d\u00fcnya ticaret kurallar\u0131 ile \u00e7eli\u015fiyor.<\/span><\/p>\n<p class=\"MsoNormal\" style=\"margin: 0cm 0cm 0pt;\"><span style=\"font-family: Times New Roman; font-size: small;\">\u00a0<\/span><\/p>\n<p class=\"MsoNormal\" style=\"margin: 0cm 0cm 0pt;\"><span style=\"font-family: Times New Roman; font-size: small;\">Oxfam Sa\u011fl\u0131k Grubu\u2019nun raporunda; \u201cAvrupa Birli\u011fine \u00fcye \u00fclkeler, hem kendi geli\u015fme politikalar\u0131nda sa\u011fl\u0131\u011fa eri\u015fimi artt\u0131rmal\u0131 ve hem de ticari politikalar\u0131 ile ekonomik ila\u00e7lara eri\u015fimi kolayla\u015ft\u0131rmal\u0131d\u0131rlar.\u201d deniyor.<\/span><span style=\"font-family: Times New Roman; font-size: small;\">\u00a0 <\/p>\n<p><\/span><span style=\"font-family: Times New Roman; font-size: small;\">\u00a0<\/span><\/p>\n<p class=\"MsoNormal\" style=\"margin: 0cm 0cm 0pt;\"><span style=\"font-family: Times New Roman; font-size: small;\"><\/p>\n<p class=\"MsoNormal\" style=\"margin: 0cm 0cm 0pt;\">\u00a0<\/p>\n<p class=\"MsoNormal\" style=\"margin: 0cm 0cm 0pt;\"><span style=\"font-family: Times New Roman; font-size: small;\">Rapora g\u00f6re, bu y\u0131l\u0131n ba\u015flar\u0131nda Hollanda anti-HIV ila\u00e7lar\u0131 ve di\u011fer ila\u00e7lar\u0131 haczettikten sonra Hindistan ve Brezilya D\u00fcnya Ticaret \u00f6rg\u00fct\u00fcnde Avrupa komisyonuna kar\u015f\u0131 \u015fikayet dosyas\u0131 sunuyor.<\/span><\/p>\n<p><\/span><\/p>\n<p class=\"MsoNormal\" style=\"margin: 0cm 0cm 0pt;\"><span style=\"font-family: Times New Roman; font-size: small;\">\u00a0<\/span><\/p>\n<p class=\"MsoNormal\" style=\"margin: 0cm 0cm 0pt;\"><span style=\"font-family: Times New Roman; font-size: small;\">Bu ila\u00e7lar Hindistandan, Avrupa yoluyla Brezilya, Kolombia ve Nijerya\u2019ya gidiyordu.<\/span><\/p>\n<p class=\"MsoNormal\" style=\"margin: 0cm 0cm 0pt;\"><span style=\"font-family: Times New Roman; font-size: small;\">\u00a0<\/span><\/p>\n<p class=\"MsoNormal\" style=\"margin: 0cm 0cm 0pt;\"><span style=\"font-family: Times New Roman; font-size: small;\">Raporda, 2008 y\u0131l\u0131n\u0131n sonlar\u0131ndan itibaren Hollanda\u2019n\u0131n yapt\u0131\u011f\u0131 gibi Almanya da geli\u015fmekte <\/span><\/p>\n<p class=\"MsoNormal\" style=\"margin: 0cm 0cm 0pt;\"><span style=\"font-family: Times New Roman; font-size: small;\">olan \u00fclkelere g\u00f6nderilecek olan 19 jenerik ila\u00e7 sevkiyat\u0131n\u0131 g\u00fcmr\u00fckte al\u0131koydu.<\/span><\/p>\n<p class=\"MsoNormal\" style=\"margin: 0cm 0cm 0pt;\"><span style=\"font-family: Times New Roman; font-size: small;\">\u00a0<\/span><\/p>\n<p class=\"MsoNormal\" style=\"margin: 0cm 0cm 0pt;\"><span style=\"font-family: Times New Roman; font-size: small;\">AB, d\u00fcnya global ticaret kurallar\u0131 ile garanti alt\u0131na al\u0131nm\u0131\u015f olan, d\u00fc\u015f\u00fck maliyetli jenerik ila\u00e7lara eri\u015fim hakk\u0131ndan feragat etmeleri i\u00e7in geli\u015fmekte olan \u00fclkelerin devletleri \u00fczerindeki bask\u0131y\u0131 artt\u0131r\u0131yor.<\/span><\/p>\n<p class=\"MsoNormal\" style=\"margin: 0cm 0cm 0pt;\"><span style=\"font-family: Times New Roman; font-size: small;\">\u00a0<\/span><\/p>\n<p class=\"MsoNormal\" style=\"margin: 0cm 0cm 0pt;\"><span style=\"font-family: Times New Roman; font-size: small;\">Avrupa Birli\u011fi dayatt\u0131\u011f\u0131 bu \u00f6nlemler ile kendi i\u00e7 pazarlar\u0131nda ila\u00e7 fiyatlar\u0131n\u0131 d\u00fc\u015f\u00fcrmeye \u00e7al\u0131\u015f\u0131rken geli\u015fmekte olan \u00fclkelerdeki ila\u00e7 fiyatlar\u0131n\u0131n y\u00fckselmesine yol a\u00e7acakt\u0131r.<\/span><\/p>\n<p class=\"MsoNormal\" style=\"margin: 0cm 0cm 0pt;\"><span style=\"font-family: Times New Roman; font-size: small;\">\u00a0<\/span><\/p>\n<p class=\"MsoNormal\" style=\"margin: 0cm 0cm 0pt;\"><span style=\"font-family: Times New Roman; font-size: small;\">Avrupa Birli\u011fine \u00fcye 27 \u00fclkeden 24 \u00fc ila\u00e7larda fiyat kontrol\u00fc uygulamak i\u00e7in ad\u0131mlar atmaktad\u0131r.<\/span><\/p>\n<p class=\"MsoNormal\" style=\"margin: 0cm 0cm 0pt;\"><span style=\"font-family: Times New Roman; font-size: small;\">\u00a0<\/span><\/p>\n<p class=\"MsoNormal\" style=\"margin: 0cm 0cm 0pt;\"><span style=\"font-family: Times New Roman; font-size: small;\">Avrupa Birli\u011fi ayn\u0131 zamanda \u00e7ift tarafl\u0131 serbest ticaret i\u015flemlerinde D\u00fcnya Ticaret \u00d6rg\u00fct\u00fc\u2019n\u00fcn mevcut TRIPS anla\u015fmas\u0131n\u0131n \u00f6tesinde yeni veri imtiyaz\u0131 kurallar\u0131 \u00fczerinde \u0131srar ediyor.<\/span><\/p>\n<p class=\"MsoNormal\" style=\"margin: 0cm 0cm 0pt;\"><span style=\"font-family: Times New Roman; font-size: small;\">\u00a0<\/span><\/p>\n<p class=\"MsoNormal\" style=\"margin: 0cm 0cm 0pt;\"><span style=\"font-family: Times New Roman; font-size: small;\">Avrupa Birli\u011fi\u2019nin politikalar\u0131, ila\u00e7lar\u0131n maliyetlerini artt\u0131r\u0131yor. Bu durum sa\u011fl\u0131k b\u00fct\u00e7elerinin % 60-80\u2019ni ila\u00e7lara harcayan geli\u015fmekte olan \u00fclkelerdeki en fakir insanlar\u0131 orant\u0131s\u0131z olarak \u00e7ok sert vuruyor.<\/span><\/p>\n<p class=\"MsoNormal\" style=\"margin: 0cm 0cm 0pt;\"><span style=\"font-family: Times New Roman; font-size: small;\">\u00a0<\/span><\/p>\n<p class=\"MsoNormal\" style=\"margin: 0cm 0cm 0pt;\"><span style=\"font-family: Times New Roman; font-size: small;\">Milyonlarca yoksul insan ila\u00e7 paras\u0131n\u0131 kendi cebinden \u00f6demek zorunda oldu\u011fundan fiyatlardaki k\u00fc\u00e7\u00fck bir art\u0131\u015f\u0131 bile bu ila\u00e7lar\u0131n el yakmas\u0131na yol a\u00e7abiliyor.<\/span><\/p>\n<p class=\"MsoNormal\" style=\"margin: 0cm 0cm 0pt;\"><span style=\"font-family: Times New Roman; font-size: small;\">\u00a0<\/span><\/p>\n<p class=\"MsoNormal\" style=\"margin: 0cm 0cm 0pt;\"><span style=\"font-family: Times New Roman; font-size: small;\">Avrupa Birli\u011fi\u2019nin ticari ajandas\u0131\u2019n\u0131n, geli\u015fmekte olan \u00fclkelerdeki<span style=\"mso-spacerun: yes;\">\u00a0 <\/span>halk sa\u011fl\u0131\u011f\u0131na ciddi zarar verdi\u011fi konusunda artan belirtiler oldu\u011fu ifade ediliyor.<\/span><\/p>\n<p class=\"MsoNormal\" style=\"margin: 0cm 0cm 0pt;\"><span style=\"font-family: Times New Roman; font-size: small;\">\u00a0<\/span><\/p>\n<p class=\"MsoNormal\" style=\"margin: 0cm 0cm 0pt;\"><span style=\"font-family: Times New Roman; font-size: small;\">Raporda AB politikalar\u0131n\u0131n geli\u015fmekte olan \u00fclkelerde ilaca ula\u015f\u0131ma zorla\u015ft\u0131rd\u0131\u011f\u0131 ifade ediliyor. Geli\u015fmekte olan \u00fclkelerde Veri imtiyaz\u0131 jerik ila\u00e7lar\u0131n pazara \u00e7\u0131kmas\u0131 geciktiriliyor.<\/span><\/p>\n<p class=\"MsoNormal\" style=\"margin: 0cm 0cm 0pt;\"><span style=\"font-family: Times New Roman; font-size: small;\">Geli\u015fmekte olan \u00fclkelerin sa\u011fl\u0131k gereksinimlerini kar\u015f\u0131lamaya y\u00f6nelik ila\u00e7lar\u0131 geli\u015ftirme konusunda,<span style=\"mso-spacerun: yes;\">\u00a0 <\/span>D\u00fcnya Sa\u011fl\u0131k \u00d6rg\u00fct\u00fc\u2019n\u00fcn tavsiyeleri do\u011frultusunda bir ilerleme kaydedilmiyor. Geli\u015fmekte olan \u00fclkeler i\u00e7in yap\u0131lan Ar-Ge harcamalar\u0131 yetersiz kal\u0131yor.Avrupa Birli\u011fi, Avrupa vatanda\u015flar\u0131n\u0131n sa\u011fl\u0131\u011f\u0131n\u0131 geli\u015ftirmek i\u00e7in yat\u0131r\u0131mlar\u0131n\u0131 artt\u0131r\u0131rken geli\u015fmekte olan \u00fclkelerde sa\u011fl\u0131k i\u00e7in gerekli olan ila\u00e7lara ula\u015f\u0131m\u0131 engelliyor.<\/span><\/p>\n<p class=\"MsoNormal\" style=\"margin: 0cm 0cm 0pt;\"><span style=\"font-family: Times New Roman; font-size: small;\">\u00a0<\/span><\/p>\n<p class=\"MsoNormal\" style=\"margin: 0cm 0cm 0pt;\"><strong style=\"mso-bidi-font-weight: normal;\"><span style=\"font-size: small;\"><span style=\"font-family: Times New Roman;\">Notlar:<\/span><\/span><\/strong><\/p>\n<p class=\"MsoNormal\" style=\"margin: 0cm 0cm 0pt;\"><span style=\"font-family: Times New Roman; font-size: small;\">\u00a0<\/span><\/p>\n<ul style=\"margin-top: 0cm;\" type=\"disc\">\n<li class=\"MsoNormal\" style=\"margin: 0cm 0cm 0pt; mso-list: l0 level1 lfo1; tab-stops: list 36.0pt;\"><span style=\"font-family: Times New Roman; font-size: small;\">TRIPS (Agreement on Trade Related Aspects of Intellectual Property Rights)<span style=\"mso-spacerun: yes;\">\u00a0 <\/span>global patent sistemi d\u00fc\u015f\u00fck maliyetli jenerik ila\u00e7lar\u0131 k\u0131s\u0131tl\u0131yor fakat geli\u015fmekte olan \u00fclkeler i\u00e7in yeni ila\u00e7lar geli\u015ftirmeye h\u0131z vermiyor. <\/span><\/li>\n<\/ul>\n<p class=\"MsoNormal\" style=\"margin: 0cm 0cm 0pt;\"><span style=\"font-family: Times New Roman; font-size: small;\">\u00a0<\/span><\/p>\n<ul style=\"margin-top: 0cm;\" type=\"disc\">\n<li class=\"MsoNormal\" style=\"margin: 0cm 0cm 0pt; mso-list: l0 level1 lfo1; tab-stops: list 36.0pt;\"><span style=\"font-family: Times New Roman; font-size: small;\">The TRIPS anla\u015fmas\u0131 ve TRIPS ve Halk sa\u011fl\u0131\u011f\u0131 \u00fczerine Doha Deklerasyonu <span style=\"mso-spacerun: yes;\">\u00a0<\/span>(2001) devletlere veri imtiyaz\u0131 zorlamalar\u0131na kar\u015f\u0131 halk sa\u011fl\u0131\u011f\u0131n\u0131 \u00f6ncelikli olarak koruma konusunda koruyucu \u00f6nlemler alma ve esnek davranma konusunda yasal haklar vermektedir.<\/span><\/li>\n<\/ul>\n<p class=\"MsoNormal\" style=\"margin: 0cm 0cm 0pt;\"><span style=\"font-family: Times New Roman; font-size: small;\">\u00a0<\/span><\/p>\n<ul style=\"margin-top: 0cm;\" type=\"disc\">\n<li class=\"MsoNormal\" style=\"margin: 0cm 0cm 0pt; mso-list: l0 level1 lfo1; tab-stops: list 36.0pt;\"><span style=\"font-family: Times New Roman; font-size: small;\">Az geli\u015fmi\u015f \u00fclkeler 2016\u2019a kadar<span style=\"mso-spacerun: yes;\">\u00a0 <\/span>TRIPS\u2019i tamamen uygulayacaklard\u0131r. <\/span><\/li>\n<\/ul>\n<p class=\"MsoNormal\" style=\"margin: 0cm 0cm 0pt;\"><span style=\"font-family: Times New Roman; font-size: small;\">\u00a0<\/span><\/p>\n<p class=\"MsoNormal\" style=\"margin: 0cm 0cm 0pt;\"><span style=\"font-family: Times New Roman; font-size: small;\">EU double standards threaten to leave poor countries without medicines. Oxfam International. http:\/\/www.oxfam.org\/ <\/span><\/p>\n","protected":false},"excerpt":{"rendered":"<p>20. Ekim.2009 Oxfam International \u00a0 \u201cOxfam International and Health Action International Europe.\u201d taraf\u0131ndan yay\u0131nlanan rapora g\u00f6re, Avrupa Birli\u011fi, b\u00fcy\u00fck ila\u00e7&#46;&#46;&#46;<\/p>\n","protected":false},"author":1,"featured_media":0,"comment_status":"closed","ping_status":"closed","sticky":false,"template":"","format":"standard","meta":{"_jetpack_memberships_contains_paid_content":false,"footnotes":""},"categories":[1],"tags":[],"class_list":["post-3725","post","type-post","status-publish","format-standard","hentry","category-ced"],"aioseo_notices":[],"jetpack_featured_media_url":"","jetpack_sharing_enabled":true,"jetpack-related-posts":[],"_links":{"self":[{"href":"http:\/\/www.ced.org.tr\/index.php?rest_route=\/wp\/v2\/posts\/3725","targetHints":{"allow":["GET"]}}],"collection":[{"href":"http:\/\/www.ced.org.tr\/index.php?rest_route=\/wp\/v2\/posts"}],"about":[{"href":"http:\/\/www.ced.org.tr\/index.php?rest_route=\/wp\/v2\/types\/post"}],"author":[{"embeddable":true,"href":"http:\/\/www.ced.org.tr\/index.php?rest_route=\/wp\/v2\/users\/1"}],"replies":[{"embeddable":true,"href":"http:\/\/www.ced.org.tr\/index.php?rest_route=%2Fwp%2Fv2%2Fcomments&post=3725"}],"version-history":[{"count":0,"href":"http:\/\/www.ced.org.tr\/index.php?rest_route=\/wp\/v2\/posts\/3725\/revisions"}],"wp:attachment":[{"href":"http:\/\/www.ced.org.tr\/index.php?rest_route=%2Fwp%2Fv2%2Fmedia&parent=3725"}],"wp:term":[{"taxonomy":"category","embeddable":true,"href":"http:\/\/www.ced.org.tr\/index.php?rest_route=%2Fwp%2Fv2%2Fcategories&post=3725"},{"taxonomy":"post_tag","embeddable":true,"href":"http:\/\/www.ced.org.tr\/index.php?rest_route=%2Fwp%2Fv2%2Ftags&post=3725"}],"curies":[{"name":"wp","href":"https:\/\/api.w.org\/{rel}","templated":true}]}}