{"id":3726,"date":"2010-07-23T13:41:03","date_gmt":"2010-07-23T10:41:03","guid":{"rendered":"http:\/\/www.ced.org.tr\/?p=3726"},"modified":"2010-07-23T13:41:03","modified_gmt":"2010-07-23T10:41:03","slug":"cagdas-eczacilar-derneginde-gorev-dagilimi-yapildi","status":"publish","type":"post","link":"http:\/\/www.ced.org.tr\/?p=3726","title":{"rendered":"\u00c7a\u011fda\u015f Eczac\u0131lar Derne\u011fi&#8217;nde  g\u00f6rev da\u011f\u0131l\u0131m\u0131 yap\u0131ld\u0131"},"content":{"rendered":"<p class=\"MsoNormal\" style=\"margin: 0cm 0cm 0pt;\"><span style=\"font-family: Times New Roman; font-size: small;\">\u00c7ED Y\u00f6netim Kurulu yapt\u0131\u011f\u0131 toplant\u0131da y\u00f6netim kurulunun g\u00f6rev da\u011f\u0131l\u0131m\u0131n\u0131 belirledi.<br \/>Y\u00f6netim Kurulu ba\u015fkanl\u0131\u011f\u0131na Ecz. Mustafa Turun\u00e7 se\u00e7ildi.<br style=\"mso-special-character: line-break;\" \/><br style=\"mso-special-character: line-break;\" \/><\/span><\/p>\n<p class=\"MsoNormal\" style=\"margin: 0cm 0cm 0pt;\"><span style=\"font-family: Times New Roman; font-size: small;\">Genel Sekreterlik g\u00f6revini Ecz.S.Ferda G\u00f6\u00e7ener,Saymanl\u0131k g\u00f6revini ise Ecz.\u015eeref Serdar \u00fcstlendiler.<br style=\"mso-special-character: line-break;\" \/><br style=\"mso-special-character: line-break;\" \/><\/span><\/p>\n<p class=\"MsoNormal\" style=\"margin: 0cm 0cm 0pt;\"><span style=\"font-family: Times New Roman; font-size: small;\">\u00c7ED y\u00f6netimi ge\u00e7en d\u00f6nemlerde de oldu\u011fu gibi y\u00f6netim kurulundan olu\u015fan bir icra kurulu ile \u00e7al\u0131\u015fmalar\u0131n\u0131 s\u00fcrd\u00fcrecek.<br style=\"mso-special-character: line-break;\" \/><br style=\"mso-special-character: line-break;\" \/><\/span><\/p>\n<p class=\"MsoNormal\" style=\"margin: 0cm 0cm 0pt;\"><span style=\"font-family: Times New Roman; font-size: small;\"><strong>GENEL BA\u015eKAN<\/strong> Ecz. Mustafa TURUN\u00c7<\/span><\/p>\n<p class=\"MsoNormal\" style=\"margin: 0cm 0cm 0pt;\"><span style=\"font-family: Times New Roman; font-size: small;\"><strong>GENEL SEKRETER<\/strong> Ecz. S.Ferda G\u00d6\u00c7ENER<\/span><\/p>\n<p class=\"MsoNormal\" style=\"margin: 0cm 0cm 0pt;\"><span style=\"font-family: Times New Roman; font-size: small;\"><strong>SAYMAN<\/strong> Ecz. \u015eeref SERDAR<\/span><\/p>\n<p class=\"MsoNormal\" style=\"margin: 0cm 0cm 0pt;\"><span style=\"font-family: Times New Roman; font-size: small;\">\u00a0<\/span><\/p>\n<p class=\"MsoNormal\" style=\"margin: 0cm 0cm 0pt;\"><span style=\"font-family: Times New Roman; font-size: small;\">\u00a0<\/span><\/p>\n<p class=\"MsoNormal\" style=\"margin: 0cm 0cm 0pt;\"><span style=\"font-family: Times New Roman; font-size: small;\"><strong>Y\u00d6NET\u0130M KURULU<\/strong>\u00a0\u00a0\u00a0\u00a0\u00a0\u00a0\u00a0\u00a0\u00a0\u00a0\u00a0\u00a0\u00a0\u00a0\u00a0\u00a0\u00a0\u00a0\u00a0<\/span><\/p>\n<p class=\"MsoNormal\" style=\"margin: 0cm 0cm 0pt;\"><span style=\"font-family: Times New Roman; font-size: small;\">\u00a0<span style=\"mso-tab-count: 1;\">\u00a0\u00a0\u00a0\u00a0\u00a0\u00a0\u00a0\u00a0\u00a0\u00a0 <\/span><strong>AS\u0130L<\/strong><\/span><\/p>\n<p class=\"MsoNormal\" style=\"margin: 0cm 0cm 0pt;\"><span style=\"font-family: Times New Roman; font-size: small;\">\u00a0<\/span><\/p>\n<p class=\"MsoNormal\" style=\"margin: 0cm 0cm 0pt;\"><span style=\"font-family: Times New Roman; font-size: small;\">ECZ. RAFET \u015eAH\u0130N <\/span><\/p>\n<p class=\"MsoNormal\" style=\"margin: 0cm 0cm 0pt;\"><span style=\"font-family: Times New Roman; font-size: small;\">ECZ. \u00dcZEY\u0130R KORKMAZ<\/span><\/p>\n<p class=\"MsoNormal\" style=\"margin: 0cm 0cm 0pt;\"><span style=\"font-family: Times New Roman; font-size: small;\">ECZ. RU\u015eEN D\u00dcNDAR<\/span><\/p>\n<p class=\"MsoNormal\" style=\"margin: 0cm 0cm 0pt;\"><span style=\"font-family: Times New Roman; font-size: small;\">ECZ. \u0130. H\u00dcSEY\u0130N \u00c7EL\u0130K<\/span><\/p>\n<p class=\"MsoNormal\" style=\"margin: 0cm 0cm 0pt;\"><span style=\"font-family: Times New Roman; font-size: small;\">ECZ. \u00d6Z\u00dcN BAYAR \u00d6ZKAYA<\/span><\/p>\n<p class=\"MsoNormal\" style=\"margin: 0cm 0cm 0pt;\"><span style=\"font-family: Times New Roman; font-size: small;\">ECZ. NURDAN DEM\u0130RKAN<\/span><\/p>\n<p class=\"MsoNormal\" style=\"margin: 0cm 0cm 0pt;\"><span style=\"font-family: Times New Roman; font-size: small;\">ECZ. SERVER KILI\u00c7 PARLAR<\/span><\/p>\n<p class=\"MsoNormal\" style=\"margin: 0cm 0cm 0pt;\"><span style=\"font-family: Times New Roman; font-size: small;\">ECZ. NEJAT BALTACI<\/span><\/p>\n<p class=\"MsoNormal\" style=\"margin: 0cm 0cm 0pt;\"><span style=\"font-family: Times New Roman; font-size: small;\">ECZ. ZAFER KAPLAN<\/span><\/p>\n<p class=\"MsoNormal\" style=\"margin: 0cm 0cm 0pt;\"><span style=\"font-family: Times New Roman; font-size: small;\">ECZ. SEDAT G\u00dc\u00c7L\u00dc<\/span><\/p>\n","protected":false},"excerpt":{"rendered":"<p>\u00c7ED Y\u00f6netim Kurulu yapt\u0131\u011f\u0131 toplant\u0131da y\u00f6netim kurulunun g\u00f6rev da\u011f\u0131l\u0131m\u0131n\u0131 belirledi.Y\u00f6netim Kurulu ba\u015fkanl\u0131\u011f\u0131na Ecz. Mustafa Turun\u00e7 se\u00e7ildi. Genel Sekreterlik g\u00f6revini Ecz.S.Ferda&#46;&#46;&#46;<\/p>\n","protected":false},"author":1,"featured_media":0,"comment_status":"closed","ping_status":"closed","sticky":false,"template":"","format":"standard","meta":{"_jetpack_memberships_contains_paid_content":false,"footnotes":""},"categories":[1],"tags":[],"class_list":["post-3726","post","type-post","status-publish","format-standard","hentry","category-ced"],"aioseo_notices":[],"jetpack_featured_media_url":"","jetpack_sharing_enabled":true,"jetpack-related-posts":[],"_links":{"self":[{"href":"http:\/\/www.ced.org.tr\/index.php?rest_route=\/wp\/v2\/posts\/3726","targetHints":{"allow":["GET"]}}],"collection":[{"href":"http:\/\/www.ced.org.tr\/index.php?rest_route=\/wp\/v2\/posts"}],"about":[{"href":"http:\/\/www.ced.org.tr\/index.php?rest_route=\/wp\/v2\/types\/post"}],"author":[{"embeddable":true,"href":"http:\/\/www.ced.org.tr\/index.php?rest_route=\/wp\/v2\/users\/1"}],"replies":[{"embeddable":true,"href":"http:\/\/www.ced.org.tr\/index.php?rest_route=%2Fwp%2Fv2%2Fcomments&post=3726"}],"version-history":[{"count":0,"href":"http:\/\/www.ced.org.tr\/index.php?rest_route=\/wp\/v2\/posts\/3726\/revisions"}],"wp:attachment":[{"href":"http:\/\/www.ced.org.tr\/index.php?rest_route=%2Fwp%2Fv2%2Fmedia&parent=3726"}],"wp:term":[{"taxonomy":"category","embeddable":true,"href":"http:\/\/www.ced.org.tr\/index.php?rest_route=%2Fwp%2Fv2%2Fcategories&post=3726"},{"taxonomy":"post_tag","embeddable":true,"href":"http:\/\/www.ced.org.tr\/index.php?rest_route=%2Fwp%2Fv2%2Ftags&post=3726"}],"curies":[{"name":"wp","href":"https:\/\/api.w.org\/{rel}","templated":true}]}}