{"id":3727,"date":"2010-07-27T08:06:39","date_gmt":"2010-07-27T05:06:39","guid":{"rendered":"http:\/\/www.ced.org.tr\/?p=3727"},"modified":"2010-07-27T08:06:39","modified_gmt":"2010-07-27T05:06:39","slug":"hedef-bootsa-gecti-zincir-tepkisi-geldi","status":"publish","type":"post","link":"http:\/\/www.ced.org.tr\/?p=3727","title":{"rendered":"Hedef, Boots\u2019a ge\u00e7ti \u2018zincir\u2019 tepkisi geldi"},"content":{"rendered":"<p class=\"MsoNormal\" style=\"margin: 0cm 0cm 0pt;\"><span style=\"font-family: Times New Roman; font-size: small;\"><img decoding=\"async\" src=\"images\/stories\/dernek\/hedef_boots.jpg\" border=\"0\" alt=\"hedef ile boots\" style=\"float: left; border: 0; margin: 4px;\" \/>\u0130ngiliz Alliance Boots, ila\u00e7 toptanc\u0131s\u0131 Hedef Alliance\u2019taki pay\u0131n\u0131 y\u00fczde 60\u2019a \u00e7\u0131kard\u0131. Boots\u2019un ila\u00e7 satan bir zincir oldu\u011funa dikkat \u00e7eken eczac\u0131lar, \u015firketin bunu T\u00fcrkiye\u2019ye ta\u015f\u0131yaca\u011f\u0131ndan kayg\u0131l\u0131<\/span><\/p>\n<p class=\"MsoNormal\" style=\"margin: 0cm 0cm 0pt;\"><span style=\"font-family: Times New Roman; font-size: small;\">\u00a0<\/span><\/p>\n<p class=\"MsoNormal\" style=\"margin: 0cm 0cm 0pt;\"><span style=\"mso-bookmark: aspx1;\"><span style=\"font-size: small;\"><span style=\"font-family: Times New Roman;\">T\u00fcrkiye\u2019nin en b\u00fcy\u00fck ila\u00e7 toptanc\u0131 ve da\u011f\u0131t\u0131m \u015firketlerinden biri olan Hedef Alliance\u2019\u0131n \u00e7o\u011funluk hissesi \u015firketin y\u00fczde 50\u2019sine sahip \u0130ngiliz orta\u011f\u0131 Alliance Boots\u2019a sat\u0131ld\u0131. D\u00fcn Hedef Alliance\u2019tan yap\u0131lan a\u00e7\u0131klamada Alliance Boots\u2019un \u015firketteki pay\u0131n\u0131n y\u00fczde 60\u2019a ula\u015ft\u0131\u011f\u0131 ve oran\u0131n gelecek iki y\u0131l i\u00e7inde kademeli olarak artaca\u011f\u0131 belirtildi.<\/span><\/span><\/span><\/p>\n<p class=\"MsoNormal\" style=\"margin: 0cm 0cm 0pt;\"><span style=\"mso-bookmark: aspx1;\"><span style=\"font-size: small;\"><span style=\"font-family: Times New Roman;\">\u00a0<\/span><\/span><\/span><\/p>\n<p class=\"MsoNormal\" style=\"margin: 0cm 0cm 0pt;\"><span style=\"mso-bookmark: aspx1;\"><span style=\"font-size: small;\"><span style=\"font-family: Times New Roman;\">Ethem Sancak, Hedef Alliance\u2019ta \u0130crac\u0131 Y\u00f6netim Kurulu Ba\u015fkan\u0131 g\u00f6revine devam edece\u011fini, sat\u0131lan hisselerin kendisine ait olmad\u0131\u011f\u0131n\u0131 s\u00f6yledi. Bu i\u015fe inanc\u0131n\u0131n devam etti\u011fini ifade eden Sancak, ila\u00e7 da\u011f\u0131t\u0131m\u0131 konusunda yat\u0131r\u0131mlar\u0131n\u0131 s\u00fcrd\u00fcreceklerini kaydetti.<\/span><\/span><\/span><\/p>\n<p class=\"MsoNormal\" style=\"margin: 0cm 0cm 0pt;\"><span style=\"mso-bookmark: aspx1;\"><br \/><span style=\"font-size: small;\"><span style=\"font-family: Times New Roman;\">Hisselerin ne kadara sat\u0131ld\u0131\u011f\u0131 a\u00e7\u0131klanmazken Alliance Boots, 2001\u2019de Hedef Alliance\u2019\u0131n y\u00fczde 25\u2019ini 75 milyon dolara sat\u0131n alm\u0131\u015ft\u0131. Alliance Boots 2002\u2019de pay\u0131n\u0131 y\u00fczde 50\u2019ye \u00e7\u0131karm\u0131\u015ft\u0131. Alliance Boots Y\u00f6netim Kurulu Ba\u015fkan\u0131 Stefano Pessina, \u201cBu anla\u015fma uluslararas\u0131 alanda, geni\u015f ve b\u00fcy\u00fcyen pazarlarda g\u00fc\u00e7l\u00fc \u015firketlere yat\u0131r\u0131m yapma stratejimizi g\u00fc\u00e7lendirdi. Orta\u011f\u0131m\u0131z Ethem Sancak ile Hedef Alliance\u2019\u0131 b\u00f6lgede b\u00fcy\u00fctmeye devam edece\u011fiz\u201d dedi.\u00a0<\/p>\n<p><span style=\"mso-bookmark: aspx1;\"><span style=\"font-size: small;\"><span style=\"font-family: Times New Roman;\"><\/p>\n<p class=\"MsoNormal\" style=\"margin: 0cm 0cm 0pt;\"><strong style=\"mso-bidi-font-weight: normal;\">\u00a0<\/strong><\/p>\n<p class=\"MsoNormal\" style=\"margin: 0cm 0cm 0pt;\"><strong style=\"mso-bidi-font-weight: normal;\">Eczac\u0131lar toplanacak<\/strong><\/p>\n<p class=\"MsoNormal\" style=\"margin: 0cm 0cm 0pt;\">\u00a0<\/p>\n<p class=\"MsoNormal\" style=\"margin: 0cm 0cm 0pt;\">\u00a0<\/p>\n<p><\/span><\/span><\/span><\/span><\/span><\/span><span style=\"mso-bookmark: aspx1;\"><span style=\"font-family: Times New Roman; font-size: small;\">\u0130stanbul Eczac\u0131lar Odas\u0131 Ba\u015fkan\u0131 Semih G\u00fcng\u00f6r, konuyla ilgili olarak \u015f\u00f6yle dedi:<\/span><\/span><\/p>\n<p class=\"MsoNormal\" style=\"margin: 0cm 0cm 0pt;\"><span style=\"mso-bookmark: aspx1;\"><br \/><span style=\"font-family: Times New Roman; font-size: small;\">\u201cT\u00fcrkiye\u2019de tart\u0131\u015f\u0131lan eczaneler zincirinin somut bir ad\u0131m\u0131. Ge\u00e7en aylarda eczane zincirlerine ye\u015fil \u0131\u015f\u0131k yak\u0131lm\u0131\u015ft\u0131. Almanya merkezli bir eczane zinciri de T\u00fcrkiye\u2019ye yat\u0131r\u0131m yapaca\u011f\u0131n\u0131 a\u00e7\u0131klad\u0131. \u015eu anda yasal prosed\u00fcr eczane zincirlerinin olu\u015fmas\u0131na uygun de\u011fil. Ancak bu s\u00f6ylenenler ve sat\u0131n almadan ortaya \u00e7\u0131kan ger\u00e7ek \u015fu, Meclis a\u00e7\u0131l\u0131nca bu konunun yasalla\u015fmas\u0131 sa\u011flanacak. Alliance Boots, ila\u00e7 satan market zincirine de sahip. Eczac\u0131lar bu durma tepki verecek. Per\u015fembe g\u00fcn\u00fc T\u00fcrkiye\u2019nin t\u00fcm eczac\u0131 odalar\u0131 Ankara\u2019da\u00a0 bir araya gelecek ve g\u00fcndem<\/span><\/span><span style=\"font-family: Times New Roman; font-size: small;\"> maddelerimizden biri bu konu olacak.\u201d\u00a0 <br \/>Eczac\u0131lar Birli\u011fi Genel Sekreteri \u00d6zg\u00fcr \u00d6zel de \u015f\u00f6yle konu\u015ftu:<\/span><\/p>\n<p class=\"MsoNormal\" style=\"margin: 0cm 0cm 0pt;\"><span style=\"font-size: small;\"><span style=\"font-family: Times New Roman;\">\u201cT\u00fcrkiye\u2019de eczaneler halk eczanesidir. Patron eczac\u0131n\u0131n kendisidir. Bu sistem zincirlerin T\u00fcrkiye\u2019ye girmesiyle bitirilecek. 1 kuru\u015f paras\u0131 eksik olan ila\u00e7 alamayacak. Pazar \u00fcst\u00fcnl\u00fc\u011f\u00fc yerli da\u011f\u0131t\u0131c\u0131 ve yerli \u00fcreticide kalmal\u0131.\u201d<\/span><\/span><\/p>\n<p class=\"MsoNormal\" style=\"margin: 0cm 0cm 0pt;\"><span style=\"font-size: small;\"><span style=\"font-family: Times New Roman;\">\u00a0<\/span><\/span><\/p>\n<p class=\"MsoNormal\" style=\"margin: 0cm 0cm 0pt;\"><span style=\"font-size: small;\"><span style=\"font-family: Times New Roman;\"><strong style=\"mso-bidi-font-weight: normal;\">Sanayici rahat<\/strong><\/span><\/span><\/p>\n<p class=\"MsoNormal\" style=\"margin: 0cm 0cm 0pt;\"><span style=\"font-size: small;\"><span style=\"font-family: Times New Roman;\">\u0130la\u00e7 End\u00fcstrisi \u0130\u015fverenler Sendikas\u0131 Y\u00f6netim Kurulu Ba\u015fkan\u0131 Nezih Barut ise sat\u0131\u015f\u0131n kendi sekt\u00f6rlerinde \u00e7ok \u00f6nemli bir fark yaratmayaca\u011f\u0131n\u0131 belirtti. Barut, \u201cAksine global bir \u015firketin, deneyimini pazara aktar\u0131yor olmas\u0131 T\u00fcrk ila\u00e7 sekt\u00f6r\u00fcne olumlu \u015fekilde yans\u0131yacakt\u0131r diye d\u00fc\u015f\u00fcn\u00fcyorum\u201d dedi.<\/span><\/span><\/p>\n<p class=\"MsoNormal\" style=\"margin: 0cm 0cm 0pt;\"><span style=\"font-size: small;\"><span style=\"font-family: Times New Roman;\">\u00a0<\/span><\/span><\/p>\n<p class=\"MsoNormal\" style=\"margin: 0cm 0cm 0pt;\"><span style=\"font-size: small;\"><span style=\"font-family: Times New Roman;\"><strong style=\"mso-bidi-font-weight: normal;\">\u0130LA\u00c7 SATAN MARKET<\/strong><\/span><\/span><\/p>\n<p class=\"MsoNormal\" style=\"margin: 0cm 0cm 0pt;\"><span style=\"font-family: Times New Roman; font-size: small;\">\u00a0<\/span><\/p>\n<p class=\"MsoNormal\" style=\"margin: 0cm 0cm 0pt;\"><span style=\"font-family: Times New Roman; font-size: small;\">\u0130ngiliz Alliance Boots, \u0130ngiltere ve Avrupa\u2019da ila\u00e7 ve ki\u015fisel bak\u0131m \u00fcr\u00fcnleri sat\u0131lan Boots marketlerinin de sahibi. <\/span><\/p>\n<p class=\"MsoNormal\" style=\"margin: 0cm 0cm 0pt;\"><span style=\"font-family: Times New Roman; font-size: small;\">\u015eirketin \u0130ngiltere, Norve\u00e7, Rusya, \u0130rlanda, Hollanda, \u0130talya, \u00c7in, \u0130svi\u00e7re, Litvanya ve Ortado\u011fu\u2019da 3 bin 150 eczanesi ve 3 bin 250 ki\u015fisel bak\u0131m ma\u011fazas\u0131 bulunuyor. <\/span><\/p>\n<p class=\"MsoNormal\" style=\"margin: 0cm 0cm 0pt;\"><span style=\"font-family: Times New Roman; font-size: small;\">Alliance Boots, \u00fc\u00e7 y\u0131l \u00f6nce \u00f6zel giri\u015fim sermayesi \u015firketi KKR\u2019a 11.1 milyar sterline devredilmi\u015fti.<\/span><\/p>\n","protected":false},"excerpt":{"rendered":"<p>\u0130ngiliz Alliance Boots, ila\u00e7 toptanc\u0131s\u0131 Hedef Alliance\u2019taki pay\u0131n\u0131 y\u00fczde 60\u2019a \u00e7\u0131kard\u0131. Boots\u2019un ila\u00e7 satan bir zincir oldu\u011funa dikkat \u00e7eken eczac\u0131lar,&#46;&#46;&#46;<\/p>\n","protected":false},"author":1,"featured_media":0,"comment_status":"closed","ping_status":"closed","sticky":false,"template":"","format":"standard","meta":{"_jetpack_memberships_contains_paid_content":false,"footnotes":""},"categories":[1],"tags":[],"class_list":["post-3727","post","type-post","status-publish","format-standard","hentry","category-ced"],"aioseo_notices":[],"jetpack_featured_media_url":"","jetpack_sharing_enabled":true,"jetpack-related-posts":[],"_links":{"self":[{"href":"http:\/\/www.ced.org.tr\/index.php?rest_route=\/wp\/v2\/posts\/3727","targetHints":{"allow":["GET"]}}],"collection":[{"href":"http:\/\/www.ced.org.tr\/index.php?rest_route=\/wp\/v2\/posts"}],"about":[{"href":"http:\/\/www.ced.org.tr\/index.php?rest_route=\/wp\/v2\/types\/post"}],"author":[{"embeddable":true,"href":"http:\/\/www.ced.org.tr\/index.php?rest_route=\/wp\/v2\/users\/1"}],"replies":[{"embeddable":true,"href":"http:\/\/www.ced.org.tr\/index.php?rest_route=%2Fwp%2Fv2%2Fcomments&post=3727"}],"version-history":[{"count":0,"href":"http:\/\/www.ced.org.tr\/index.php?rest_route=\/wp\/v2\/posts\/3727\/revisions"}],"wp:attachment":[{"href":"http:\/\/www.ced.org.tr\/index.php?rest_route=%2Fwp%2Fv2%2Fmedia&parent=3727"}],"wp:term":[{"taxonomy":"category","embeddable":true,"href":"http:\/\/www.ced.org.tr\/index.php?rest_route=%2Fwp%2Fv2%2Fcategories&post=3727"},{"taxonomy":"post_tag","embeddable":true,"href":"http:\/\/www.ced.org.tr\/index.php?rest_route=%2Fwp%2Fv2%2Ftags&post=3727"}],"curies":[{"name":"wp","href":"https:\/\/api.w.org\/{rel}","templated":true}]}}