{"id":3729,"date":"2010-07-29T09:55:59","date_gmt":"2010-07-29T06:55:59","guid":{"rendered":"http:\/\/www.ced.org.tr\/?p=3729"},"modified":"2010-07-29T09:55:59","modified_gmt":"2010-07-29T06:55:59","slug":"its-tasinma-sirasinda-kapatilmayacak","status":"publish","type":"post","link":"http:\/\/www.ced.org.tr\/?p=3729","title":{"rendered":"\u0130TS Ta\u015f\u0131nma S\u0131ras\u0131nda Kapat\u0131lmayacak"},"content":{"rendered":"<div id=\"4\">\n<p>\u0130la\u00e7 ve Eczac\u0131l\u0131k Genel M\u00fcd\u00fcrl\u00fc\u011f\u00fc&#8217;n\u00fcn web sitesinden 28.07.2010 tarihinde yap\u0131lan duyuru ile Genel M\u00fcd\u00fcrl\u00fc\u011f\u00fcn ta\u015f\u0131nacak olmas\u0131 sebebiyle bug\u00fcnden itibaren (29.07.2010) sunucular\u0131n kapat\u0131laca\u011f\u0131 duyurulmu\u015ftu. Ancak Genel M\u00fcd\u00fcrl\u00fck s\u00f6z konusu duyurusunu d\u00fcn gece ge\u00e7 saatlerde g\u00fcncelleyerek \u0130TS&#8217;nin kapat\u0131lmayaca\u011f\u0131n\u0131 belirtti.\u00a0<\/p>\n<p>T\u00fcm meslekta\u015flar\u0131m\u0131za \u00f6nemle duyurulur.\u00a0<\/p>\n<p>\u0130la\u00e7 Eczac\u0131l\u0131k Genel M\u00fcd\u00fcrl\u00fc\u011f\u00fc&#8217;n\u00fcn g\u00fcncellenen duyurusu:<\/p>\n<p><strong>M\u00dcD\u00dcRL\u00dc\u011e\u00dcM\u00dcZ\u00dcN TA\u015eINMASI HAKKINDA DUYURU<\/strong>\u00a0<\/p>\n<p>Genel M\u00fcd\u00fcrl\u00fc\u011f\u00fcm\u00fczle i\u015ftigal eden t\u00fcm ger\u00e7ek ve t\u00fczel ki\u015filerin dikkatine.\u00a0<\/p>\n<p>Genel M\u00fcd\u00fcrl\u00fc\u011f\u00fcm\u00fcz\u00fcn ta\u015f\u0131nacak olmas\u0131 sebebiyle 29 Temmuz 2010 tarihi itibari ile sunucular kapat\u0131lacakt\u0131r. Bu tarihten sonra sistemlerimiz \u00e7al\u0131\u015fmayaca\u011f\u0131ndan elektronik bilgi giri\u015fi ve ba\u015fvuru yap\u0131lamayacakt\u0131r. Ta\u015f\u0131nma sonras\u0131nda yeniden duyuru yap\u0131lacakt\u0131r.\u00a0<\/p>\n<p><strong>ITS Kapat\u0131lmayacakt\u0131r.<\/strong>\u00a0<\/p>\n<p>Yeni Adres: <strong>S\u00f6\u011f\u00fct\u00f6z\u00fc Mah. 2176 Sok No:5 \u00c7ankaya\/ANK<\/strong>ARA<\/p>\n<\/div>\n","protected":false},"excerpt":{"rendered":"<p>\u0130la\u00e7 ve Eczac\u0131l\u0131k Genel M\u00fcd\u00fcrl\u00fc\u011f\u00fc&#8217;n\u00fcn web sitesinden 28.07.2010 tarihinde yap\u0131lan duyuru ile Genel M\u00fcd\u00fcrl\u00fc\u011f\u00fcn ta\u015f\u0131nacak olmas\u0131 sebebiyle bug\u00fcnden itibaren (29.07.2010)&#46;&#46;&#46;<\/p>\n","protected":false},"author":1,"featured_media":0,"comment_status":"closed","ping_status":"closed","sticky":false,"template":"","format":"standard","meta":{"_jetpack_memberships_contains_paid_content":false,"footnotes":""},"categories":[1],"tags":[],"class_list":["post-3729","post","type-post","status-publish","format-standard","hentry","category-ced"],"aioseo_notices":[],"jetpack_featured_media_url":"","jetpack_sharing_enabled":true,"jetpack-related-posts":[],"_links":{"self":[{"href":"http:\/\/www.ced.org.tr\/index.php?rest_route=\/wp\/v2\/posts\/3729","targetHints":{"allow":["GET"]}}],"collection":[{"href":"http:\/\/www.ced.org.tr\/index.php?rest_route=\/wp\/v2\/posts"}],"about":[{"href":"http:\/\/www.ced.org.tr\/index.php?rest_route=\/wp\/v2\/types\/post"}],"author":[{"embeddable":true,"href":"http:\/\/www.ced.org.tr\/index.php?rest_route=\/wp\/v2\/users\/1"}],"replies":[{"embeddable":true,"href":"http:\/\/www.ced.org.tr\/index.php?rest_route=%2Fwp%2Fv2%2Fcomments&post=3729"}],"version-history":[{"count":0,"href":"http:\/\/www.ced.org.tr\/index.php?rest_route=\/wp\/v2\/posts\/3729\/revisions"}],"wp:attachment":[{"href":"http:\/\/www.ced.org.tr\/index.php?rest_route=%2Fwp%2Fv2%2Fmedia&parent=3729"}],"wp:term":[{"taxonomy":"category","embeddable":true,"href":"http:\/\/www.ced.org.tr\/index.php?rest_route=%2Fwp%2Fv2%2Fcategories&post=3729"},{"taxonomy":"post_tag","embeddable":true,"href":"http:\/\/www.ced.org.tr\/index.php?rest_route=%2Fwp%2Fv2%2Ftags&post=3729"}],"curies":[{"name":"wp","href":"https:\/\/api.w.org\/{rel}","templated":true}]}}