{"id":3731,"date":"2010-08-27T18:03:01","date_gmt":"2010-08-27T15:03:01","guid":{"rendered":"http:\/\/www.ced.org.tr\/?p=3731"},"modified":"2010-08-27T18:03:01","modified_gmt":"2010-08-27T15:03:01","slug":"1-eylul-baris-gunu","status":"publish","type":"post","link":"http:\/\/www.ced.org.tr\/?p=3731","title":{"rendered":"1 EYL\u00dcL BARI\u015e G\u00dcN\u00dc"},"content":{"rendered":"<p>1 Eyl\u00fcl&#8217;de Galatasaray&#8217;dan Taksim&#8217;e Bar\u0131\u015f Zinciri 20 &#8216;den fazla \u00f6rg\u00fct, Bar\u0131\u015f G\u00fcn\u00fc&#8217;nde \u0130stiklal Caddesi&#8217;nde &#8220;operasyonlar\u0131n durmas\u0131&#8221; i\u00e7in bar\u0131\u015f \u00e7a\u011fr\u0131s\u0131 yapacak ve bar\u0131\u015f zinciri olu\u015fturacak; &#8220;Bar\u0131\u015f halklar\u0131n, kad\u0131nlar\u0131n ve \u00e7ocuklar\u0131n gelece\u011fine dair bir umut sunsun&#8221; diyecek.<\/p>\n<p>1 Eyl\u00fcl Bar\u0131\u015f G\u00fcn\u00fc&#8217;nde, say\u0131s\u0131 20&#8217;yi a\u015fk\u0131n siyasi parti ve \u00f6rg\u00fct, &#8220;Operasyonlar durdurulsun, bar\u0131\u015f olsun&#8221; diyerek \u0130stiklal Caddesi&#8217;nde bar\u0131\u015f zinciri olu\u015fturacak.<\/p>\n<p>Saat 19:00&#8217;da Galatasaray&#8217;dan Taksim meydan\u0131na kadar olu\u015fturulacak olan zincir i\u00e7in \u00e7a\u011fr\u0131 yapan \u00f6rg\u00fctler &#8220;Gelin, 1 Eyl\u00fcl&#8217;de g\u00fc\u00e7lerimizi ve sesimizi birle\u015ftirip sokaklara \u00e7\u0131kal\u0131m. &#8216;Operasyonlar durdurulsun bar\u0131\u015f olsun&#8217; diye hayk\u0131ral\u0131m. Sessimiz ve dayan\u0131\u015fmam\u0131z, sava\u015f\u0131n ac\u0131lar\u0131yla yananlara umut olsun. Bar\u0131\u015f halklar\u0131n, kad\u0131nlar\u0131n ve \u00e7ocuklar\u0131n gelece\u011fine dair bir umut sunsun&#8221; diyor.<\/p>\n<p>&#8220;T\u00fcrkiye&#8217;de kal\u0131c\u0131 bar\u0131\u015f\u0131n olmas\u0131 gerekti\u011fine&#8221; ve &#8220;d\u00fcnyada emperyal i\u015fgallerin yaratt\u0131\u011f\u0131 sava\u015flar\u0131n s\u00fcrd\u00fc\u011f\u00fcne&#8221; dikkat \u00e7eken sava\u015f kar\u015f\u0131tlar\u0131, &#8220;Her y\u0131l oldu\u011fu gibi, biz insan haklar\u0131 savunucular\u0131, sava\u015f kar\u015f\u0131tlar\u0131 ve bar\u0131\u015fseverler olarak bir kez daha sava\u015f\u0131n yaratt\u0131\u011f\u0131 ac\u0131lar\u0131 te\u015fhir edip bar\u0131\u015fa \u00e7a\u011fr\u0131 yapaca\u011f\u0131z.&#8221; diyor.<\/p>\n<p><strong>\u00c7a\u011fr\u0131y\u0131 yapan \u00f6rg\u00fctler \u015f\u00f6yle:<\/strong><\/p>\n<p>78&#8217;liler Giri\u015fimi, Adal\u0131 K\u00fclt\u00fcr Merkezi, Bar\u0131\u015f Anneleri \u0130nisiyatifi, Bar\u0131\u015f i\u00e7in Sanat Giri\u015fimi, Bar\u0131\u015f \u0130\u00e7in Vicdani Ret Giri\u015fimi, Bar\u0131\u015f ve Demokrasi Partisi, Demokrasi ve \u00d6zg\u00fcrl\u00fck Hareketi, Demokratik Birlik Hareketi, Devrimci Sosyalist \u0130\u015f\u00e7i Partisi, E\u015fitlik ve Demokrasi Partisi, Emek\u00e7i Hareket Partisi, Ezilenlerin Sosyalist Partisi, Gen\u00e7 Siviller, Irk\u00e7\u0131l\u0131\u011fa ve Milliyet\u00e7ili\u011fe Dur-De Giri\u015fimi, \u0130nsan Haklar\u0131 Derne\u011fi, K\u00fcresel Bar\u0131\u015f ve Adalet Koalisyonu, Lambda \u0130stanbul, Mezopotamya K\u00fclt\u00fcr Merkezi, Sosyalist Demokrasi Partisi, Toplumsal \u00d6zg\u00fcrl\u00fck Platformu, T\u00fcrkiye Bar\u0131\u015f Meclisi, Ye\u015filler Partisi.\u00a0<br \/>\u00a0\u00a0\u00a0\u00a0\u00a0\u00a0\u00a0\u00a0\u00a0\u00a0\u00a0\u00a0\u00a0\u00a0\u00a0\u00a0\u00a0\u00a0\u00a0\u00a0\u00a0\u00a0\u00a0\u00a0\u00a0\u00a0\u00a0<\/p>\n","protected":false},"excerpt":{"rendered":"<p>1 Eyl\u00fcl&#8217;de Galatasaray&#8217;dan Taksim&#8217;e Bar\u0131\u015f Zinciri 20 &#8216;den fazla \u00f6rg\u00fct, Bar\u0131\u015f G\u00fcn\u00fc&#8217;nde \u0130stiklal Caddesi&#8217;nde &#8220;operasyonlar\u0131n durmas\u0131&#8221; i\u00e7in bar\u0131\u015f \u00e7a\u011fr\u0131s\u0131 yapacak&#46;&#46;&#46;<\/p>\n","protected":false},"author":1,"featured_media":0,"comment_status":"closed","ping_status":"closed","sticky":false,"template":"","format":"standard","meta":{"_jetpack_memberships_contains_paid_content":false,"footnotes":""},"categories":[1],"tags":[],"class_list":["post-3731","post","type-post","status-publish","format-standard","hentry","category-ced"],"aioseo_notices":[],"jetpack_featured_media_url":"","jetpack_sharing_enabled":true,"jetpack-related-posts":[],"_links":{"self":[{"href":"http:\/\/www.ced.org.tr\/index.php?rest_route=\/wp\/v2\/posts\/3731","targetHints":{"allow":["GET"]}}],"collection":[{"href":"http:\/\/www.ced.org.tr\/index.php?rest_route=\/wp\/v2\/posts"}],"about":[{"href":"http:\/\/www.ced.org.tr\/index.php?rest_route=\/wp\/v2\/types\/post"}],"author":[{"embeddable":true,"href":"http:\/\/www.ced.org.tr\/index.php?rest_route=\/wp\/v2\/users\/1"}],"replies":[{"embeddable":true,"href":"http:\/\/www.ced.org.tr\/index.php?rest_route=%2Fwp%2Fv2%2Fcomments&post=3731"}],"version-history":[{"count":0,"href":"http:\/\/www.ced.org.tr\/index.php?rest_route=\/wp\/v2\/posts\/3731\/revisions"}],"wp:attachment":[{"href":"http:\/\/www.ced.org.tr\/index.php?rest_route=%2Fwp%2Fv2%2Fmedia&parent=3731"}],"wp:term":[{"taxonomy":"category","embeddable":true,"href":"http:\/\/www.ced.org.tr\/index.php?rest_route=%2Fwp%2Fv2%2Fcategories&post=3731"},{"taxonomy":"post_tag","embeddable":true,"href":"http:\/\/www.ced.org.tr\/index.php?rest_route=%2Fwp%2Fv2%2Ftags&post=3731"}],"curies":[{"name":"wp","href":"https:\/\/api.w.org\/{rel}","templated":true}]}}