{"id":3734,"date":"2010-09-20T07:13:38","date_gmt":"2010-09-20T04:13:38","guid":{"rendered":"http:\/\/www.ced.org.tr\/?p=3734"},"modified":"2010-09-20T07:13:38","modified_gmt":"2010-09-20T04:13:38","slug":"ergenekon-caddesinin-adinin-hrant-dink-olmasi-icin-imza-toplaniyor","status":"publish","type":"post","link":"http:\/\/www.ced.org.tr\/?p=3734","title":{"rendered":"Ergenekon Caddesi&#8217;nin Ad\u0131n\u0131n Hrant Dink Olmas\u0131 \u0130\u00e7in \u0130mza Toplan\u0131yor"},"content":{"rendered":"<p class=\"MsoNormal\" style=\"text-align: center; margin: 0cm 0cm 0pt;\"><span style=\"font-family: Times New Roman; font-size: small;\"><img decoding=\"async\" src=\"images\/stories\/dernek\/hrantdinkcaddesi.jpg\" border=\"0\" alt=\"hrant dink caddesi\" style=\"border: 0;\" \/><\/span><\/p>\n<p class=\"MsoNormal\" style=\"margin: 0cm 0cm 0pt;\"><span style=\"font-family: Times New Roman; font-size: small;\">\u00a0<\/span><\/p>\n<p class=\"MsoNormal\" style=\"margin: 0cm 0cm 0pt;\"><span style=\"font-family: Times New Roman; font-size: small;\">Dernek merkezimizin de bulundu\u011fu caddenin ad\u0131n\u0131n Hrant Dink caddesi olmas\u0131 i\u00e7in ba\u015flat\u0131lan\u00a0kampanya devam ediyor.<\/span><\/p>\n<p class=\"MsoNormal\" style=\"margin: 0cm 0cm 0pt;\"><span style=\"font-family: Times New Roman; font-size: small;\">\u00a0<\/span><\/p>\n<p class=\"MsoNormal\" style=\"margin: 0cm 0cm 0pt;\"><span style=\"font-family: Times New Roman; font-size: small;\">\u0130nternet \u00fczerinden \u015eubat ay\u0131nda ba\u015flat\u0131lan kampanyaya kat\u0131lan ve aralar\u0131nda gazeteci, akademisyen, millletvekili, sanat\u00e7\u0131 ve aktivistlerin de bulundu\u011fu ki\u015filer Ergenekon Caddesi&#8217;nin ad\u0131n\u0131n Hrant Dink olarak de\u011fi\u015ftirilmesini istiyor.<br \/>\u00a0<br \/>T\u00fcrkiyeli Ermeni gazeteci <strong style=\"mso-bidi-font-weight: normal;\">Hrant Dink&#8217;in<\/strong> ad\u0131n\u0131n \u00f6ld\u00fcr\u00fcld\u00fc\u011f\u00fc Halaskargazi Caddesi ile ba\u011flanan Ergenekon Caddesi&#8217;ne verilmesini isteyenler konuyla ilgili \u0130nternet \u00fczerinden imza kampanyas\u0131 ba\u015flatt\u0131.<br \/>\u00a0<br \/>\u00c7a\u011fr\u0131 metninde &#8220;Her dinden, dilden ve \u0131rktan insan\u0131n bir arada ya\u015fad\u0131\u011f\u0131 bu g\u00fczel memlekete, caddelerimize, sokaklar\u0131m\u0131za, kap\u0131m\u0131z\u0131n \u00f6n\u00fcne, evimizin i\u00e7ine ve bebeklerin ruhuna ili\u015ftirilen, \u015f\u0131r\u0131nga edilen milliyet\u00e7ili\u011fi bir ad\u0131m daha \u00f6telemek i\u00e7in i\u015fe bir yerden ba\u015flamak laz\u0131m!&#8221; dendi.\u00a0<br \/>\u00a0<br \/><span style=\"color: red;\">Kampanyaya kat\u0131lmak isteyenler <\/span><span style=\"color: blue;\"><a href=\"http:\/\/hrantdinkcaddesi.org\/\" target=\"_blank\" title=\"http:\/\/hrantdinkcaddesi.org\/\">www.hrantdinkcaddesi.org<\/a><\/span><span style=\"color: red;\"> adresini kullanabilirler.<\/span><\/span><\/p>\n<p class=\"MsoNormal\" style=\"margin: 0cm 0cm 0pt;\"><span style=\"font-family: Times New Roman; font-size: small;\"><span style=\"color: red;\">\u00a0<\/span> <\/p>\n<p><span style=\"font-family: Times New Roman; font-size: small;\"><\/p>\n<p class=\"MsoNormal\" style=\"margin: 0cm 0cm 0pt;\">\u00a0<\/p>\n<p><\/span><\/span><\/p>\n<p class=\"MsoNormal\" style=\"margin: 0cm 0cm 0pt;\">\u00a0<\/p>\n<p class=\"MsoNormal\" style=\"margin: 0cm 0cm 0pt;\"><strong style=\"mso-bidi-font-weight: normal;\"><span style=\"font-size: small;\"><span style=\"font-family: Times New Roman;\">&#8220;Hrant Dink Caddesi&#8221; AKP engeline tak\u0131ld\u0131<\/span><\/span><\/strong><\/p>\n<p class=\"MsoNormal\" style=\"margin: 0cm 0cm 0pt;\"><span style=\"font-family: Times New Roman; font-size: small;\">\u00a0<\/span><\/p>\n<p class=\"MsoNormal\" style=\"margin: 0cm 0cm 0pt;\"><span style=\"font-family: Times New Roman; font-size: small;\">Bar\u0131\u015f \u0130\u00e7in Sanat Giri\u015fimi, \u00fcyeleri\u00a0bu y\u0131l Dink&#8217;in \u00f6ld\u00fcr\u00fcld\u00fc\u011f\u00fc 19 Ocak&#8217;ta Agos Gazetesi&#8217;nin \u00f6n\u00fcndeki anman\u0131n ard\u0131ndan Ergenekon Caddesi&#8217;ne gelerek caddenin ad\u0131n\u0131 <strong style=\"mso-bidi-font-weight: normal;\">Hrant Dink<\/strong> olarak de\u011fi\u015ftirmi\u015fler, &#8220;Y\u00fckselt! Y\u00fckselt! Bar\u0131\u015f\u0131n Sesini Y\u00fckselt!&#8221; sloganlar\u0131yla eylem yapm\u0131\u015flard\u0131.<br \/>Giri\u015fim ayr\u0131ca 19 Ocak&#8217;tan bir hafta \u00f6nce caddenin isminin de\u011fi\u015ftirilmesi i\u00e7in \u015ei\u015fli Belediye Ba\u015fkan\u0131 <strong style=\"mso-bidi-font-weight: normal;\">Mustafa Sar\u0131g\u00fcl&#8217;le <\/strong>g\u00f6r\u00fc\u015fmek istemi\u015f, Sar\u0131g\u00fcl yo\u011funlu\u011fu nedeniyle bu talebi ileri bir tarihe ertelemi\u015fti.<\/span><\/p>\n<p class=\"MsoNormal\" style=\"margin: 0cm 0cm 0pt;\"><span style=\"font-family: Times New Roman; font-size: small;\">\u0130stanbul B\u00fcy\u00fck\u015fehir Belediyesi meclisi,\u00a0T\u00fcrkiyeli Ermeni gazeteci Hrant Dink&#8217;in ad\u0131n\u0131n, \u015ei\u015fli&#8217;deki Ergenekon Caddesi&#8217;ne verilmesiyle ilgili g\u00fcndem \u00f6nerisini\u00a0112 Cumhuriyet Halk Partili <strong style=\"mso-bidi-font-weight: normal;\">(CHP)<\/strong> belediye meclis \u00fcyesinin evet oyuna kar\u015f\u0131l\u0131k AKP&#8217;lilerin hay\u0131r oylar\u0131n\u0131n \u00e7o\u011funluk olu\u015fturmas\u0131 nedeniyle\u00a08 \u015eubat tarihli oturumda reddetmi\u015fti.<\/span><\/p>\n","protected":false},"excerpt":{"rendered":"<p>\u00a0 Dernek merkezimizin de bulundu\u011fu caddenin ad\u0131n\u0131n Hrant Dink caddesi olmas\u0131 i\u00e7in ba\u015flat\u0131lan\u00a0kampanya devam ediyor. \u00a0 \u0130nternet \u00fczerinden \u015eubat ay\u0131nda&#46;&#46;&#46;<\/p>\n","protected":false},"author":1,"featured_media":0,"comment_status":"closed","ping_status":"closed","sticky":false,"template":"","format":"standard","meta":{"_jetpack_memberships_contains_paid_content":false,"footnotes":""},"categories":[1],"tags":[],"class_list":["post-3734","post","type-post","status-publish","format-standard","hentry","category-ced"],"aioseo_notices":[],"jetpack_featured_media_url":"","jetpack_sharing_enabled":true,"jetpack-related-posts":[],"_links":{"self":[{"href":"http:\/\/www.ced.org.tr\/index.php?rest_route=\/wp\/v2\/posts\/3734","targetHints":{"allow":["GET"]}}],"collection":[{"href":"http:\/\/www.ced.org.tr\/index.php?rest_route=\/wp\/v2\/posts"}],"about":[{"href":"http:\/\/www.ced.org.tr\/index.php?rest_route=\/wp\/v2\/types\/post"}],"author":[{"embeddable":true,"href":"http:\/\/www.ced.org.tr\/index.php?rest_route=\/wp\/v2\/users\/1"}],"replies":[{"embeddable":true,"href":"http:\/\/www.ced.org.tr\/index.php?rest_route=%2Fwp%2Fv2%2Fcomments&post=3734"}],"version-history":[{"count":0,"href":"http:\/\/www.ced.org.tr\/index.php?rest_route=\/wp\/v2\/posts\/3734\/revisions"}],"wp:attachment":[{"href":"http:\/\/www.ced.org.tr\/index.php?rest_route=%2Fwp%2Fv2%2Fmedia&parent=3734"}],"wp:term":[{"taxonomy":"category","embeddable":true,"href":"http:\/\/www.ced.org.tr\/index.php?rest_route=%2Fwp%2Fv2%2Fcategories&post=3734"},{"taxonomy":"post_tag","embeddable":true,"href":"http:\/\/www.ced.org.tr\/index.php?rest_route=%2Fwp%2Fv2%2Ftags&post=3734"}],"curies":[{"name":"wp","href":"https:\/\/api.w.org\/{rel}","templated":true}]}}