{"id":3740,"date":"2010-11-04T09:05:01","date_gmt":"2010-11-04T07:05:01","guid":{"rendered":"http:\/\/www.ced.org.tr\/?p=3740"},"modified":"2010-11-04T09:05:01","modified_gmt":"2010-11-04T07:05:01","slug":"istanbulda-aile-hekimligi-basladi","status":"publish","type":"post","link":"http:\/\/www.ced.org.tr\/?p=3740","title":{"rendered":"\u0130STANBUL&#8217;DA A\u0130LE HEK\u0130ML\u0130\u011e\u0130 BA\u015eLADI"},"content":{"rendered":"<p class=\"MsoNormal\" style=\"margin: 0cm 0cm 0pt;\"><span style=\"font-family: Times New Roman; font-size: small;\">Bilindi\u011fi gibi 1 Kas\u0131m tarihinde aile hekimli\u011fi uygulamas\u0131\u00a0\u0130stanbul&#8217;da\u00a0da ba\u015flad\u0131.Uygulaman\u0131n ba\u015flamas\u0131yla\u00a0hem Medula sisteminde hem de uygulaman\u0131n kendisinde<br \/>tam bir kaos ya\u015fanmakta. Hastalar ve hekimler ne yapacaklar\u0131n\u0131 tam olarak bilmemekteler. Hastalar al\u0131\u015fk\u0131n olduklar\u0131 sa\u011fl\u0131k birimlerinde tedavi olamamakta, onlara <br \/>kendi aile hekimlerine gitmeleri s\u00f6ylenmekte oysa bir\u00e7ok ki\u015fi hen\u00fcz aile hekimlerini bilmemekte, Aile Sa\u011fl\u0131k Merkezlerinin ve aile hekimlerinin yerlerini bulamamakta.<br \/>Hekimler ald\u0131klar\u0131 k\u0131sa s\u00fcreli uyum kurslar\u0131na ra\u011fmen 3 ayl\u0131k ge\u00e7i\u015f s\u00fcresinde herkesi muayene etmeleri gerekti\u011fini, sa\u011fl\u0131k ocaklar\u0131n\u0131n fiilen g\u00f6revlerini s\u00fcrd\u00fcrmek <br \/>zorunda olduklar\u0131n\u0131, bu s\u00fcre i\u00e7inde hastalar\u0131n aile hekimlerini kendi iradeleriyle de se\u00e7ebileceklerini bilmemekteler.<br \/>\u00a0<br \/>Bu arada bir\u00e7ok hekim g\u00f6revlerine ba\u015flayacaklar\u0131 yerlerde yetersiz bir altyap\u0131yla kar\u015f\u0131la\u015fmakta hasta bilgilerine \u00e7al\u0131\u015fmayan Medula sistemi nedeniyle ula\u015famamaktad\u0131rlar.<br \/>\u00c7al\u0131\u015fmayan Medula sistemi nedeniyle hastalara ait raporlar hastanelerden ve aile hekimliklerinden \u00e7\u0131kar\u0131lamamakta ya da eksik ve yanl\u0131\u015f \u00e7\u0131kar\u0131lmaktad\u0131r.<br \/>\u00a0<br \/>T\u00fcrk Tabipleri Birli\u011f,i 2007 y\u0131l\u0131nda aile hekimli\u011fi pilot uygulamas\u0131n\u0131n ba\u015flamas\u0131ndan sonra aile hekimli\u011finin T\u00fcrkiye i\u00e7in uygun bir model olup olmad\u0131\u011f\u0131n\u0131<br \/>son derece kapsaml\u0131 bir ara\u015ft\u0131rma konusu yapm\u0131\u015ft\u0131r.<br \/>\u00a0<br \/>Aile hekimli\u011finin de\u011ferlendirilmesinde \u00f6nemli bir ara\u015ft\u0131rma oldu\u011funa inand\u0131\u011f\u0131m\u0131z rapor i\u00e7in a\u015fa\u011f\u0131da ki ba\u011flant\u0131da dikkatinize sunulmu\u015ftur.\u00a0<br \/>\u00a0\u00a0\u00a0\u00a0\u00a0 <br \/>T\u00fcrk Tabipleri Birli\u011fi&#8217;nin (TTB) 2007 tarihli &#8220;Aile Hekimli\u011fi \u00dclkemiz \u0130\u00e7in Uygun Bir Model midir?&#8221; ba\u015fl\u0131kl\u0131 raporu i\u00e7in <a href=\"http:\/\/www.ttb.org.tr\/kutuphane\/kentlerde_saglik_hizmetleri2.pdf\" target=\"_blank\" title=\"aile hekimli\u011fi\">t\u0131klay\u0131n\u0131z<\/a>.<\/span><\/p>\n","protected":false},"excerpt":{"rendered":"<p>Bilindi\u011fi gibi 1 Kas\u0131m tarihinde aile hekimli\u011fi uygulamas\u0131\u00a0\u0130stanbul&#8217;da\u00a0da ba\u015flad\u0131.Uygulaman\u0131n ba\u015flamas\u0131yla\u00a0hem Medula sisteminde hem de uygulaman\u0131n kendisindetam bir kaos ya\u015fanmakta. Hastalar&#46;&#46;&#46;<\/p>\n","protected":false},"author":1,"featured_media":0,"comment_status":"closed","ping_status":"closed","sticky":false,"template":"","format":"standard","meta":{"_jetpack_memberships_contains_paid_content":false,"footnotes":""},"categories":[1],"tags":[],"class_list":["post-3740","post","type-post","status-publish","format-standard","hentry","category-ced"],"aioseo_notices":[],"jetpack_featured_media_url":"","jetpack_sharing_enabled":true,"jetpack-related-posts":[],"_links":{"self":[{"href":"http:\/\/www.ced.org.tr\/index.php?rest_route=\/wp\/v2\/posts\/3740","targetHints":{"allow":["GET"]}}],"collection":[{"href":"http:\/\/www.ced.org.tr\/index.php?rest_route=\/wp\/v2\/posts"}],"about":[{"href":"http:\/\/www.ced.org.tr\/index.php?rest_route=\/wp\/v2\/types\/post"}],"author":[{"embeddable":true,"href":"http:\/\/www.ced.org.tr\/index.php?rest_route=\/wp\/v2\/users\/1"}],"replies":[{"embeddable":true,"href":"http:\/\/www.ced.org.tr\/index.php?rest_route=%2Fwp%2Fv2%2Fcomments&post=3740"}],"version-history":[{"count":0,"href":"http:\/\/www.ced.org.tr\/index.php?rest_route=\/wp\/v2\/posts\/3740\/revisions"}],"wp:attachment":[{"href":"http:\/\/www.ced.org.tr\/index.php?rest_route=%2Fwp%2Fv2%2Fmedia&parent=3740"}],"wp:term":[{"taxonomy":"category","embeddable":true,"href":"http:\/\/www.ced.org.tr\/index.php?rest_route=%2Fwp%2Fv2%2Fcategories&post=3740"},{"taxonomy":"post_tag","embeddable":true,"href":"http:\/\/www.ced.org.tr\/index.php?rest_route=%2Fwp%2Fv2%2Ftags&post=3740"}],"curies":[{"name":"wp","href":"https:\/\/api.w.org\/{rel}","templated":true}]}}