{"id":3762,"date":"2012-05-22T18:39:10","date_gmt":"2012-05-22T15:39:10","guid":{"rendered":"http:\/\/www.ced.org.tr\/?p=3762"},"modified":"2012-05-22T18:39:10","modified_gmt":"2012-05-22T15:39:10","slug":"cagdas-eczacilar-dernegi-olagan-genel-kurulu","status":"publish","type":"post","link":"http:\/\/www.ced.org.tr\/?p=3762","title":{"rendered":"\u00c7a\u011fda\u015f Eczac\u0131lar Derne\u011fi Ola\u011fan Genel Kurulu"},"content":{"rendered":"<p>\u00a0<\/p>\n<p>Ola\u011fan Genel Kurulun, 26 May\u0131s 2012 Cumartesi g\u00fcn\u00fc saat 14.00\u2019te a\u015fa\u011f\u0131da belirtilen g\u00fcndemle Ergenekon Cad. P\u0131nar Apt. No: 65 Pangalt\u0131-\u015ei\u015fli\/\u0130stanbul adresinde toplanmas\u0131na, belirtilen tarihte \u00e7o\u011funluk sa\u011flanamad\u0131\u011f\u0131 takdirde 2. toplant\u0131n\u0131n 9 Haziran 2012 Cumartesi g\u00fcn\u00fc saat 12.00\u2019de ayn\u0131 adreste yap\u0131lmas\u0131na karar verilmi\u015ftir.<\/p>\n<p style=\"text-align: center;\"><strong>Y\u00f6netim Kurulu<\/strong><\/p>\n<p>\u00a0<\/p>\n<p>\u00a0<\/p>\n<p>\u00a0<\/p>\n<p><strong>G\u00fcndem<\/strong><\/p>\n<p>1. \u00a0 A\u00e7\u0131l\u0131\u015f ve yoklama<\/p>\n<p>2. \u00a0 Kongre ba\u015fkanl\u0131k divan\u0131n\u0131n se\u00e7imi<\/p>\n<p>3. \u00a0 Sayg\u0131 duru\u015fu<\/p>\n<p>4. \u00a0 Y\u00f6netim kurulu \u00e7al\u0131\u015fma raporunun sunulmas\u0131<\/p>\n<p>5. \u00a0 Denetleme kurulu raporunun sunulmas\u0131<\/p>\n<p>6. \u00a0 Raporlar \u00fczerine g\u00f6r\u00fc\u015fmeler<\/p>\n<p>7. \u00a0 Y\u00f6netim ve denetleme kurullar\u0131n\u0131n ayr\u0131 ayr\u0131 ibras\u0131<\/p>\n<p>8. \u00a0 Tahmini b\u00fct\u00e7enin g\u00f6r\u00fc\u015f\u00fclerek onaylanmas\u0131<\/p>\n<p>9. \u00a0 Yeni y\u00f6netim ve denetleme kurullar\u0131n\u0131n se\u00e7imi<\/p>\n<p>10. \u00a0Dilek ve \u00f6neriler<\/p>\n<p>11. \u00a0Kapan\u0131\u015f<\/p>\n<p>\u00a0<\/p>\n","protected":false},"excerpt":{"rendered":"<p>\u00a0 Ola\u011fan Genel Kurulun, 26 May\u0131s 2012 Cumartesi g\u00fcn\u00fc saat 14.00\u2019te a\u015fa\u011f\u0131da belirtilen g\u00fcndemle Ergenekon Cad. P\u0131nar Apt. No: 65&#46;&#46;&#46;<\/p>\n","protected":false},"author":1,"featured_media":0,"comment_status":"closed","ping_status":"closed","sticky":false,"template":"","format":"standard","meta":{"_jetpack_memberships_contains_paid_content":false,"footnotes":""},"categories":[1],"tags":[],"class_list":["post-3762","post","type-post","status-publish","format-standard","hentry","category-ced"],"aioseo_notices":[],"jetpack_featured_media_url":"","jetpack_sharing_enabled":true,"jetpack-related-posts":[],"_links":{"self":[{"href":"http:\/\/www.ced.org.tr\/index.php?rest_route=\/wp\/v2\/posts\/3762","targetHints":{"allow":["GET"]}}],"collection":[{"href":"http:\/\/www.ced.org.tr\/index.php?rest_route=\/wp\/v2\/posts"}],"about":[{"href":"http:\/\/www.ced.org.tr\/index.php?rest_route=\/wp\/v2\/types\/post"}],"author":[{"embeddable":true,"href":"http:\/\/www.ced.org.tr\/index.php?rest_route=\/wp\/v2\/users\/1"}],"replies":[{"embeddable":true,"href":"http:\/\/www.ced.org.tr\/index.php?rest_route=%2Fwp%2Fv2%2Fcomments&post=3762"}],"version-history":[{"count":0,"href":"http:\/\/www.ced.org.tr\/index.php?rest_route=\/wp\/v2\/posts\/3762\/revisions"}],"wp:attachment":[{"href":"http:\/\/www.ced.org.tr\/index.php?rest_route=%2Fwp%2Fv2%2Fmedia&parent=3762"}],"wp:term":[{"taxonomy":"category","embeddable":true,"href":"http:\/\/www.ced.org.tr\/index.php?rest_route=%2Fwp%2Fv2%2Fcategories&post=3762"},{"taxonomy":"post_tag","embeddable":true,"href":"http:\/\/www.ced.org.tr\/index.php?rest_route=%2Fwp%2Fv2%2Ftags&post=3762"}],"curies":[{"name":"wp","href":"https:\/\/api.w.org\/{rel}","templated":true}]}}