{"id":3763,"date":"2012-06-15T13:56:09","date_gmt":"2012-06-15T10:56:09","guid":{"rendered":"http:\/\/www.ced.org.tr\/?p=3763"},"modified":"2012-06-15T13:56:09","modified_gmt":"2012-06-15T10:56:09","slug":"cagdas-eczacilar-dernegi-olagan-genel-kurulu-gerceklestirildi","status":"publish","type":"post","link":"http:\/\/www.ced.org.tr\/?p=3763","title":{"rendered":"\u00c7a\u011fda\u015f Eczac\u0131lar Derne\u011fi Ola\u011fan Genel Kurulu Ger\u00e7ekle\u015ftirildi"},"content":{"rendered":"<p>\u00a0<\/p>\n<p>\u00c7a\u011fda\u015f Eczac\u0131lar Derne\u011fi Ola\u011fan Genel Kurulu 9 Haziran 2012 Cumartesi g\u00fcn\u00fc Pangalt\u0131&#8217;ndaki dernek merkezimizde ger\u00e7ekle\u015ftirildi. Yap\u0131lan se\u00e7im sonucunda se\u00e7ilen \u00c7ED Merkez Y\u00f6netim Kurulu ve g\u00f6rev da\u011f\u0131l\u0131m\u0131 \u015fu \u015fekilde olmu\u015ftur:<\/p>\n<p>Nurdan DEM\u0130RKAN (Ba\u015fkan)<br \/>\u00d6z\u00fcn BAYAR \u00d6ZKAYA (Genel Sekreter)<br \/>Banu ER\u0130\u015e (Sayman)<br \/>\u0130rfan Nabi ALTUNAY (\u00dcye)<br \/>Orhan C\u0130HAN (\u00dcye)<br \/>Ersin SEV\u0130N\u00c7 (\u00dcye)<br \/>Oktay Y\u00dcKSEL (\u00dcye)<br \/>Taner DO\u011eAN (\u00dcye)<br \/>Selin \u00c7ilem BULDANLIO\u011eLU (\u00dcye)<br \/>Vahe BA\u011eDATO\u011eLU (\u00dcye)<br \/>Fatma Selda KUYUMCU (\u00dcye)<br \/>Nurg\u00fcl AKTAY (\u00dcye)<br \/>F\u00fcsun \u00c7A\u011eLAR (\u00dcye)<\/p>\n<p>\u00a0<\/p>\n","protected":false},"excerpt":{"rendered":"<p>\u00a0 \u00c7a\u011fda\u015f Eczac\u0131lar Derne\u011fi Ola\u011fan Genel Kurulu 9 Haziran 2012 Cumartesi g\u00fcn\u00fc Pangalt\u0131&#8217;ndaki dernek merkezimizde ger\u00e7ekle\u015ftirildi. Yap\u0131lan se\u00e7im sonucunda se\u00e7ilen&#46;&#46;&#46;<\/p>\n","protected":false},"author":1,"featured_media":0,"comment_status":"closed","ping_status":"closed","sticky":false,"template":"","format":"standard","meta":{"_jetpack_memberships_contains_paid_content":false,"footnotes":""},"categories":[1],"tags":[],"class_list":["post-3763","post","type-post","status-publish","format-standard","hentry","category-ced"],"aioseo_notices":[],"jetpack_featured_media_url":"","jetpack_sharing_enabled":true,"jetpack-related-posts":[],"_links":{"self":[{"href":"http:\/\/www.ced.org.tr\/index.php?rest_route=\/wp\/v2\/posts\/3763","targetHints":{"allow":["GET"]}}],"collection":[{"href":"http:\/\/www.ced.org.tr\/index.php?rest_route=\/wp\/v2\/posts"}],"about":[{"href":"http:\/\/www.ced.org.tr\/index.php?rest_route=\/wp\/v2\/types\/post"}],"author":[{"embeddable":true,"href":"http:\/\/www.ced.org.tr\/index.php?rest_route=\/wp\/v2\/users\/1"}],"replies":[{"embeddable":true,"href":"http:\/\/www.ced.org.tr\/index.php?rest_route=%2Fwp%2Fv2%2Fcomments&post=3763"}],"version-history":[{"count":0,"href":"http:\/\/www.ced.org.tr\/index.php?rest_route=\/wp\/v2\/posts\/3763\/revisions"}],"wp:attachment":[{"href":"http:\/\/www.ced.org.tr\/index.php?rest_route=%2Fwp%2Fv2%2Fmedia&parent=3763"}],"wp:term":[{"taxonomy":"category","embeddable":true,"href":"http:\/\/www.ced.org.tr\/index.php?rest_route=%2Fwp%2Fv2%2Fcategories&post=3763"},{"taxonomy":"post_tag","embeddable":true,"href":"http:\/\/www.ced.org.tr\/index.php?rest_route=%2Fwp%2Fv2%2Ftags&post=3763"}],"curies":[{"name":"wp","href":"https:\/\/api.w.org\/{rel}","templated":true}]}}