{"id":3764,"date":"2012-06-22T09:47:05","date_gmt":"2012-06-22T06:47:05","guid":{"rendered":"http:\/\/www.ced.org.tr\/?p=3764"},"modified":"2012-06-22T09:47:05","modified_gmt":"2012-06-22T06:47:05","slug":"istanbul-eczacilar-kooperatifi-ve-tekb-secimleri-sonuclandi","status":"publish","type":"post","link":"http:\/\/www.ced.org.tr\/?p=3764","title":{"rendered":"\u0130stanbul Eczac\u0131lar Kooperatifi ve TEKB Se\u00e7imleri Sonu\u00e7land\u0131"},"content":{"rendered":"<p>\u0130stanbul Eczac\u0131lar Kooperatifi&#8217;nin\u00a016 Haziran 2012 tarihinde ger\u00e7ekle\u015ftirilen Ola\u011fan Genel Kurul Toplant\u0131s\u0131nda yap\u0131lan se\u00e7im sonucunda Y\u00f6netim Kuruluna M. Sait Y\u00fccel, Mekin Do\u011fa Hala\u00e7o\u011flu, Sami Pasl\u0131, Levent \u015eadi Alemdar, \u00d6zg\u00fcr Haras, A. Ru\u015fen D\u00fcndar, Rana \u00c7oruh, Adnan G\u00fcn\u00fc\u015fen, Rafet \u015eahin; Denetleme Kuruluna Yavuz Y\u0131lmaz, Alper G\u00fcrsoy, Turgay Korkmaz; TEKB Delegasyonuna Ali \u00dcnal, Ay\u015feg\u00fcl Y\u0131ld\u0131z, Mustafa Turun\u00e7, Bi\u015far Demirkapu, Sevgi Kavak se\u00e7ilmi\u015flerdir.<\/p>\n<p>T\u00fcm Eczac\u0131 Kooperatifleri Birli\u011fi&#8217;nin (TEKB) 23. Ola\u011fan Genel Toplant\u0131s\u0131 ise 24 Haziran 2012 Pazar g\u00fcn\u00fc ger\u00e7ekle\u015ftirildi. Abdullah \u00d6zyi\u011fit Y\u00f6netim Kurulu ba\u015fkanl\u0131\u011f\u0131na devam  ederken, \u0130stanbul Eczac\u0131lar Kooperatifi delegesi Mustafa Turun\u00e7 da y\u00f6netim kuruluna se\u00e7ilmi\u015ftir.<\/p>\n<p>Kooperatifimizin ve TEKB&#8217;nin yeni y\u00f6netimlerini tebrik eder, meslekta\u015flar\u0131m\u0131za \u00e7al\u0131\u015fmalar\u0131nda ba\u015far\u0131lar dileriz.<\/p>\n<p>\u00a0<\/p>\n<p style=\"text-align: center;\"><strong>\u00c7a\u011fda\u015f Eczac\u0131lar Derne\u011fi<\/strong><\/p>\n","protected":false},"excerpt":{"rendered":"<p>\u0130stanbul Eczac\u0131lar Kooperatifi&#8217;nin\u00a016 Haziran 2012 tarihinde ger\u00e7ekle\u015ftirilen Ola\u011fan Genel Kurul Toplant\u0131s\u0131nda yap\u0131lan se\u00e7im sonucunda Y\u00f6netim Kuruluna M. Sait Y\u00fccel, Mekin&#46;&#46;&#46;<\/p>\n","protected":false},"author":1,"featured_media":0,"comment_status":"closed","ping_status":"closed","sticky":false,"template":"","format":"standard","meta":{"_jetpack_memberships_contains_paid_content":false,"footnotes":""},"categories":[1],"tags":[],"class_list":["post-3764","post","type-post","status-publish","format-standard","hentry","category-ced"],"aioseo_notices":[],"jetpack_featured_media_url":"","jetpack_sharing_enabled":true,"jetpack-related-posts":[],"_links":{"self":[{"href":"http:\/\/www.ced.org.tr\/index.php?rest_route=\/wp\/v2\/posts\/3764","targetHints":{"allow":["GET"]}}],"collection":[{"href":"http:\/\/www.ced.org.tr\/index.php?rest_route=\/wp\/v2\/posts"}],"about":[{"href":"http:\/\/www.ced.org.tr\/index.php?rest_route=\/wp\/v2\/types\/post"}],"author":[{"embeddable":true,"href":"http:\/\/www.ced.org.tr\/index.php?rest_route=\/wp\/v2\/users\/1"}],"replies":[{"embeddable":true,"href":"http:\/\/www.ced.org.tr\/index.php?rest_route=%2Fwp%2Fv2%2Fcomments&post=3764"}],"version-history":[{"count":0,"href":"http:\/\/www.ced.org.tr\/index.php?rest_route=\/wp\/v2\/posts\/3764\/revisions"}],"wp:attachment":[{"href":"http:\/\/www.ced.org.tr\/index.php?rest_route=%2Fwp%2Fv2%2Fmedia&parent=3764"}],"wp:term":[{"taxonomy":"category","embeddable":true,"href":"http:\/\/www.ced.org.tr\/index.php?rest_route=%2Fwp%2Fv2%2Fcategories&post=3764"},{"taxonomy":"post_tag","embeddable":true,"href":"http:\/\/www.ced.org.tr\/index.php?rest_route=%2Fwp%2Fv2%2Ftags&post=3764"}],"curies":[{"name":"wp","href":"https:\/\/api.w.org\/{rel}","templated":true}]}}