{"id":3768,"date":"2012-08-23T20:58:43","date_gmt":"2012-08-23T17:58:43","guid":{"rendered":"http:\/\/www.ced.org.tr\/?p=3768"},"modified":"2012-08-23T20:58:43","modified_gmt":"2012-08-23T17:58:43","slug":"simdi-savas-karsitlarinin-sesini-birlestirme-zamanidir","status":"publish","type":"post","link":"http:\/\/www.ced.org.tr\/?p=3768","title":{"rendered":"\u015eimdi sava\u015f kar\u015f\u0131tlar\u0131n\u0131n sesini birle\u015ftirme zaman\u0131d\u0131r"},"content":{"rendered":"<p>TTB, D\u0130SK, KESK ve TMMOB, 1 Eyl\u00fcl D\u00fcnya Bar\u0131\u015f G\u00fcn\u00fc&#8217;ne y\u00f6nelik olarak ortak bas\u0131n a\u00e7\u0131klamas\u0131 yapt\u0131. A\u00e7\u0131klamada, &#8220;TTB, D\u0130SK, KESK ve TMMOB olarak 1 Eyl\u00fcl&#8217;de t\u00fcm kentlerde alanlara \u00e7\u0131k\u0131yoruz&#8221; denildi.<\/p>\n<p>\u00a0<\/p>\n<p style=\"text-align: right; \"><strong>17 A\u011fustos 2012<\/strong><\/p>\n<p><strong>\u015e\u0130MD\u0130 SAVA\u015e KAR\u015eITLARININ SES\u0130N\u0130 B\u0130RLE\u015eT\u0130RME ZAMANIDIR<\/strong><\/p>\n<p>Alman fa\u015fizminin Polonya\u2018y\u0131 i\u015fgal etmesi ile ba\u015flayan, ard\u0131nda milyonlarca \u00f6l\u00fc, milyonlarca yaral\u0131, ac\u0131 ve g\u00f6zya\u015f\u0131 b\u0131rakan insanl\u0131k tarihinin en ac\u0131mas\u0131z, en kanl\u0131 ve en kirli sava\u015flar\u0131ndan biri olan \u0130kinci B\u00fcy\u00fck Emperyalist Payla\u015f\u0131m Sava\u015f\u0131\u2019n\u0131n ba\u015flad\u0131\u011f\u0131 g\u00fcn\u00fc unutmamak, bar\u0131\u015f \u00e7\u0131\u011fl\u0131\u011f\u0131m\u0131z\u0131 en y\u00fcksek sesimiz ile hayk\u0131rmak i\u00e7in, 1 Eyl\u00fcl D\u00fcnya Bar\u0131\u015f G\u00fcn\u00fc&#8217;nde alanlara \u00e7\u0131k\u0131yoruz.<\/p>\n<p>Payla\u015f\u0131m sava\u015flar\u0131n\u0131n kirli tarihi bug\u00fcn de ne yaz\u0131k ki ayn\u0131 vah\u015feti ile devam etmektedir. ABD emperyalizminin ba\u015f\u0131n\u0131 \u00e7ekti\u011fi d\u00fcnyan\u0131n egemenleri, enerji kaynaklar\u0131na ve yollar\u0131na hakim olma h\u0131rslar\u0131n\u0131 ve sald\u0131rganl\u0131klar\u0131n\u0131, &#8220;\u00f6zg\u00fcrl\u00fck ve demokrasi&#8221; s\u00f6zc\u00fcklerinin ard\u0131na gizleyerek, Ortado\u011fu\u2019yu kan g\u00f6l\u00fcne \u00e7evirmeye devam etmektedirler. Emperyalizmin hegemonya sava\u015f\u0131n\u0131n par\u00e7as\u0131 olarak geli\u015fen bu sald\u0131r\u0131lar Irak, Libya ve Afganistan&#8217;dan sonra bug\u00fcn Suriye \u00fczerinden devam etmekte, etnik ve dini farkl\u0131l\u0131klar k\u00f6r\u00fcklenerek halklar birbirine d\u00fc\u015fman edilmekte, \u00fclkelerin ve halklar\u0131n tarihi, gelecekleri ve bir arada ya\u015fama umutlar\u0131 yok edilmektedir.<\/p>\n<p>Suriye\u2019nin kaderinin Suriye halklar\u0131n\u0131n elinden al\u0131nmaya \u00e7al\u0131\u015f\u0131ld\u0131\u011f\u0131 bu s\u00fcre\u00e7te AKP ise, emperyalist m\u00fcdahalenin ta\u015feronlu\u011funa soyunup Suriye i\u00e7in demokrasi nutuklar\u0131 \u00e7ekmeye devam etmektedir. Suriye\u2019ye demokrasi getirilmesini bu kadar \u00f6nemsedi\u011fini s\u00f6yleyen AKP\u2019nin Suudi Arabistan, \u00dcrd\u00fcn ve Katar gibi krall\u0131k-\u015feyhlikle y\u00f6netilen \u00fclkelerle hangi zeminde yan yana gelerek Suriye\u2019ye kar\u015f\u0131 y\u00fcr\u00fct\u00fclen operasyonlar\u0131n merkezinde yer ald\u0131\u011f\u0131n\u0131 bu halka anlatmas\u0131 gerekmektedir.<\/p>\n<p>T\u00fcrkiye\u2019yi emperyalist m\u00fcdahalelerin ma\u015fas\u0131 de\u011fil, bar\u0131\u015f\u0131n ve karde\u015fli\u011fin savunucusu ve m\u00fccadelecisi haline getirmek hepimizin g\u00f6revidir. B\u00f6lgede ve d\u00fcnyada bar\u0131\u015f, karde\u015flik ve \u00f6zg\u00fcrce bir arada ya\u015fam\u0131 savunmak i\u00e7in, \u015fimdi her zamankinden daha fazla m\u00fccadeleye ihtiya\u00e7 vard\u0131r. Daha g\u00fc\u00e7l\u00fc bir bar\u0131\u015f \u00e7a\u011fr\u0131s\u0131n\u0131 seslendirmek, emperyalizme kar\u015f\u0131 halklar\u0131n birlikte m\u00fccadelesini b\u00fcy\u00fctebilmek i\u00e7in, her t\u00fcrl\u00fc emperyalist ili\u015fkilerin tasfiye edildi\u011fi, tam ba\u011f\u0131ms\u0131z ve \u00f6zg\u00fcr bir T\u00fcrkiye \u00e7\u0131\u011fl\u0131\u011f\u0131m\u0131z\u0131 y\u00fckseltmenin \u015fimdi tam zaman\u0131d\u0131r.<\/p>\n<p>Otuz y\u0131l\u0131 a\u015fk\u0131n bir s\u00fcredir on binlerce insan\u0131m\u0131z\u0131n \u00f6l\u00fcm\u00fcne sebep olan K\u00fcrt sorununda girilen yeni evre, kayg\u0131lar\u0131m\u0131z\u0131 her g\u00fcn art\u0131rmaktad\u0131r. \u00dclkemizde y\u0131llard\u0131r devam ettirilen otoriter, bask\u0131c\u0131, tekle\u015ftirici, anti-demokratik devlet anlay\u0131\u015f, bug\u00fcn AKP\u2019nin sivil otoritesi e\u015fli\u011finde K\u00fcrt halk\u0131n\u0131n \u00f6zg\u00fcrl\u00fck alan\u0131n\u0131n gittik\u00e7e daralmas\u0131na neden olmaktad\u0131r. K\u00fcrtlerin demokratik hak taleplerini yok sayan AKP, askeri ve siyasi operasyonlarla \u00e7at\u0131\u015fma zeminlerini g\u00fc\u00e7lendirmekte, bar\u0131\u015f umutlar\u0131n\u0131 her ge\u00e7en g\u00fcn biraz daha t\u00fcketmektedir. Bar\u0131\u015f\u00e7\u0131l ve demokratik \u00e7\u00f6z\u00fcm i\u00e7in somut ad\u0131mlar\u0131n at\u0131lmamas\u0131 \u015fiddet ve \u00f6l\u00fcmlerin s\u00fcrmesine neden olmaktad\u0131r. \u00d6l\u00fcmler bar\u0131\u015f umudunu t\u00fcketmekte, halklar\u0131n kalbinde onar\u0131lmaz yaralar\u0131 derinle\u015ftirmektedir. \u015eimdi bu yaralar\u0131 bar\u0131\u015f \u00e7\u0131\u011fl\u0131\u011f\u0131na d\u00f6n\u00fc\u015ft\u00fcrme zaman\u0131d\u0131r.<\/p>\n<p>K\u00fcrt halk\u0131n\u0131n temel taleplerini kar\u015f\u0131layarak toplumsal bir bar\u0131\u015f\u0131 kurmak yerine \u00e7at\u0131\u015fmay\u0131 ve \u015fiddeti esas k\u0131lan yakla\u015f\u0131m\u0131n \u00e7\u0131kmaz sokak oldu\u011fu g\u00f6r\u00fclmelidir. \u00d6zlemimiz, kimli\u011fi, k\u00fclt\u00fcr\u00fc, dili, dini, mezhebi, g\u00f6r\u00fc\u015f\u00fc ne olursa olsun, \u00fczerinde e\u015fit haklara sahip yurtta\u015flar olarak ya\u015fayaca\u011f\u0131m\u0131z, demokratikle\u015fmeye y\u00f6nelik \u00e7\u00f6z\u00fcmlerin benimsendi\u011fi, e\u015fitlik\u00e7i ve \u00f6zg\u00fcrl\u00fck\u00e7\u00fc bir T\u00fcrkiye \u00f6zlemidir. Bug\u00fcn K\u00fcrtlere kar\u015f\u0131 dayat\u0131lan bask\u0131 ve sindirme politikalar\u0131 ile bar\u0131\u015f\u0131n \u00f6n\u00fcne kurulan engeller, halklar\u0131n aras\u0131ndaki bar\u0131\u015f ve karde\u015fli\u011fe kurulmu\u015f barikatlard\u0131r. \u015eimdi diyalog ve \u00e7\u00f6z\u00fcm zaman\u0131d\u0131r. <strong>Art\u0131k s\u00f6zler de\u011fil, \u00f6l\u00fcmler son bulmal\u0131d\u0131r.<\/strong><\/p>\n<p>Bug\u00fcn ger\u00e7ek bir bar\u0131\u015f iradesi, ancak nefret tohumlar\u0131 yerine karde\u015flik duygular\u0131n\u0131 peki\u015ftirerek, \u0131rk\u00e7\u0131-\u015foven k\u0131\u015fk\u0131rtmalara kar\u015f\u0131 anti-emperyalist dayan\u0131\u015fmay\u0131 ve bir arada ya\u015fam zeminlerini g\u00fc\u00e7lendirerek sa\u011flanabilecektir. Bu topraklarda ger\u00e7ek bir bar\u0131\u015f\u0131 tesis etmek, demokratik, laik, sosyal bir hukuk devletinin yeniden in\u015fas\u0131 ile m\u00fcmk\u00fcnd\u00fcr. Gerici g\u00fc\u00e7lerin farkl\u0131 etnik ve mezheplere y\u00f6nelik tehditlerini artt\u0131rmas\u0131na g\u00f6z yuman, nefret siyasetini yeniden ve yeniden \u00fcreten, insanl\u0131k su\u00e7lar\u0131n\u0131 g\u00f6rmezden gelen, katliamlara izin veren bir iktidar, ard\u0131nda ac\u0131 ve g\u00f6zya\u015f\u0131ndan ba\u015fka bir eser b\u0131rakamayacakt\u0131r. Unutulmamal\u0131d\u0131r ki, <strong>toplumsal ya\u015fam\u0131n i\u00e7erisinde, halklar\u0131n aras\u0131nda kurulamayan bar\u0131\u015f hi\u00e7bir yerde kurulamaz.<\/strong><\/p>\n<p>12 Eyl\u00fcl zihniyetinin pen\u00e7esinde, mesnetsiz iddialarla milletvekillerini, belediye ba\u015fkanlar\u0131n\u0131, parti ba\u015fkanlar\u0131n\u0131, sendikac\u0131lar\u0131, gazetecileri, ayd\u0131nlar\u0131 ve \u00f6\u011frencileri, kendi kurdu\u011fu rejime muhalefet eden herkesi cezaevlerine mahkum eden AKP h\u00fck\u00fcmetine sesleniyoruz:<\/p>\n<p>Bu \u00e7\u0131\u011fl\u0131k \u00f6zg\u00fcrl\u00fck ve adalet isteyenlerin \u00e7\u0131\u011fl\u0131\u011f\u0131d\u0131r. Art\u0131k Yeter! \u201cDemokrasi\u201d ad\u0131 alt\u0131nda dayat\u0131lan bask\u0131 d\u00fczenini de\u011fil, demokratik hak ve \u00f6zg\u00fcrl\u00fcklerimizi istiyoruz. Art\u0131k ifade vermek de\u011fil, ifade etmek istiyoruz.<\/p>\n<p>Bizler, \u201cbar\u0131\u015f i\u00e7inde bir d\u00fcnya ve T\u00fcrkiye m\u00fcmk\u00fcnd\u00fcr\u201d diyoruz. M\u00fccadele ruhumuzun bizlere katt\u0131\u011f\u0131 g\u00fcvenle bu inanca sahip \u00e7\u0131k\u0131yoruz. Art\u0131k kimsenin \u00f6lmedi\u011fi, bombalardan ve silahlardan temizlenmi\u015f bir \u00fclke, bir d\u00fcnya istiyoruz. <strong>\u00c7a\u011fr\u0131m\u0131z, toplumsal hayat\u0131n t\u00fcm noktalar\u0131nda \u00fclkemizde ve Ortado\u011fu b\u00f6lgesinde bar\u0131\u015f\u0131 m\u00fcmk\u00fcn k\u0131lacak, bir arada ya\u015fam duygular\u0131n\u0131 g\u00fc\u00e7lendirecek somut ad\u0131mlar\u0131n art\u0131k derhal hayata ge\u00e7irilmesi sorumlulu\u011funu \u00fczerinde ta\u015f\u0131yan \u00f6rg\u00fctl\u00fc<\/strong>, \u00f6rg\u00fcts\u00fcz t\u00fcm insanlarad\u0131r.<\/p>\n<p>Evet, \u015fimdi daha g\u00fc\u00e7l\u00fc bir bar\u0131\u015f \u00e7a\u011fr\u0131s\u0131n\u0131 seslendirme zaman\u0131d\u0131r. \u00dclkede, b\u00f6lgede ve d\u00fcnyada bar\u0131\u015f i\u00e7in, karde\u015flik ve \u00f6zg\u00fcrce bir arada ya\u015famak i\u00e7in, \u015fimdi her zamankinden daha fazla m\u00fccadele zaman\u0131d\u0131r.<\/p>\n<p><strong>1 Eyl\u00fcl\u2019de T\u00fcrkiye\u2019de t\u00fcm sava\u015f kar\u015f\u0131tlar\u0131n\u0131n seslerini birle\u015ftirme zaman\u0131d\u0131r!<\/strong><\/p>\n<p><strong>1 Eyl\u00fcl\u2019de Suriye\u2019ye emperyalist m\u00fcdahaleye ve sava\u015f tamtamlar\u0131na hay\u0131r deme, halklar\u0131n karde\u015fli\u011fini y\u00fcksek sesle hep birlikte hayk\u0131rma zaman\u0131d\u0131r!<\/strong><\/p>\n<p><strong>Bizler emek ve meslek \u00f6rg\u00fctleri olarak, yap\u0131labilinen t\u00fcm kentlerde, alanlarda ve meydanlarda sava\u015f kar\u015f\u0131tlar\u0131n\u0131 birlikte m\u00fccadele etmeye davet ediyoruz.<\/strong><\/p>\n<p><strong><br \/><\/strong><\/p>\n<p><strong>D\u0130SK-KESK-TMMOB-TTB<\/strong><\/p>\n<p>\u00a0<\/p>\n","protected":false},"excerpt":{"rendered":"<p>TTB, D\u0130SK, KESK ve TMMOB, 1 Eyl\u00fcl D\u00fcnya Bar\u0131\u015f G\u00fcn\u00fc&#8217;ne y\u00f6nelik olarak ortak bas\u0131n a\u00e7\u0131klamas\u0131 yapt\u0131. A\u00e7\u0131klamada, &#8220;TTB, D\u0130SK, KESK&#46;&#46;&#46;<\/p>\n","protected":false},"author":1,"featured_media":0,"comment_status":"closed","ping_status":"closed","sticky":false,"template":"","format":"standard","meta":{"_jetpack_memberships_contains_paid_content":false,"footnotes":""},"categories":[1],"tags":[],"class_list":["post-3768","post","type-post","status-publish","format-standard","hentry","category-ced"],"aioseo_notices":[],"jetpack_featured_media_url":"","jetpack_sharing_enabled":true,"jetpack-related-posts":[],"_links":{"self":[{"href":"http:\/\/www.ced.org.tr\/index.php?rest_route=\/wp\/v2\/posts\/3768","targetHints":{"allow":["GET"]}}],"collection":[{"href":"http:\/\/www.ced.org.tr\/index.php?rest_route=\/wp\/v2\/posts"}],"about":[{"href":"http:\/\/www.ced.org.tr\/index.php?rest_route=\/wp\/v2\/types\/post"}],"author":[{"embeddable":true,"href":"http:\/\/www.ced.org.tr\/index.php?rest_route=\/wp\/v2\/users\/1"}],"replies":[{"embeddable":true,"href":"http:\/\/www.ced.org.tr\/index.php?rest_route=%2Fwp%2Fv2%2Fcomments&post=3768"}],"version-history":[{"count":0,"href":"http:\/\/www.ced.org.tr\/index.php?rest_route=\/wp\/v2\/posts\/3768\/revisions"}],"wp:attachment":[{"href":"http:\/\/www.ced.org.tr\/index.php?rest_route=%2Fwp%2Fv2%2Fmedia&parent=3768"}],"wp:term":[{"taxonomy":"category","embeddable":true,"href":"http:\/\/www.ced.org.tr\/index.php?rest_route=%2Fwp%2Fv2%2Fcategories&post=3768"},{"taxonomy":"post_tag","embeddable":true,"href":"http:\/\/www.ced.org.tr\/index.php?rest_route=%2Fwp%2Fv2%2Ftags&post=3768"}],"curies":[{"name":"wp","href":"https:\/\/api.w.org\/{rel}","templated":true}]}}