{"id":3769,"date":"2012-08-23T21:38:23","date_gmt":"2012-08-23T18:38:23","guid":{"rendered":"http:\/\/www.ced.org.tr\/?p=3769"},"modified":"2012-08-23T21:38:23","modified_gmt":"2012-08-23T18:38:23","slug":"gaziantepte-halki-hedef-alan-bombali-saldiriyi-nefretle-kiniyor-ve-lanetliyoruz","status":"publish","type":"post","link":"http:\/\/www.ced.org.tr\/?p=3769","title":{"rendered":"Gaziantep`te halk\u0131 hedef alan bombal\u0131 sald\u0131r\u0131y\u0131 nefretle k\u0131n\u0131yor ve lanetliyoruz"},"content":{"rendered":"<p><p>1 Eyl\u00fcl D\u00fcnya Bar\u0131\u015f G\u00fcn\u00fc, yine \u00fclkemizde ve b\u00f6lgemizde sava\u015f sesleriyle kar\u015f\u0131lan\u0131yor.<\/p>\n<p>\u0130zlenen sava\u015f\u00e7\u0131 politikalar \u00fclkemizi b\u00f6lgesel kaosun i\u00e7erisine do\u011fru s\u00fcr\u00fckl\u00fcyor. Halklar aras\u0131ndaki ayr\u0131\u015fmay\u0131 derinle\u015ftiren sonu\u00e7lar \u00fcreten bu geli\u015fmeler i\u00e7inde bar\u0131\u015f ve karde\u015flik umutlar\u0131 da ayaklar alt\u0131na al\u0131n\u0131yor.<\/p>\n<p>O y\u00fczden \u015fimdi \u00fclkede ve b\u00f6lgede bar\u0131\u015f i\u00e7in sesimizi birlikte y\u00fckseltmenin, bar\u0131\u015f ve karde\u015fli\u011fi savunman\u0131n zaman\u0131d\u0131r.<\/p>\n<\/p>\n<p style=\"text-align: center;\"><strong>\u00c7a\u011fda\u015f Eczac\u0131lar Derne\u011fi<\/strong><\/p>\n","protected":false},"excerpt":{"rendered":"<p>1 Eyl\u00fcl D\u00fcnya Bar\u0131\u015f G\u00fcn\u00fc, yine \u00fclkemizde ve b\u00f6lgemizde sava\u015f sesleriyle kar\u015f\u0131lan\u0131yor. \u0130zlenen sava\u015f\u00e7\u0131 politikalar \u00fclkemizi b\u00f6lgesel kaosun i\u00e7erisine do\u011fru&#46;&#46;&#46;<\/p>\n","protected":false},"author":1,"featured_media":0,"comment_status":"closed","ping_status":"closed","sticky":false,"template":"","format":"standard","meta":{"_jetpack_memberships_contains_paid_content":false,"footnotes":""},"categories":[1],"tags":[],"class_list":["post-3769","post","type-post","status-publish","format-standard","hentry","category-ced"],"aioseo_notices":[],"jetpack_featured_media_url":"","jetpack_sharing_enabled":true,"jetpack-related-posts":[],"_links":{"self":[{"href":"http:\/\/www.ced.org.tr\/index.php?rest_route=\/wp\/v2\/posts\/3769","targetHints":{"allow":["GET"]}}],"collection":[{"href":"http:\/\/www.ced.org.tr\/index.php?rest_route=\/wp\/v2\/posts"}],"about":[{"href":"http:\/\/www.ced.org.tr\/index.php?rest_route=\/wp\/v2\/types\/post"}],"author":[{"embeddable":true,"href":"http:\/\/www.ced.org.tr\/index.php?rest_route=\/wp\/v2\/users\/1"}],"replies":[{"embeddable":true,"href":"http:\/\/www.ced.org.tr\/index.php?rest_route=%2Fwp%2Fv2%2Fcomments&post=3769"}],"version-history":[{"count":0,"href":"http:\/\/www.ced.org.tr\/index.php?rest_route=\/wp\/v2\/posts\/3769\/revisions"}],"wp:attachment":[{"href":"http:\/\/www.ced.org.tr\/index.php?rest_route=%2Fwp%2Fv2%2Fmedia&parent=3769"}],"wp:term":[{"taxonomy":"category","embeddable":true,"href":"http:\/\/www.ced.org.tr\/index.php?rest_route=%2Fwp%2Fv2%2Fcategories&post=3769"},{"taxonomy":"post_tag","embeddable":true,"href":"http:\/\/www.ced.org.tr\/index.php?rest_route=%2Fwp%2Fv2%2Ftags&post=3769"}],"curies":[{"name":"wp","href":"https:\/\/api.w.org\/{rel}","templated":true}]}}