{"id":3770,"date":"2012-08-26T12:05:17","date_gmt":"2012-08-26T09:05:17","guid":{"rendered":"http:\/\/www.ced.org.tr\/?p=3770"},"modified":"2012-08-26T12:05:17","modified_gmt":"2012-08-26T09:05:17","slug":"tum-okullari-imam-hatip-yapma-sansi-yakaladik","status":"publish","type":"post","link":"http:\/\/www.ced.org.tr\/?p=3770","title":{"rendered":"&#8216;T\u00fcm okullar\u0131 imam hatip yapma \u015fans\u0131 yakalad\u0131k&#8217;"},"content":{"rendered":"<p><p>AKP Milletvekili Ali Bo\u011fa, &#8220;4+4+4&#8221; sistemiyle birlikte b\u00fct\u00fcn okullar\u0131 imam hatibe d\u00f6n\u00fc\u015ft\u00fcrme \u015fans\u0131 yakalad\u0131klar\u0131n\u0131 s\u00f6yledi.<\/p>\n<p>Cumhuriyet gazetesinin haberine g\u00f6re AKP Mu\u011fla Milletvekili Ali Bo\u011fa, Mu\u011fla \u0130mam Hatip Lisesi Mezunlar\u0131 Derne\u011fi\u2019nin d\u00fczenledi\u011fi pilav g\u00fcn\u00fcne kat\u0131ld\u0131.<\/p>\n<p>Ali Bo\u011fa \u015funlar\u0131 s\u00f6yledi:<\/p>\n<p>\u201cA\u00e7\u0131lan yere \u00f6\u011frenci bulamazsak tarih \u00f6n\u00fcnde vebalini \u00f6deyemeyiz. Kur\u2019an-\u0131 Kerim\u2019in okunmas\u0131n\u0131n yasak oldu\u011fu g\u00fcnlerden ge\u00e7tik. \u015eu anda imam hatipliler olarak veya m\u00fcttefikleri, sevdal\u0131lar\u0131 olarak buraday\u0131z.<\/p>\n<p>\u015eu anda bir \u015fans ge\u00e7ti elimize. Biz b\u00fct\u00fcn okullar\u0131, elbette bu okullar\u0131n kayd\u0131nda kuydunda say\u0131y\u0131 art\u0131raca\u011f\u0131z. Ama b\u00fct\u00fcn okullar\u0131 imam hatip okulu yapma \u015fans\u0131n\u0131 elde etmi\u015f durumday\u0131z. 4+4+4 \u2019ten sonra Kur\u2019an-\u0131 Kerim ve Peygamberimizin hayat\u0131n\u0131n se\u00e7meli ders olmas\u0131ndan sonra bu \u015fans\u0131m\u0131z var. Buradaki toplulu\u011fa imam hatip okulunu ya\u015fatmak, devam ettirmek, orta k\u0131sm\u0131 a\u00e7mak, daha yeni kamp\u00fcsleri a\u00e7man\u0131n yan\u0131 s\u0131ra hepimizin omzuna bir y\u00fck daha biniyor.<\/p>\n<p>Mutlaka tercihler konusunda bir projemiz olmal\u0131. Velileri, \u00f6\u011fretmenleri, \u00f6\u011frencileri tercihler konusunda bilgilendirmeliyiz. O zaman i\u015fte memleketin gelece\u011fine sahip \u00e7\u0131kan, \u00fc\u00e7 kuru\u015fluk menfaat i\u00e7in memleketin gelece\u011fini satmayan, tarihine, k\u00fclt\u00fcr\u00fcne sayg\u0131l\u0131, inanc\u0131na sayg\u0131l\u0131 diplomatlar, y\u00f6neticiler o zaman bu memleketin ba\u015f\u0131na gelecektir.\u201d<\/p>\n<p>http:\/\/www.birgun.net\/actuels_index.php?news_code=1345795377&#038;year=2012&#038;month=08&#038;day=24<\/p><\/p>\n","protected":false},"excerpt":{"rendered":"<p>AKP Milletvekili Ali Bo\u011fa, &#8220;4+4+4&#8221; sistemiyle birlikte b\u00fct\u00fcn okullar\u0131 imam hatibe d\u00f6n\u00fc\u015ft\u00fcrme \u015fans\u0131 yakalad\u0131klar\u0131n\u0131 s\u00f6yledi. Cumhuriyet gazetesinin haberine g\u00f6re AKP&#46;&#46;&#46;<\/p>\n","protected":false},"author":1,"featured_media":0,"comment_status":"closed","ping_status":"closed","sticky":false,"template":"","format":"standard","meta":{"_jetpack_memberships_contains_paid_content":false,"footnotes":""},"categories":[1],"tags":[],"class_list":["post-3770","post","type-post","status-publish","format-standard","hentry","category-ced"],"aioseo_notices":[],"jetpack_featured_media_url":"","jetpack_sharing_enabled":true,"jetpack-related-posts":[],"_links":{"self":[{"href":"http:\/\/www.ced.org.tr\/index.php?rest_route=\/wp\/v2\/posts\/3770","targetHints":{"allow":["GET"]}}],"collection":[{"href":"http:\/\/www.ced.org.tr\/index.php?rest_route=\/wp\/v2\/posts"}],"about":[{"href":"http:\/\/www.ced.org.tr\/index.php?rest_route=\/wp\/v2\/types\/post"}],"author":[{"embeddable":true,"href":"http:\/\/www.ced.org.tr\/index.php?rest_route=\/wp\/v2\/users\/1"}],"replies":[{"embeddable":true,"href":"http:\/\/www.ced.org.tr\/index.php?rest_route=%2Fwp%2Fv2%2Fcomments&post=3770"}],"version-history":[{"count":0,"href":"http:\/\/www.ced.org.tr\/index.php?rest_route=\/wp\/v2\/posts\/3770\/revisions"}],"wp:attachment":[{"href":"http:\/\/www.ced.org.tr\/index.php?rest_route=%2Fwp%2Fv2%2Fmedia&parent=3770"}],"wp:term":[{"taxonomy":"category","embeddable":true,"href":"http:\/\/www.ced.org.tr\/index.php?rest_route=%2Fwp%2Fv2%2Fcategories&post=3770"},{"taxonomy":"post_tag","embeddable":true,"href":"http:\/\/www.ced.org.tr\/index.php?rest_route=%2Fwp%2Fv2%2Ftags&post=3770"}],"curies":[{"name":"wp","href":"https:\/\/api.w.org\/{rel}","templated":true}]}}