{"id":3772,"date":"2012-09-12T10:56:04","date_gmt":"2012-09-12T07:56:04","guid":{"rendered":"http:\/\/www.ced.org.tr\/?p=3772"},"modified":"2012-09-12T10:56:04","modified_gmt":"2012-09-12T07:56:04","slug":"12-eylulu-unutmadik","status":"publish","type":"post","link":"http:\/\/www.ced.org.tr\/?p=3772","title":{"rendered":"12 Eyl\u00fcl&#8217;\u00fc unutmad\u0131k"},"content":{"rendered":"<p><img loading=\"lazy\" decoding=\"async\" src=\"images\/12eylul.jpg\" border=\"0\" width=\"229\" height=\"303\" style=\"float: left; margin: 6px;\" \/><\/p>\n<p><strong>Darbecilerden hesap sorulmad\u0131<\/strong><\/p>\n<p>12 eyl\u00fcl 1980 askeri darbesi sonras\u0131nda;<\/p>\n<p>650 bin ki\u015fi g\u00f6zalt\u0131na al\u0131narak i\u015fkenceli sorgulardan ge\u00e7irildi.<\/p>\n<p>7 bin ki\u015finin idam\u0131 istendi.Askeri Yarg\u0131tay 124 idam cezas\u0131n\u0131 onaylad\u0131. 50 ki\u015fi idam edildi.<\/p>\n<p>98 bin 404 ki\u015fi \u00f6rg\u00fct \u00fcyeli\u011finden yarg\u0131land\u0131. 21 bin 764 ki\u015fi \u00f6rg\u00fct \u00fcyesi olmaktan h\u00fck\u00fcm giyerek cezaevlerinde i\u015fkence g\u00f6rd\u00fc.<\/p>\n<p>171 ki\u015fi sorgularda ve cezaevi i\u015fkencelerinde can verdi.<\/p>\n<p>Askeri y\u00f6netimde, g\u00f6zalt\u0131nda ya da hapishanelerde, &#8220;do\u011fal olmayan \u00f6l\u00fcm&#8221; say\u0131s\u0131 229 oldu.<\/p>\n<p>1 milyon 683 bin ki\u015fi fi\u015flendi.<\/p>\n<p><strong>&#8220;Asmayal\u0131m da besleyim mi&#8221;<\/strong><\/p>\n<p>17 ya\u015f\u0131ndaki Erdal Eren&#8217;in idam\u0131na ili\u015fkin Kenan Evren &#8220;\u015eimdi ben, bunu yakalad\u0131ktan sonra mahkemeye verece\u011fim ve ondan sonra da idam etmeyece\u011fim, \u00f6m\u00fcr boyu ona bakaca\u011f\u0131m. o haini ben senelerce besleyece\u011fim. Buna siz raz\u0131 olur musunuz?&#8221;<\/p>\n<p>12 eyl\u00fcl ile hesapla\u015fma iddas\u0131 ile yap\u0131lan 12 eyl\u00fcl 2010 referandumundansonra \u00a0ge\u00e7en 2 y\u0131lda san\u0131klar mahkeyeye \u00e7\u0131kamad\u0131lar.<\/p>\n<p>\u00a0<\/p>\n<p>12 Eyl\u00fcl davas\u0131na g\u00f6nderilen dosyalada &#8220;12 Eyl\u00fcl i\u015fkencecilerinin listesini&#8221; a\u00e7\u0131kland\u0131.<\/p>\n<p>Devrimci 78\u2019liler Federasyonu, 12 Eyl\u00fcl d\u00f6neminde yap\u0131lan i\u015fkencelerle ilgili y\u00fcr\u00fct\u00fclen soru\u015fturma kapsam\u0131nda, savc\u0131l\u0131\u011fa \u015fikayet\u00e7i olduklar\u0131 d\u00f6nemin s\u0131k\u0131y\u00f6netim ve ordu komutanlar\u0131, valileri, emniyet m\u00fcd\u00fcrleri ve M\u0130T g\u00f6revlilerinin listesini vermi\u015fti.12 Eyl\u00fcl darbesinde g\u00f6rev yapm\u0131\u015f i\u015fkencecilerden olan Celalattin Cerrah, Abdulkadir Aksu, Nejdet Menzil, Hanefi Avc\u0131, Mehmet A\u011far ve Levent Ers\u00f6z gibi bir\u00e7ok ismin devletin \u00fcst mecrilerinde g\u00f6rev yapt\u0131\u011f\u0131na dikkat \u00e7ekildi. \u00a0\u0130\u015fkencecilerin \u00f6d\u00fcllendirdi\u011fini hat\u0131rlatan federasyon \u00fcyeleri \u00f6d\u00fcllendirmeye bug\u00fcn de devam edildi\u011fini ifade etti. Bir d\u00f6nemin \u0130stanbul Emniyet M\u00fcd\u00fcr\u00fc olan \u015fimdi ise Osmaniye Valili\u011fi g\u00f6revini y\u00fcr\u00fcten Celalattin Cerrah, yine bir d\u00f6nem \u0130\u00e7i\u015fleri Bakanl\u0131\u011f\u0131 yapan \u015fimdi AKP Genel Ba\u015fkan Yard\u0131mc\u0131s\u0131 olan Abdulkadir Aksu bu isimlerden birka\u00e7\u0131.<\/p>\n<p>\u00a0<\/p>\n","protected":false},"excerpt":{"rendered":"<p>Darbecilerden hesap sorulmad\u0131 12 eyl\u00fcl 1980 askeri darbesi sonras\u0131nda; 650 bin ki\u015fi g\u00f6zalt\u0131na al\u0131narak i\u015fkenceli sorgulardan ge\u00e7irildi. 7 bin ki\u015finin&#46;&#46;&#46;<\/p>\n","protected":false},"author":1,"featured_media":0,"comment_status":"closed","ping_status":"closed","sticky":false,"template":"","format":"standard","meta":{"_jetpack_memberships_contains_paid_content":false,"footnotes":""},"categories":[1],"tags":[],"class_list":["post-3772","post","type-post","status-publish","format-standard","hentry","category-ced"],"aioseo_notices":[],"jetpack_featured_media_url":"","jetpack_sharing_enabled":true,"jetpack-related-posts":[],"_links":{"self":[{"href":"http:\/\/www.ced.org.tr\/index.php?rest_route=\/wp\/v2\/posts\/3772","targetHints":{"allow":["GET"]}}],"collection":[{"href":"http:\/\/www.ced.org.tr\/index.php?rest_route=\/wp\/v2\/posts"}],"about":[{"href":"http:\/\/www.ced.org.tr\/index.php?rest_route=\/wp\/v2\/types\/post"}],"author":[{"embeddable":true,"href":"http:\/\/www.ced.org.tr\/index.php?rest_route=\/wp\/v2\/users\/1"}],"replies":[{"embeddable":true,"href":"http:\/\/www.ced.org.tr\/index.php?rest_route=%2Fwp%2Fv2%2Fcomments&post=3772"}],"version-history":[{"count":0,"href":"http:\/\/www.ced.org.tr\/index.php?rest_route=\/wp\/v2\/posts\/3772\/revisions"}],"wp:attachment":[{"href":"http:\/\/www.ced.org.tr\/index.php?rest_route=%2Fwp%2Fv2%2Fmedia&parent=3772"}],"wp:term":[{"taxonomy":"category","embeddable":true,"href":"http:\/\/www.ced.org.tr\/index.php?rest_route=%2Fwp%2Fv2%2Fcategories&post=3772"},{"taxonomy":"post_tag","embeddable":true,"href":"http:\/\/www.ced.org.tr\/index.php?rest_route=%2Fwp%2Fv2%2Ftags&post=3772"}],"curies":[{"name":"wp","href":"https:\/\/api.w.org\/{rel}","templated":true}]}}