{"id":3774,"date":"2012-10-11T04:49:08","date_gmt":"2012-10-11T01:49:08","guid":{"rendered":"http:\/\/www.ced.org.tr\/?p=3774"},"modified":"2012-10-11T04:49:08","modified_gmt":"2012-10-11T01:49:08","slug":"taksim-icin-taksime-14-ekim-2012-saat-14-00","status":"publish","type":"post","link":"http:\/\/www.ced.org.tr\/?p=3774","title":{"rendered":"Taksim i\u00e7in Taksim&#8217;e 14 Ekim 2012, saat 14.00"},"content":{"rendered":"<p><p style=\"color: #222222; font-family: arial, sans-serif; font-size: 12.666666984558105px;\">Bizler, 1 May\u0131s i\u00e7in, bar\u0131\u015f i\u00e7in, \u00f6zg\u00fcrl\u00fck i\u00e7in, demokrasi i\u00e7in, e\u015fitlik i\u00e7in, bulu\u015fmak i\u00e7in, \u015fampiyonluk i\u00e7in, y\u0131lba\u015f\u0131 i\u00e7in\u2026 Taksim\u2019e \u00e7\u0131kt\u0131k.<\/p>\n<p style=\"color: #222222; font-family: arial, sans-serif; font-size: 12.666666984558105px;\">\u015eimdi de Taksim i\u00e7in Taksim\u2019e!<\/p>\n<\/p>\n<p style=\"color: #222222; font-family: arial, sans-serif; font-size: 12.666666984558105px;\">\n<p style=\"font-size: 12.666666984558105px;\">\u00c7a\u011fda\u015f ve demokrat bir \u00fclkede kabul edilemez karar mekanizmalar\u0131, yayala\u015ft\u0131rma ad\u0131 alt\u0131nda dal\u0131\u015f rampalar\u0131 ve istinat duvarlar\u0131yla yayalar\u0131n meydana eri\u015fimini engelleyen Taksim projesi ve gezi park\u0131n\u0131 yok edecek Taksim K\u0131\u015flas\u0131\u2019n\u0131n ihyas\u0131 projesi ile yeniden kar\u015f\u0131m\u0131za \u00e7\u0131km\u0131\u015f, s\u00fcre\u00e7 t\u00fcm itirazlara ve devam eden davalara ra\u011fmen h\u0131zla son a\u015famas\u0131na getirilmi\u015ftir.<\/p>\n<p style=\"font-size: 12.666666984558105px;\">Bilimsel, teknik ve demokratik s\u00fcre\u00e7ler \u00e7al\u0131\u015ft\u0131r\u0131lmadan kamuoyuna sunulan meydan d\u00fczenlemesinin geri d\u00f6n\u00fclmez yanl\u0131\u015flara yol a\u00e7acak olmas\u0131 bizleri bir araya getirmi\u015f ve Taksim Meydan\u0131\u2019na sahip \u00e7\u0131kmam\u0131z\u0131 gerektirmi\u015ftir.<\/p>\n<p style=\"font-size: 12.666666984558105px;\">\u0130lan edilen, asl\u0131nda \u201cbetonla\u015ft\u0131rma\u201d, \u201cinsans\u0131zla\u015ft\u0131rma\u201d ve &#8220;kimliksizle\u015ftirme\u201d projesidir.<\/p>\n<p style=\"font-size: 12.666666984558105px;\">Taksim kentimizin en \u00f6nemli kamusal alan\u0131 olarak, t\u00fcm bayramlar\u0131m\u0131z\u0131, \u015fenliklerimizi, sevin\u00e7lerimizi, tepkilerimizi ve hak taleplerimizi dillendirdi\u011fimiz emek ve demokrasi meydan\u0131m\u0131zd\u0131r.<\/p>\n<p style=\"font-size: 12.666666984558105px;\">Bizler, 1 May\u0131s i\u00e7in, bar\u0131\u015f i\u00e7in, \u00f6zg\u00fcrl\u00fck i\u00e7in, demokrasi i\u00e7in, e\u015fitlik i\u00e7in, bulu\u015fmak i\u00e7in, \u015fampiyonluk i\u00e7in, y\u0131lba\u015f\u0131 i\u00e7in\u2026 Taksim\u2019e \u00e7\u0131kt\u0131k.<\/p>\n<p style=\"font-size: 12.666666984558105px;\">\u015eimdi de Taksim i\u00e7in Taksim\u2019e!<br \/>14 Ekim 2012, saat 14.00<\/p>\n<p style=\"font-size: 12.666666984558105px;\">Projenin oldu bittiye getirilmeden, acil olarak durdurulmas\u0131n\u0131 talep ediyoruz.<\/p>\n<p style=\"font-size: 12.666666984558105px;\">Taksim Meydan\u0131\u2019na hep birlikte sahip \u00e7\u0131k\u0131yoruz.<\/p>\n<p style=\"font-size: 12.666666984558105px;\">Taksim\u2019e kazma vurdurmayaca\u011f\u0131z!<\/p>\n<p style=\"font-size: 12.666666984558105px;\">\u00c7\u00fcnk\u00fc Taksim hepimizin!<\/p>\n<p style=\"font-size: 12.666666984558105px;\">TAKS\u0130M DAYANI\u015eMASI<span style=\"font-size: 12.666666984558105px;\">\u00c7a\u011fda\u015f ve demokrat bir \u00fclkede kabul edilemez karar mekanizmalar\u0131, yayala\u015ft\u0131rma ad\u0131 alt\u0131nda dal\u0131\u015f rampalar\u0131 ve istinat duvarlar\u0131yla yayalar\u0131n meydana eri\u015fimini engelleyen Taksim projesi ve gezi park\u0131n\u0131 yok edecek Taksim K\u0131\u015flas\u0131\u2019n\u0131n ihyas\u0131 projesi ile yeniden kar\u015f\u0131m\u0131za \u00e7\u0131km\u0131\u015f, s\u00fcre\u00e7 t\u00fcm itirazlara ve devam eden davalara ra\u011fmen h\u0131zla son a\u015famas\u0131na getirilmi\u015ftir.<\/span><\/p>\n<p style=\"font-size: 12.666666984558105px;\">Bilimsel, teknik ve demokratik s\u00fcre\u00e7ler \u00e7al\u0131\u015ft\u0131r\u0131lmadan kamuoyuna sunulan meydan d\u00fczenlemesinin geri d\u00f6n\u00fclmez yanl\u0131\u015flara yol a\u00e7acak olmas\u0131 bizleri bir araya getirmi\u015f ve Taksim Meydan\u0131\u2019na sahip \u00e7\u0131kmam\u0131z\u0131 gerektirmi\u015ftir.<\/p>\n<p style=\"font-size: 12.666666984558105px;\">\u0130lan edilen, asl\u0131nda \u201cbetonla\u015ft\u0131rma\u201d, \u201cinsans\u0131zla\u015ft\u0131rma\u201d ve &#8220;kimliksizle\u015ftirme\u201d projesidir.<\/p>\n<p style=\"font-size: 12.666666984558105px;\">Taksim kentimizin en \u00f6nemli kamusal alan\u0131 olarak, t\u00fcm bayramlar\u0131m\u0131z\u0131, \u015fenliklerimizi, sevin\u00e7lerimizi, tepkilerimizi ve hak taleplerimizi dillendirdi\u011fimiz emek ve demokrasi meydan\u0131m\u0131zd\u0131r.<\/p>\n<p style=\"font-size: 12.666666984558105px;\">Bizler, 1 May\u0131s i\u00e7in, bar\u0131\u015f i\u00e7in, \u00f6zg\u00fcrl\u00fck i\u00e7in, demokrasi i\u00e7in, e\u015fitlik i\u00e7in, bulu\u015fmak i\u00e7in, \u015fampiyonluk i\u00e7in, y\u0131lba\u015f\u0131 i\u00e7in\u2026 Taksim\u2019e \u00e7\u0131kt\u0131k.<\/p>\n<p style=\"font-size: 12.666666984558105px;\">\u015eimdi de Taksim i\u00e7in Taksim\u2019e!<br \/>14 Ekim 2012, saat 14.00<\/p>\n<p style=\"font-size: 12.666666984558105px;\">Projenin oldu bittiye getirilmeden, acil olarak durdurulmas\u0131n\u0131 talep ediyoruz.<\/p>\n<p style=\"font-size: 12.666666984558105px;\">Taksim Meydan\u0131\u2019na hep birlikte sahip \u00e7\u0131k\u0131yoruz.<\/p>\n<p style=\"font-size: 12.666666984558105px;\">Taksim\u2019e kazma vurdurmayaca\u011f\u0131z!<\/p>\n<p style=\"font-size: 12.666666984558105px;\">\u00c7\u00fcnk\u00fc Taksim hepimizin!<\/p>\n<p style=\"font-size: 12.666666984558105px;\">TAKS\u0130M DAYANI\u015eMASI<\/p><\/p>\n","protected":false},"excerpt":{"rendered":"<p>Bizler, 1 May\u0131s i\u00e7in, bar\u0131\u015f i\u00e7in, \u00f6zg\u00fcrl\u00fck i\u00e7in, demokrasi i\u00e7in, e\u015fitlik i\u00e7in, bulu\u015fmak i\u00e7in, \u015fampiyonluk i\u00e7in, y\u0131lba\u015f\u0131 i\u00e7in\u2026 Taksim\u2019e \u00e7\u0131kt\u0131k.&#46;&#46;&#46;<\/p>\n","protected":false},"author":1,"featured_media":0,"comment_status":"closed","ping_status":"closed","sticky":false,"template":"","format":"standard","meta":{"_jetpack_memberships_contains_paid_content":false,"footnotes":""},"categories":[1],"tags":[],"class_list":["post-3774","post","type-post","status-publish","format-standard","hentry","category-ced"],"aioseo_notices":[],"jetpack_featured_media_url":"","jetpack_sharing_enabled":true,"jetpack-related-posts":[],"_links":{"self":[{"href":"http:\/\/www.ced.org.tr\/index.php?rest_route=\/wp\/v2\/posts\/3774","targetHints":{"allow":["GET"]}}],"collection":[{"href":"http:\/\/www.ced.org.tr\/index.php?rest_route=\/wp\/v2\/posts"}],"about":[{"href":"http:\/\/www.ced.org.tr\/index.php?rest_route=\/wp\/v2\/types\/post"}],"author":[{"embeddable":true,"href":"http:\/\/www.ced.org.tr\/index.php?rest_route=\/wp\/v2\/users\/1"}],"replies":[{"embeddable":true,"href":"http:\/\/www.ced.org.tr\/index.php?rest_route=%2Fwp%2Fv2%2Fcomments&post=3774"}],"version-history":[{"count":0,"href":"http:\/\/www.ced.org.tr\/index.php?rest_route=\/wp\/v2\/posts\/3774\/revisions"}],"wp:attachment":[{"href":"http:\/\/www.ced.org.tr\/index.php?rest_route=%2Fwp%2Fv2%2Fmedia&parent=3774"}],"wp:term":[{"taxonomy":"category","embeddable":true,"href":"http:\/\/www.ced.org.tr\/index.php?rest_route=%2Fwp%2Fv2%2Fcategories&post=3774"},{"taxonomy":"post_tag","embeddable":true,"href":"http:\/\/www.ced.org.tr\/index.php?rest_route=%2Fwp%2Fv2%2Ftags&post=3774"}],"curies":[{"name":"wp","href":"https:\/\/api.w.org\/{rel}","templated":true}]}}