{"id":3776,"date":"2012-11-13T17:06:52","date_gmt":"2012-11-13T15:06:52","guid":{"rendered":"http:\/\/www.ced.org.tr\/?p=3776"},"modified":"2012-11-13T17:06:52","modified_gmt":"2012-11-13T15:06:52","slug":"idama-izin-vermeyiz","status":"publish","type":"post","link":"http:\/\/www.ced.org.tr\/?p=3776","title":{"rendered":"\u0130dama \u0130zin Vermeyiz"},"content":{"rendered":"<p><span style=\"font-size: 12.800000190734863px; color: #222222; font-family: arial, sans-serif;\">\u0130HD, a\u00e7l\u0131k grevleri 62. g\u00fcn\u00fcne girmi\u015fken Ba\u015fbakan Erdo\u011fan&#8217;\u0131n \u00f6l\u00fcm cezas\u0131n\u0131 tart\u0131\u015fmaya a\u00e7mas\u0131n\u0131, &#8220;insan ya\u015fam\u0131n\u0131 hi\u00e7e sayan yakla\u015f\u0131m\u0131n\u0131n g\u00f6stergesi&#8221; olarak niteledi.<\/span><\/p>\n<h2 style=\"color: #222222; font-family: arial, sans-serif;\"><span style=\"font-size: 12.800000190734863px; font-weight: normal;\"><\/p>\n<p><\/span><\/h2>\n<div style=\"color: #222222; font-family: arial, sans-serif; font-size: 12.800000190734863px;\">\n<div>Ankara &#8211; B\u0130A Haber Merkezi<\/div>\n<div>12 Kas\u0131m 2012, Pazartesi<\/div>\n<\/div>\n<div style=\"color: #222222; font-family: arial, sans-serif; font-size: 12.800000190734863px;\">\n<p>\u0130nsan Haklar\u0131 Derne\u011fi (<strong>\u0130HD<\/strong>), Ba\u015fbakan\u00a0<strong>Recep Tayyip Erdo\u011fan<\/strong>&#8216;\u0131n\u00a0<a href=\"http:\/\/www.bianet.org\/bianet\/siyaset\/142003-erdoganin-gundemi-idam\" target=\"_blank\" style=\"color: #1155cc;\">idam ile ilgili s\u00f6zleri<\/a>\u00fczerine yapt\u0131klar\u0131 a\u00e7\u0131klamada, b\u00f6yle bir geli\u015fmenin demokratikle\u015fme s\u00fcrecini olumsuz etkileyece\u011fini ve T\u00fcrkiye&#8217;nin otoriter bir sisteme kayaca\u011f\u0131n\u0131 ifade etti.<\/p>\n<p>&#8220;Adalet ve Kalk\u0131nma Partisi (AKP) iktidar\u0131 otoriterle\u015ftik\u00e7e, temel insan haklar\u0131na ayk\u0131r\u0131 sivri \u00e7\u0131k\u0131\u015flar\u0131 da beraberinde getirmeye ba\u015flad\u0131.&#8221;<\/p>\n<p>&#8220;Hapishanelerde 62. g\u00fcn\u00fcne giren s\u00fcresiz ve d\u00f6n\u00fc\u015f\u00fcms\u00fcz a\u00e7l\u0131k grevi devam ediyor. Siyasal iktidar\u0131n a\u00e7l\u0131k grevcilerinin me\u015fru ve insan haklar\u0131na dayal\u0131 taleplerini de\u011ferlendirip sorunu \u00e7\u00f6zmesi gerekirken, tam aksine \u00f6l\u00fcm cezas\u0131n\u0131 tart\u0131\u015fmaya a\u00e7mas\u0131 insan ya\u015fam\u0131n\u0131 hi\u00e7e sayan yakla\u015f\u0131m\u0131n\u0131 g\u00f6stermesi bak\u0131m\u0131ndan ibret verici.&#8221;<\/p>\n<h2>&#8220;Uluslararas\u0131 insan haklar\u0131 sisteminin d\u0131\u015f\u0131na \u00e7\u0131kmak olur&#8221;<\/h2>\n<p>\u0130HD, bir\u00e7ok insan\u0131n \u00f6l\u00fcm cezas\u0131 verilerek haks\u0131z yere idam edildi\u011fi bir \u00fclkede \u00f6l\u00fcm cezas\u0131n\u0131 tekrar geri getirmeye kalk\u0131\u015fman\u0131n \u00e7ok riskli olaca\u011f\u0131n\u0131, siyasi sonu\u00e7lar\u0131n\u0131n da a\u011f\u0131r olaca\u011f\u0131n\u0131 ifade etti.<\/p>\n<p>&#8220;\u00d6zellikle Ba\u015fbakan\u0131n \u00f6l\u00fcm cezas\u0131n\u0131 belli tip su\u00e7lar i\u00e7in tekrar geri getirilebilece\u011fini belirtmesi T\u00fcrkiye&#8217;de ya\u015fayan halklar aras\u0131nda k\u0131r\u0131lmaya sebep olacak, adeta K\u00fcrtlerin ve T\u00fcrklerin ayr\u0131lma s\u00fcrecini ciddi anlamda te\u015fvik edecek.&#8221;<\/p>\n<p>&#8220;T\u00fcrkiye \u00f6l\u00fcm cezas\u0131n\u0131 ba\u015fta Anayasas\u0131 olmak \u00fczere mevzuat\u0131ndan \u00e7\u0131kard\u0131. Bunun yan\u0131 s\u0131ra Avrupa \u0130nsan Haklar\u0131 S\u00f6zle\u015fmesi&#8217;ne ek 6 Nolu \u00f6l\u00fcm cezas\u0131n\u0131n kald\u0131r\u0131lmas\u0131na dair protokol ile Birle\u015fmi\u015f Milletler ki\u015fisel ve siyasal haklar uluslararas\u0131 s\u00f6zle\u015fmesine ek \u00f6l\u00fcm cezas\u0131n\u0131n kald\u0131r\u0131lmas\u0131n\u0131 ama\u00e7layan ihtiyari 2 Nolu protokol\u00fc de onaylad\u0131 ve y\u00fcr\u00fcrl\u00fc\u011fe koydu.&#8221;<\/p>\n<p>&#8220;Birle\u015fmi\u015f Milletler ve Avrupa Konseyi insan haklar\u0131 sisteminin en temel protokollerini onaylayan bir \u00fclkenin, bu protokollerden geri d\u00f6nmesi demek insan haklar\u0131 sisteminin d\u0131\u015f\u0131na \u00e7\u0131kmas\u0131 ve uluslararas\u0131 alanda k\u00f6t\u00fc bir \u00f6rnek durumuna gelmesi demektir.&#8221;<\/p>\n<h2>&#8220;Demokratlar kar\u015f\u0131 \u00e7\u0131kmal\u0131&#8221;<\/h2>\n<p>\u00d6l\u00fcm cezas\u0131n\u0131n, Avrupa Birli\u011fi&#8217;nin kap\u0131s\u0131n\u0131 tamamen kapataca\u011f\u0131n\u0131 ifade eden \u0130HD, bunun T\u00fcrkiye i\u00e7in siyasal, ekonomik, hukuksal, k\u00fclt\u00fcrel ve sosyolojik sonu\u00e7lar\u0131n\u0131n a\u011f\u0131r olaca\u011f\u0131n\u0131 belirtti.<\/p>\n<p>&#8220;Bu \u00f6nerinin tart\u0131\u015fmaya a\u00e7\u0131lmas\u0131 kar\u015f\u0131s\u0131nda \u00f6zellikle AKP i\u00e7indeki demokratlar\u0131n sessiz kalmas\u0131 T\u00fcrkiye demokrasi tarihinde unutulmayacak bir k\u00f6t\u00fc \u00f6rnek olarak kalacakt\u0131r. Demokratlar\u0131n bu tip anti-demokratik ve insan haklar\u0131na ayk\u0131r\u0131 \u00f6nermelere kar\u015f\u0131 sesini y\u00fckseltmesi ve tutum almas\u0131 gerekir.&#8221;<\/p>\n<p>\u0130HD, bu tart\u0131\u015fman\u0131n ba\u015flat\u0131lmas\u0131n\u0131n, K\u00fcrt siyasal hareketine kar\u015f\u0131 bir tehdit olarak ortaya at\u0131ld\u0131\u011f\u0131n\u0131 ifade ederek b\u00f6ylesi bir davran\u0131\u015f\u0131n hi\u00e7bir sorunu \u00e7\u00f6zmeyece\u011finin alt\u0131 \u00e7izildi.<\/p>\n<p>Ayr\u0131ca, &#8220;T\u00fcrkiye de demokrasi, emek, bar\u0131\u015f ve \u00f6zg\u00fcrl\u00fck m\u00fccadelesi y\u00fcr\u00fctenlerin \u00f6l\u00fcm cezas\u0131n\u0131n geri getirilmesine izin vermeyecekleri&#8221; ifade edildi. (AS)<\/p>\n<\/div>\n<p>\u00a0<\/p>\n","protected":false},"excerpt":{"rendered":"<p>\u0130HD, a\u00e7l\u0131k grevleri 62. g\u00fcn\u00fcne girmi\u015fken Ba\u015fbakan Erdo\u011fan&#8217;\u0131n \u00f6l\u00fcm cezas\u0131n\u0131 tart\u0131\u015fmaya a\u00e7mas\u0131n\u0131, &#8220;insan ya\u015fam\u0131n\u0131 hi\u00e7e sayan yakla\u015f\u0131m\u0131n\u0131n g\u00f6stergesi&#8221; olarak niteledi.&#46;&#46;&#46;<\/p>\n","protected":false},"author":1,"featured_media":0,"comment_status":"closed","ping_status":"closed","sticky":false,"template":"","format":"standard","meta":{"_jetpack_memberships_contains_paid_content":false,"footnotes":""},"categories":[1],"tags":[],"class_list":["post-3776","post","type-post","status-publish","format-standard","hentry","category-ced"],"aioseo_notices":[],"jetpack_featured_media_url":"","jetpack_sharing_enabled":true,"jetpack-related-posts":[],"_links":{"self":[{"href":"http:\/\/www.ced.org.tr\/index.php?rest_route=\/wp\/v2\/posts\/3776","targetHints":{"allow":["GET"]}}],"collection":[{"href":"http:\/\/www.ced.org.tr\/index.php?rest_route=\/wp\/v2\/posts"}],"about":[{"href":"http:\/\/www.ced.org.tr\/index.php?rest_route=\/wp\/v2\/types\/post"}],"author":[{"embeddable":true,"href":"http:\/\/www.ced.org.tr\/index.php?rest_route=\/wp\/v2\/users\/1"}],"replies":[{"embeddable":true,"href":"http:\/\/www.ced.org.tr\/index.php?rest_route=%2Fwp%2Fv2%2Fcomments&post=3776"}],"version-history":[{"count":0,"href":"http:\/\/www.ced.org.tr\/index.php?rest_route=\/wp\/v2\/posts\/3776\/revisions"}],"wp:attachment":[{"href":"http:\/\/www.ced.org.tr\/index.php?rest_route=%2Fwp%2Fv2%2Fmedia&parent=3776"}],"wp:term":[{"taxonomy":"category","embeddable":true,"href":"http:\/\/www.ced.org.tr\/index.php?rest_route=%2Fwp%2Fv2%2Fcategories&post=3776"},{"taxonomy":"post_tag","embeddable":true,"href":"http:\/\/www.ced.org.tr\/index.php?rest_route=%2Fwp%2Fv2%2Ftags&post=3776"}],"curies":[{"name":"wp","href":"https:\/\/api.w.org\/{rel}","templated":true}]}}