{"id":3777,"date":"2012-11-13T17:08:06","date_gmt":"2012-11-13T15:08:06","guid":{"rendered":"http:\/\/www.ced.org.tr\/?p=3777"},"modified":"2012-11-13T17:08:06","modified_gmt":"2012-11-13T15:08:06","slug":"aclik-grevleri-62-gununde","status":"publish","type":"post","link":"http:\/\/www.ced.org.tr\/?p=3777","title":{"rendered":"A\u00e7l\u0131k Grevleri 62. G\u00fcn\u00fcnde"},"content":{"rendered":"<p><strong>Chomsky Youtube&#8217;dan Seslendi<\/strong><\/p>\n<p>Bilim insan\u0131 Noam Chomsky, T\u00fcrkiye h\u00fck\u00fcmetine youtube \u00fczerinden taleplerin bir an \u00f6nce kar\u015f\u0131lanarak bu krizin sona erdirilmesi i\u00e7in &#8220;acil \u00e7a\u011fr\u0131&#8221; yapt\u0131.<\/p>\n<p>ABD &#8211; B\u0130A Haber Merkezi<\/p>\n<p>12 Kas\u0131m 2012, Pazartesi<\/p>\n<p>Cezaevlerindeki a\u00e7l\u0131k grevlerinin 62. g\u00fcn\u00fcnde bilim insan\u0131 Noam Chomsky, T\u00fcrkiye h\u00fck\u00fcmetine taleplerin bir an \u00f6nce kar\u015f\u0131lanarak bu krizin sona erdirilmesi i\u00e7in &#8220;acil \u00e7a\u011fr\u0131&#8221; yapt\u0131.<\/p>\n<p>Chomsky youtube \u00fczerinden &#8220;T\u00fcrkiye H\u00fck\u00fcmetine acil \u00e7a\u011fr\u0131&#8221; ba\u015fl\u0131kl\u0131 konu\u015fmas\u0131nda \u015f\u00f6yle dedi:<\/p>\n<p>&#8220;T\u00fcrkiye h\u00fck\u00fcmetinden, hem insanl\u0131k n\u00e2m\u0131na, hem de do\u011furaca\u011f\u0131 ciddi siyasi sonu\u00e7lar ve insan haklar\u0131 gerek\u00e7eleriyle, \u015fu anda had safhada tehlikeli \u015fartlara ula\u015fm\u0131\u015f bulunan vahim a\u00e7l\u0131k grevlerinin, bana g\u00f6re son derece makul olan taleplerini kar\u015f\u0131lamak suretiyle, halihaz\u0131rda derinle\u015fmekte olan ve e\u011fer h\u00fck\u00fcmet insani ve dolay\u0131s\u0131yla medeni bir \u015fekilde sorumluluk almazsa \u00e7ok daha k\u00f6t\u00fcle\u015fecek olan bu krizi sona erdirmesini talep ediyorum.&#8221;<\/p>\n<p>\u00a0<\/p>\n","protected":false},"excerpt":{"rendered":"<p>Chomsky Youtube&#8217;dan Seslendi Bilim insan\u0131 Noam Chomsky, T\u00fcrkiye h\u00fck\u00fcmetine youtube \u00fczerinden taleplerin bir an \u00f6nce kar\u015f\u0131lanarak bu krizin sona erdirilmesi&#46;&#46;&#46;<\/p>\n","protected":false},"author":1,"featured_media":0,"comment_status":"closed","ping_status":"closed","sticky":false,"template":"","format":"standard","meta":{"_jetpack_memberships_contains_paid_content":false,"footnotes":""},"categories":[1],"tags":[],"class_list":["post-3777","post","type-post","status-publish","format-standard","hentry","category-ced"],"aioseo_notices":[],"jetpack_featured_media_url":"","jetpack_sharing_enabled":true,"jetpack-related-posts":[],"_links":{"self":[{"href":"http:\/\/www.ced.org.tr\/index.php?rest_route=\/wp\/v2\/posts\/3777","targetHints":{"allow":["GET"]}}],"collection":[{"href":"http:\/\/www.ced.org.tr\/index.php?rest_route=\/wp\/v2\/posts"}],"about":[{"href":"http:\/\/www.ced.org.tr\/index.php?rest_route=\/wp\/v2\/types\/post"}],"author":[{"embeddable":true,"href":"http:\/\/www.ced.org.tr\/index.php?rest_route=\/wp\/v2\/users\/1"}],"replies":[{"embeddable":true,"href":"http:\/\/www.ced.org.tr\/index.php?rest_route=%2Fwp%2Fv2%2Fcomments&post=3777"}],"version-history":[{"count":0,"href":"http:\/\/www.ced.org.tr\/index.php?rest_route=\/wp\/v2\/posts\/3777\/revisions"}],"wp:attachment":[{"href":"http:\/\/www.ced.org.tr\/index.php?rest_route=%2Fwp%2Fv2%2Fmedia&parent=3777"}],"wp:term":[{"taxonomy":"category","embeddable":true,"href":"http:\/\/www.ced.org.tr\/index.php?rest_route=%2Fwp%2Fv2%2Fcategories&post=3777"},{"taxonomy":"post_tag","embeddable":true,"href":"http:\/\/www.ced.org.tr\/index.php?rest_route=%2Fwp%2Fv2%2Ftags&post=3777"}],"curies":[{"name":"wp","href":"https:\/\/api.w.org\/{rel}","templated":true}]}}