{"id":3778,"date":"2012-11-13T17:20:40","date_gmt":"2012-11-13T15:20:40","guid":{"rendered":"http:\/\/www.ced.org.tr\/?p=3778"},"modified":"2012-11-13T17:20:40","modified_gmt":"2012-11-13T15:20:40","slug":"ab-idam-cezasi-kabul-edilemez","status":"publish","type":"post","link":"http:\/\/www.ced.org.tr\/?p=3778","title":{"rendered":"AB: \u0130dam cezas\u0131 kabul edilemez"},"content":{"rendered":"<p><span style=\"color: #222222; font-family: arial, sans-serif; font-size: 12.800000190734863px;\">Ba\u015fbakan Recep Tayyip Erdo\u011fan&#8217;\u0131n g\u00fcndeme getirdi\u011fi &#8216;idam cezas\u0131n\u0131n geri getirilmesi&#8217; tart\u0131\u015fmas\u0131yla ilgili olarak Avrupa Birli\u011fi&#8217;nden yap\u0131lan a\u00e7\u0131klamada, &#8216;\u00f6l\u00fcm cezas\u0131n\u0131n yasaklanmas\u0131n\u0131n, Avrupa Birli\u011fi&#8217;nin insan haklar\u0131 politikalar\u0131n\u0131n temelinde yer ald\u0131\u011f\u0131&#8217; ve idam\u0131n kald\u0131r\u0131lmas\u0131n\u0131n, T\u00fcrkiye&#8217;nin AB s\u00fcrecinde elde etti\u011fi \u00f6nemli kazan\u0131mlardan biri oldu\u011fu kaydedildi.<\/span><\/p>\n<div style=\"color: #222222; font-family: arial, sans-serif; font-size: 12.800000190734863px;\">\n<p>\u00a0<\/p>\n<p><a href=\"http:\/\/www.euractiv.com.tr\/ab-ve-turkiye\/article\/ab-idam-cezasi-kabul-edilemez-026471\" target=\"_blank\" style=\"color: #1155cc;\">http:\/\/www.euractiv.com.tr\/ab-ve-turkiye\/article\/ab-idam-cezasi-kabul-edilemez-026471<\/a><\/p>\n<\/div>\n<div style=\"color: #222222; font-family: arial, sans-serif; font-size: 12.800000190734863px;\">\n<div>\n<p>Ba\u015fbakan Recep Tayyip Erdo\u011fan&#8217;\u0131n, &#8216;idam cezas\u0131n\u0131n geri getirilmesinin tart\u0131\u015fmaya a\u00e7\u0131lmas\u0131na&#8217; y\u00f6nelik \u00e7a\u011fr\u0131lar\u0131n\u0131n ard\u0131ndan Avrupa Birli\u011fi&#8217;nden konuyla ilgili a\u00e7\u0131klama geldi.<\/p>\n<\/div>\n<div>\n<p>Avrupa Komisyonu&#8217;nun geni\u015flemeden sorumlu \u00fcyesi Stefan F\u00fcle&#8217;nin s\u00f6zc\u00fcs\u00fc Peter Stano, yapt\u0131\u011f\u0131 yaz\u0131l\u0131 a\u00e7\u0131klamada \u00f6l\u00fcm cezas\u0131n\u0131n kabul edilemez oldu\u011funu s\u00f6yledi.<\/p>\n<p>\u0130dam\u0131n t\u00fcm d\u00fcnyada kald\u0131r\u0131lmas\u0131n\u0131n, Avrupa Birli\u011fi&#8217;nin insan haklar\u0131 politikalar\u0131n\u0131n temel yap\u0131 ta\u015flar\u0131ndan biri oldu\u011fu kaydedilen a\u00e7\u0131klamada, \u00f6l\u00fcm cezas\u0131n\u0131n yasaklanmas\u0131n\u0131n, Avrupa Birli\u011fi Temel Haklar \u015eart\u0131&#8217;n\u0131n da temel maddelerinden biri oldu\u011funa dikkat \u00e7ekildi.<\/p>\n<p>Avrupa Birli\u011fi Temel Haklar \u015eart\u0131&#8217;n\u0131n ikinci maddesinde, a\u00e7\u0131k bir \u015fekilde Birlik i\u00e7inde &#8216;kimsenin \u00f6l\u00fcm cezas\u0131na \u00e7arpt\u0131r\u0131lmayacak ya da idam edilmeyece\u011fi&#8217; ifadesinin yer ald\u0131\u011f\u0131 vurgulanan a\u00e7\u0131klamada, &#8216;Bu sebeple Komisyon, aday ve potansiyel aday \u00fclkeleri siyasi kriterler \u00e7er\u00e7evesinde izlerken, \u00f6l\u00fcm cezas\u0131na dair kanunlara da bakar. \u00d6l\u00fcm cezas\u0131n\u0131n kald\u0131r\u0131lmas\u0131, T\u00fcrkiye&#8217;nin Avrupa&#8217;ya entegrasyon s\u00fcrecindeki \u00f6nemli siyasi reformlardan biridir&#8217; denildi.<\/p>\n<p>A\u00e7\u0131klamada ayn\u0131 zamanda \u0130nsan Haklar\u0131 ve Temel \u00d6zg\u00fcrl\u00fcklerin Korunmas\u0131na \u0130li\u015fkin Avrupa S\u00f6zle\u015fmesi&#8217;nin, 1982&#8217;de kabul edilen, bar\u0131\u015f zaman\u0131nda \u00f6l\u00fcm cezas\u0131n\u0131n uygulanmamas\u0131na dair alt\u0131nc\u0131 protokol\u00fc ve 2002&#8217;de kabul edilen, \u00f6l\u00fcm cezas\u0131n\u0131n hi\u00e7bir \u015fartta uygulanmamas\u0131na dair on \u00fc\u00e7\u00fcnc\u00fc protokol\u00fcne de dikkat \u00e7ekildi<\/p>\n<\/div>\n<\/div>\n<p>\u00a0<\/p>\n","protected":false},"excerpt":{"rendered":"<p>Ba\u015fbakan Recep Tayyip Erdo\u011fan&#8217;\u0131n g\u00fcndeme getirdi\u011fi &#8216;idam cezas\u0131n\u0131n geri getirilmesi&#8217; tart\u0131\u015fmas\u0131yla ilgili olarak Avrupa Birli\u011fi&#8217;nden yap\u0131lan a\u00e7\u0131klamada, &#8216;\u00f6l\u00fcm cezas\u0131n\u0131n yasaklanmas\u0131n\u0131n,&#46;&#46;&#46;<\/p>\n","protected":false},"author":1,"featured_media":0,"comment_status":"closed","ping_status":"closed","sticky":false,"template":"","format":"standard","meta":{"_jetpack_memberships_contains_paid_content":false,"footnotes":""},"categories":[1],"tags":[],"class_list":["post-3778","post","type-post","status-publish","format-standard","hentry","category-ced"],"aioseo_notices":[],"jetpack_featured_media_url":"","jetpack_sharing_enabled":true,"jetpack-related-posts":[],"_links":{"self":[{"href":"http:\/\/www.ced.org.tr\/index.php?rest_route=\/wp\/v2\/posts\/3778","targetHints":{"allow":["GET"]}}],"collection":[{"href":"http:\/\/www.ced.org.tr\/index.php?rest_route=\/wp\/v2\/posts"}],"about":[{"href":"http:\/\/www.ced.org.tr\/index.php?rest_route=\/wp\/v2\/types\/post"}],"author":[{"embeddable":true,"href":"http:\/\/www.ced.org.tr\/index.php?rest_route=\/wp\/v2\/users\/1"}],"replies":[{"embeddable":true,"href":"http:\/\/www.ced.org.tr\/index.php?rest_route=%2Fwp%2Fv2%2Fcomments&post=3778"}],"version-history":[{"count":0,"href":"http:\/\/www.ced.org.tr\/index.php?rest_route=\/wp\/v2\/posts\/3778\/revisions"}],"wp:attachment":[{"href":"http:\/\/www.ced.org.tr\/index.php?rest_route=%2Fwp%2Fv2%2Fmedia&parent=3778"}],"wp:term":[{"taxonomy":"category","embeddable":true,"href":"http:\/\/www.ced.org.tr\/index.php?rest_route=%2Fwp%2Fv2%2Fcategories&post=3778"},{"taxonomy":"post_tag","embeddable":true,"href":"http:\/\/www.ced.org.tr\/index.php?rest_route=%2Fwp%2Fv2%2Ftags&post=3778"}],"curies":[{"name":"wp","href":"https:\/\/api.w.org\/{rel}","templated":true}]}}