{"id":3784,"date":"2013-01-15T17:44:48","date_gmt":"2013-01-15T15:44:48","guid":{"rendered":"http:\/\/www.ced.org.tr\/?p=3784"},"modified":"2013-01-15T17:44:48","modified_gmt":"2013-01-15T15:44:48","slug":"universitelerde-piyasaciliga-baskiya-gericilige-hayir","status":"publish","type":"post","link":"http:\/\/www.ced.org.tr\/?p=3784","title":{"rendered":"&#8220;\u00dcniversitelerde piyasac\u0131l\u0131\u011fa, bask\u0131ya, gericili\u011fe Hay\u0131r!&#8221;"},"content":{"rendered":"<p><img loading=\"lazy\" decoding=\"async\" src=\"images\/yok_01.JPG\" border=\"0\" width=\"160\" height=\"120\" style=\"float: left; margin: 6px;\" \/><\/p>\n<p>\u00a0<\/p>\n<div class=\"adn ads\" style=\"padding-bottom: 20px; border-left-width: 1px; border-left-style: solid; border-left-color: transparent; padding-left: 4px; color: #222222; font-family: arial, sans-serif; font-size: medium;\">\n<div class=\"gs\" style=\"margin-left: 30px;\">\n<div id=\":1c8\" class=\"ii gt adP adO\" style=\"font-size: 12.666666984558105px; direction: ltr; margin: 5px 15px 0px 0px; padding-bottom: 5px; position: relative; z-index: 2;\">\n<div id=\":1c7\">\n<div>Ankara da \u201c\u00dcniversitelerde piyasac\u0131l\u0131\u011fa, bask\u0131ya, gericili\u011fe Hay\u0131r!\u201d y\u00fcr\u00fcy\u00fc\u015f\u00fc<\/div>\n<div>AKADEM\u0130SYENLER AYAKTA<\/div>\n<div><span style=\"font-size: 12.666666984558105px;\"> <\/span><\/div>\n<div><a style=\"color: #1155cc;\"><\/a><\/p>\n<p>\u00a0<\/p>\n<div><strong>BURCU CANSU\/B\u0130RG\u00dcN<\/strong><\/div>\n<div><strong> <\/p>\n<p><\/strong><\/div>\n<div>T\u00fcrkiye&#8217;nin d\u00f6rt bir yan\u0131ndan \u00e7ok say\u0131da akademisyen Ankara\u2019ya gelerek, \u00fcniversitelerde artan sald\u0131r\u0131lara kar\u015f\u0131 \u201c\u201c\u00dcniversitelerde piyasac\u0131l\u0131\u011fa, bask\u0131ya, gericili\u011fe Hay\u0131r!\u201d ba\u015fl\u0131kl\u0131 y\u00fcr\u00fcy\u00fc\u015f ger\u00e7ekle\u015ftirdi.<\/div>\n<div>Ankara \u00dcniversitesi Cebeci Kamp\u00fcs\u00fcnden Sakarya Meydan\u0131na do\u011fru y\u00fcr\u00fcy\u00fc\u015fe ge\u00e7en akademisyenler ve \u00f6\u011frenciler s\u0131k s\u0131k &#8220;AKP Elini \u00dcniversiteden \u00c7ek!&#8221;, &#8220;Sermayeye Teslim Olmayaca\u011f\u0131z!&#8221;, &#8220;Y\u00d6K&#8217;s\u00fcz \u00dcniversite, AKP&#8217;siz T\u00fcrkiye\u201d sloganlar\u0131 att\u0131.<\/div>\n<div><strong>Eyleme Geni\u015f Kat\u0131l\u0131m<\/strong><\/div>\n<div>Eyleme Abant \u0130zzet Baysal \u00dcniversitesi \u00d6\u011fretim Elemanlar\u0131 Derne\u011fi, Akdeniz \u00dcniversitesi \u00d6\u011fretim Elemanlar\u0131 Derne\u011fi. Ba\u015fka Hacettepe Yok \u0130nisiyatifi, Isparta \u00d6\u011fretim \u00dcyeleri Derne\u011fi, M\u00fclkiyeliler Birli\u011fi Derne\u011fi, ODT\u00dc Mezunlar\u0131 Derne\u011fi, ODT\u00dc \u00d6\u011fretim Elemanlar\u0131 Derne\u011fi, Trakya \u00dcniversite \u00d6\u011fretim Elemanlar\u0131 Derne\u011fi, \u00dcniversite Konseyleri Derne\u011fi ve Van \u00dcniversite \u00d6\u011fretim Elemanlar\u0131 Derne\u011fi\u2019nin yan\u0131 s\u0131ra E\u011fitim Sen Genel Ba\u015fkan\u0131 \u00dcnsal Y\u0131ld\u0131z, KESK Genel Sekreteri \u0130smail Hakk\u0131 Tombul ve \u00c7ankaya Belediye Ba\u015fkan\u0131 B\u00fclent Tan\u0131k kat\u0131ld\u0131.<\/div>\n<div>Y\u00fcr\u00fcy\u00fc\u015fe destekleyen kurumlar olarak \u201cAnkara Tabip Odas\u0131, D\u0130SK Sosyal-\u0130\u015f Ankara \u015eube, \u0130n\u00f6n\u00fc \u00dcniversitesi \u00d6\u011fretim Elemanlar\u0131 Derne\u011fi, \u0130stanbul Eczac\u0131lar Odas\u0131, \u0130stanbul Tabip Odas\u0131, \u0130T\u00dc Asistan Dayan\u0131\u015fmas\u0131, \u0130zmir Tabip Odas\u0131, ODT\u00dc Asistan Dayan\u0131\u015fmas\u0131, SES Genel Merkez, \u00dcN\u0130VDER, TMMOB, T\u00fcrk Hem\u015fireler Derne\u011fi, T\u00fcrk Tabipler Birli\u011fi, Ankara Barosu ve D\u0130SK Dev Sa\u011fl\u0131k-\u0130\u015f\u201d de kat\u0131l\u0131m g\u00f6sterdi.<\/div>\n<div><strong>Yeni Y\u00d6K Yasa Tasla\u011f\u0131 ile \u00d6zelle\u015ftirmenin \u00dcst\u00fc \u00d6rt\u00fclmek \u0130steniyor!<\/strong><\/div>\n<div>Sakarya Caddesi\u2019nde bas\u0131n a\u00e7\u0131klamalar\u0131 yap\u0131ld\u0131. Akademisyenler ad\u0131na a\u00e7\u0131klamay\u0131 yapan \u00dcniversite Konseyleri Derne\u011fi Genel Sekreteri Prof. Dr. Erhan Nal\u00e7ac\u0131, \u201cSon bir y\u0131l boyunca \u00f6\u011fretim \u00fcyelerine, \u00fcniversite emek\u00e7ilerine ve \u00f6\u011frencilere uygulanan bask\u0131 ve y\u0131ld\u0131rma politikalar\u0131 \u00fcniversitelerde gericilikle birlikte \u00e7\u0131\u011f gibi b\u00fcy\u00fcd\u00fc. Yeni Y\u00d6K Yasa Tasla\u011f\u0131 ise gericili\u011fin \u00f6rtt\u00fc\u011f\u00fc \u00f6zelle\u015ftirme, \u00fcniversiteleri do\u011frudan sermayeye ba\u011flama, akademisyenlerin i\u015f g\u00fcvencesi ve akademik \u00f6zerkli\u011fini yok etme planlar\u0131n\u0131 d\u0131\u015fa vurdu. ODT\u00dc&#8217;de ya\u015fananlar AKP&#8217;nin Y\u00d6K&#8217;de dahil olmak \u00fczere onca g\u00fcc\u00fc ele ge\u00e7irmesine ra\u011fmen \u00fcniversitelerdeki direnci k\u0131ramad\u0131\u011f\u0131n\u0131 g\u00f6sterdi. ODT\u00dc&#8217;y\u00fc k\u0131nayan bir metne emirle imza atan rekt\u00f6rler akademi ad\u0131na y\u00fcz\u00fcm\u00fcz\u00fc k\u0131zart\u0131rken, ODT\u00dc ile birlikte aya\u011fa kalkan t\u00fcm akademisyen ve \u00f6\u011frenciler gelece\u011fe ve \u00fclkeye olan inanc\u0131m\u0131z\u0131 tazelediler\u201d \u015feklinde konu\u015ftu.<\/div>\n<div>Nal\u00e7ac\u0131, Yeni Y\u00d6K Yasa Tasla\u011f\u0131 Meclise sunulursa, akademisyenlerin Meclis \u00f6n\u00fcne y\u00fcr\u00fcyece\u011fini s\u00f6yledi.<\/div>\n<div><strong>M\u00fccadelemize Devam Edece\u011fiz!<\/strong><\/div>\n<div>T\u00fcrkiye genelinden kat\u0131lan akademisyenler, \u00f6\u011frenciler ve destekleyen kurum ve kurulu\u015flar ad\u0131na okunan ortak metni ise, Ankara \u00dcniversitesi Ara\u015ft\u0131rma G\u00f6revlisi Ebru Aylar okudu. Aylar, \u201c\u00dcniversite e\u011fitimi her d\u00fczeyde paras\u0131z olmal\u0131d\u0131r. \u00dcniversiteler, sunduklar\u0131 e\u011fitimden herkesin e\u015fit yararlanabilece\u011fi kurumlar olmal\u0131d\u0131r. \u00dcniversitelerde piyasac\u0131l\u0131\u011fa, bask\u0131ya ve gericili\u011fe hay\u0131r diyoruz. Bilim ancak \u00f6zg\u00fcr bir ortamda yap\u0131l\u0131r. AKP d\u00f6neminde \u00fcniversitelere bilim de\u011fil, dogmalar rehberlik etsin istenir hale geldi. \u00dcniversiteleri piyasaya teslim ederken ba\u015f\u0131na da patronlar dikilmek isteniyor. \u00a0\u00d6\u011fretim elemanlar\u0131 ve \u00f6\u011frenciler a\u011f\u0131r bask\u0131 ortam\u0131nda susturulmaya \u00e7al\u0131\u015f\u0131l\u0131yor. Bizler m\u00fccadeleye devam edece\u011fiz\u201d ifadelerini kulland\u0131.<\/div>\n<div>Sakarya Meydan\u0131\u2019nda bas\u0131n a\u00e7\u0131klamas\u0131 ve halka bildiri da\u011f\u0131t\u0131lmas\u0131yla son buldu.<\/div>\n<div><a href=\"http:\/\/www.birgun.net\/edus_index.php?news_code=1357984449&amp;year=2013&amp;month=01&amp;day=12\" target=\"_blank\" style=\"color: #1155cc;\">http:\/\/www.birgun.net\/edus_index.php?news_code=1357984449&amp;year=2013&amp;month=01&amp;day=12<\/a><\/div>\n<div><a href=\"images\/yok_02.JPG\" target=\"_blank\"><img loading=\"lazy\" decoding=\"async\" src=\"images\/yok_02.JPG\" border=\"0\" width=\"160\" height=\"120\" \/><\/a> <a href=\"images\/yok_03.JPG\" target=\"_blank\"><img loading=\"lazy\" decoding=\"async\" src=\"images\/yok_03.JPG\" border=\"0\" width=\"160\" height=\"120\" style=\"vertical-align: text-bottom;\" \/><\/a><\/div>\n<\/div>\n<\/div>\n<\/div>\n<\/div>\n<\/div>\n<p>\u00a0<\/p>\n","protected":false},"excerpt":{"rendered":"<p>\u00a0 Ankara da \u201c\u00dcniversitelerde piyasac\u0131l\u0131\u011fa, bask\u0131ya, gericili\u011fe Hay\u0131r!\u201d y\u00fcr\u00fcy\u00fc\u015f\u00fc AKADEM\u0130SYENLER AYAKTA \u00a0 BURCU CANSU\/B\u0130RG\u00dcN T\u00fcrkiye&#8217;nin d\u00f6rt bir yan\u0131ndan \u00e7ok say\u0131da&#46;&#46;&#46;<\/p>\n","protected":false},"author":1,"featured_media":0,"comment_status":"closed","ping_status":"closed","sticky":false,"template":"","format":"standard","meta":{"_jetpack_memberships_contains_paid_content":false,"footnotes":""},"categories":[1],"tags":[],"class_list":["post-3784","post","type-post","status-publish","format-standard","hentry","category-ced"],"aioseo_notices":[],"jetpack_featured_media_url":"","jetpack_sharing_enabled":true,"jetpack-related-posts":[],"_links":{"self":[{"href":"http:\/\/www.ced.org.tr\/index.php?rest_route=\/wp\/v2\/posts\/3784","targetHints":{"allow":["GET"]}}],"collection":[{"href":"http:\/\/www.ced.org.tr\/index.php?rest_route=\/wp\/v2\/posts"}],"about":[{"href":"http:\/\/www.ced.org.tr\/index.php?rest_route=\/wp\/v2\/types\/post"}],"author":[{"embeddable":true,"href":"http:\/\/www.ced.org.tr\/index.php?rest_route=\/wp\/v2\/users\/1"}],"replies":[{"embeddable":true,"href":"http:\/\/www.ced.org.tr\/index.php?rest_route=%2Fwp%2Fv2%2Fcomments&post=3784"}],"version-history":[{"count":0,"href":"http:\/\/www.ced.org.tr\/index.php?rest_route=\/wp\/v2\/posts\/3784\/revisions"}],"wp:attachment":[{"href":"http:\/\/www.ced.org.tr\/index.php?rest_route=%2Fwp%2Fv2%2Fmedia&parent=3784"}],"wp:term":[{"taxonomy":"category","embeddable":true,"href":"http:\/\/www.ced.org.tr\/index.php?rest_route=%2Fwp%2Fv2%2Fcategories&post=3784"},{"taxonomy":"post_tag","embeddable":true,"href":"http:\/\/www.ced.org.tr\/index.php?rest_route=%2Fwp%2Fv2%2Ftags&post=3784"}],"curies":[{"name":"wp","href":"https:\/\/api.w.org\/{rel}","templated":true}]}}