{"id":3785,"date":"2013-01-16T11:44:39","date_gmt":"2013-01-16T09:44:39","guid":{"rendered":"http:\/\/www.ced.org.tr\/?p=3785"},"modified":"2013-01-16T11:44:39","modified_gmt":"2013-01-16T09:44:39","slug":"buradayiz-ahparig-2","status":"publish","type":"post","link":"http:\/\/www.ced.org.tr\/?p=3785","title":{"rendered":"Buraday\u0131z Ahparig!"},"content":{"rendered":"<p><img loading=\"lazy\" decoding=\"async\" src=\"images\/hrant.jpg\" border=\"0\" width=\"225\" height=\"150\" style=\"float: left; margin: 6px;\" \/><\/p>\n<p><span style=\"font-family: 'Times New Roman', serif; font-size: 16px; line-height: 18.399999618530273px;\">\u00d6l\u00fcm y\u0131ld\u00f6n\u00fcm\u00fcnde 19 Ocak&#8217;ta saat 13:30&#8217;da \u015ei\u015fli&#8217;de, saat 15.00&#8217;te Agos gazetesinin \u00f6n\u00fcnde Hrant&#8217;\u0131n Arkada\u015flar\u0131 &#8220;Buraday\u0131z Ahparig&#8221; diye hayk\u0131racak! <\/span><\/p>\n<p>\u00a0<\/p>\n<p>\u00a0<\/p>\n<p>\u00a0<\/p>\n<p>\u00a0<\/p>\n<p><span style=\"font-family: 'Times New Roman', serif; font-size: 16px; line-height: 18.399999618530273px;\"><strong>Buraday\u0131z Ahparig!<\/strong><\/span><\/p>\n<p><span style=\"font-family: 'Times New Roman', serif; font-size: 12pt; line-height: 18.399999618530273px;\">Ahparig kelimesinin anlam\u0131n\u0131 kendisi de \u00e7ok az Ermenice bilen\u00a0 Ermeni bir arkada\u015f\u0131ma sordum. KARDE\u015e\u0130M demekmi\u015f.<\/span><strong style=\"font-family: 'Times New Roman', serif; font-size: 12pt; line-height: 18.399999618530273px;\">BURADAYIZ KARDE\u015e\u0130M<\/strong><span style=\"font-family: 'Times New Roman', serif; font-size: 12pt; line-height: 18.399999618530273px;\"> !<\/span><\/p>\n<p><span style=\"font-family: 'Times New Roman', serif; font-size: 12pt; line-height: 18.399999618530273px;\">Binlerce kilometre uzakta ya\u015fayan insanlar\u0131n dillerini konu\u015fabilirken, ayn\u0131 topraklarda, ayn\u0131 sokakta, ayn\u0131 apartmanda\u00a0 birlikte ya\u015fad\u0131\u011f\u0131m\u0131z insanlar\u0131n de\u011fil\u00a0 dillerini bilmek, bazen tek bir kelimesini bile\u00a0anlamad\u0131\u011f\u0131m\u0131z i\u00e7in \u00a0utan\u0131yorum. Ancak baz\u0131 Ermeni ve K\u00fcrt arkada\u015flar\u0131m\u0131n da benden \u00e7ok da farkl\u0131 olmad\u0131\u011f\u0131n\u0131 g\u00f6r\u00fcnce daha da \u015fa\u015f\u0131r\u0131yorum. <\/span><\/p>\n<p>\u00a0<\/p>\n<p class=\"Standard\"><span style=\"font-size: 12.0pt; line-height: 115%; font-family: &quot;Times New Roman&quot;,&quot;serif&quot;;\">\u00c7\u00fcnk\u00fc anneleri koruma i\u00e7g\u00fcd\u00fcs\u00fc ile, ba\u015flar\u0131na ileride bir \u015fey (!) gelmesin diye \u00e7ocuklar\u0131na ana dillerini \u00f6\u011fretmekten korkmu\u015flar. Ne kadar ac\u0131. Zaten ana dilini bilenlerin ba\u015f\u0131na da bir \u015feyler (!) gelmi\u015f.<\/span><\/p>\n<p class=\"Standard\"><span style=\"font-size: 12.0pt; line-height: 115%; font-family: &quot;Times New Roman&quot;,&quot;serif&quot;;\">Agos Gazetesi Genel Yay\u0131n Y\u00f6netmeni Hrant Dink 6 y\u0131l \u00f6nce<em>(19 Ocak 2007)<\/em> \u015fehrin g\u00f6be\u011finde, derne\u011fimizin birka\u00e7 ad\u0131m \u00f6tesinde g\u00fcpeg\u00fcnd\u00fcz bir \u00e7ocuk(!) taraf\u0131ndan \u00f6ld\u00fcr\u00fcld\u00fc.<\/span><\/p>\n<p class=\"Standard\"><span style=\"font-size: 12.0pt; line-height: 115%; font-family: &quot;Times New Roman&quot;,&quot;serif&quot;;\">Hrant ayn\u0131 g\u00fcn yay\u0131nlanan\u00a0<span class=\"StrongEmphasis\">Ruh halimin g\u00fcvercin tedirginli\u011fi&#8221;<\/span><em> <\/em>yaz\u0131s\u0131nda tam da \u015f\u00f6yle diyordu.; <\/span><\/p>\n<p class=\"Standard\">\u00a0<\/p>\n<p class=\"Standard\"><span style=\"font-size: 12.0pt; line-height: 115%; font-family: &quot;Times New Roman&quot;,&quot;serif&quot;;\"><em>Evet kendimi bir g\u00fcvercinin ruh tedirginli\u011fi i\u00e7inde g\u00f6rebilirim, ama biliyorum ki bu \u00fclkede insanlar g\u00fcvercinlere dokunmaz.<\/em><\/span><\/p>\n<p class=\"Standard\"><span style=\"line-height: 18.399999618530273px; font-family: 'Times New Roman', serif; font-size: medium;\"><em>G\u00fcvercinler kentin ta i\u00e7lerinde, insan kalabal\u0131klar\u0131nda dahi ya\u015famlar\u0131n\u0131 s\u00fcrd\u00fcr\u00fcrler.<\/em><\/span><\/p>\n<p class=\"Standard\"><span style=\"font-size: 12.0pt; line-height: 115%; font-family: &quot;Times New Roman&quot;,&quot;serif&quot;;\"><span style=\"font-family: 'Times New Roman', serif; font-size: small;\"><em> <\/em><\/span><\/span><\/p>\n<p class=\"Standard\"><em style=\"font-size: 10px;\"><span style=\"font-size: 12.0pt; line-height: 115%; font-family: &quot;Times New Roman&quot;,&quot;serif&quot;;\">Evet biraz \u00fcrkek\u00e7e ama bir o kadar da \u00f6zg\u00fcrce<\/span><\/em><\/p>\n<p>\u00a0<\/p>\n<p class=\"Standard\"><span style=\"font-size: 12.0pt; line-height: 115%; font-family: &quot;Times New Roman&quot;,&quot;serif&quot;;\">Hrant&#8217;\u0131n \u00f6ld\u00fcr\u00fclece\u011fini Gabriel Garcia Marquez&#8217;in \u201cK\u0131rm\u0131z\u0131 pazartesi\u201d roman\u0131nda oldu\u011fu gibi herkes biliyordu.<\/span><\/p>\n<p class=\"Standard\"><span style=\"font-size: 12.0pt; line-height: 115%; font-family: &quot;Times New Roman&quot;,&quot;serif&quot;;\">Ge\u00e7en alt\u0131 y\u0131l i\u00e7inde mahkeme\u00a0 cinayetin \u201cmilliyet\u00e7i duygularla\u201d birka\u00e7 \u201c\u00e7ocuk\u201dtaraf\u0131ndan i\u015flendi\u011fine karar verdi ve \u00f6rg\u00fct ba\u011flant\u0131s\u0131 bulamad\u0131.Bu karar vicdanlar\u0131 bir kez daha s\u0131zlatt\u0131. Mahkeme ba\u015fkan\u0131 dahi \u201ckarar\u0131n i\u00e7ine sinmedi\u011fini\u201d s\u00f6yledi.<\/span><\/p>\n<p class=\"Standard\"><span style=\"font-size: 12.0pt; line-height: 115%; font-family: &quot;Times New Roman&quot;,&quot;serif&quot;;\">Derne\u011fimizin de bulundu\u011fu, ad\u0131 Ergenekon olan caddenin ad\u0131n\u0131n \u201cHrant Dink caddesi\u201d olmas\u0131 i\u00e7in yap\u0131lan ba\u015fvurular reddedildi. Timsah g\u00f6z ya\u015flar\u0131 d\u00f6kenler eskiden Tatavla olan bu semtin ad\u0131n\u0131 Kurtulu\u015f olarak de\u011fi\u015ftirirken cadde ve sokaklar\u0131n adlar\u0131n\u0131 da Ergenekon, Bozkurt vb. olarak uygun g\u00f6rm\u00fc\u015fler. Zaten Hrant da y\u0131llarca F\u0131rat ad\u0131n\u0131 kullanmak zorunda hissetmi\u015f.<\/span><\/p>\n<p class=\"Standard\"><span style=\"font-size: 12.0pt; line-height: 115%; font-family: &quot;Times New Roman&quot;,&quot;serif&quot;;\">Hrant&#8217;\u0131n arkada\u015flar\u0131 Hrant&#8217;\u0131n \u00f6ld\u00fcr\u00fcld\u00fc\u011f\u00fc yerde ve saatte, Agos gazetesinin \u00f6n\u00fcnde BURADAYIZ KARDE\u015e\u0130M demek i\u00e7in bulu\u015fuyor.<\/span><\/p>\n<p class=\"Standard\"><span style=\"font-size: 12.0pt; line-height: 115%; font-family: &quot;Times New Roman&quot;,&quot;serif&quot;;\">G\u00f6z g\u00f6re g\u00f6re i\u015flenen bu cinayetin as\u0131l faiillerinin (bulunmas\u0131 i\u00e7in demiyorum \u00e7\u00fcnk\u00fc katilleri biliyoruz ) cezaland\u0131r\u0131lmas\u0131 i\u00e7in hayk\u0131raca\u011f\u0131z.<\/span><\/p>\n<p class=\"Standard\"><span style=\"font-size: 12.0pt; line-height: 115%; font-family: &quot;Times New Roman&quot;,&quot;serif&quot;;\">Hrant Dink&#8217;in \u00f6ld\u00fcr\u00fclmesinin 6. y\u0131l\u0131nda \u00e7e\u015fitli etkinlikler yap\u0131lacak. <\/span><a href=\"http:\/\/buradayizahparig.net\/\"><span class=\"Internetlink\"><span style=\"font-size: 12.0pt; line-height: 115%; font-family: &quot;Times New Roman&quot;,&quot;serif&quot;;\">http:\/\/buradayizahparig.net\/<\/span><\/span><\/a><span style=\"font-size: 12.0pt; line-height: 115%; font-family: &quot;Times New Roman&quot;,&quot;serif&quot;;\"> )<\/span><\/p>\n<p class=\"Standard\"><span style=\"font-size: 12.0pt; line-height: 115%; font-family: &quot;Times New Roman&quot;,&quot;serif&quot;;\">\u00d6l\u00fcm y\u0131ld\u00f6n\u00fcm\u00fcnde 19 Ocak&#8217;ta saat 13:30&#8217;da \u015ei\u015fli&#8217;de saat 15:00&#8217;te Agos gazetesinin \u00f6n\u00fcnde bulu\u015fulacak.<\/span><\/p>\n<p class=\"Standard\"><span style=\"font-size: 12.0pt; line-height: 115%; font-family: &quot;Times New Roman&quot;,&quot;serif&quot;;\">Hrant&#8217;\u0131n Arkada\u015flar\u0131 yay\u0131mlad\u0131klar\u0131 bildiride \u015f\u00f6yle diyor:<\/span><\/p>\n<p class=\"Standard\"><em><span style=\"font-size: 12.0pt; line-height: 115%; font-family: &quot;Times New Roman&quot;,&quot;serif&quot;;\">Hrant Dink&#8217;in katledilmesinin \u00fczerinden tam 6 y\u0131l ge\u00e7ti. Bu 6 y\u0131lda katillerin eline silah veren, onlar\u0131 cesaretlendiren, cinayeti \u00f6rg\u00fctleyen, soru\u015fturmay\u0131 karartan devlet i\u00e7indeki yap\u0131 yarg\u0131 \u00f6n\u00fcne \u00e7\u0131kar\u0131lmad\u0131, verilen s\u00f6zler tutulmad\u0131.<\/span><\/em><\/p>\n<p class=\"Standard\"><em><span style=\"font-size: 12.0pt; line-height: 115%; font-family: &quot;Times New Roman&quot;,&quot;serif&quot;;\">Tam tersine Hrant Dink&#8217;i \u00f6l\u00fcme g\u00f6t\u00fcren neredeyse t\u00fcm resmi g\u00f6revliler, h\u00fck\u00fcmet taraf\u0131ndan el \u00fcst\u00fcnde tutuldu, terfi ettirildi. Karartt\u0131lar, \u00e7\u00f6zmediler, unutturmak istediler, \u00fcst\u00fcn\u00fc \u00f6rtt\u00fcler, \u00f6rg\u00fct &#8216;bulamad\u0131lar&#8217;, ger\u00e7ek katilleri korudular, sahiplendiler. Bu, cinayete ortakl\u0131kt\u0131r. Hrant&#8217;\u0131n ger\u00e7ek katilleri yarg\u0131 \u00f6n\u00fcne \u00e7\u0131kar\u0131lmal\u0131d\u0131r. Bunun i\u00e7in adalet aray\u0131\u015f\u0131m\u0131z\u0131 daha da g\u00fc\u00e7lendirmeli, kararl\u0131l\u0131\u011f\u0131m\u0131z\u0131 g\u00f6stermeli, sesimizi daha da g\u00fcr \u00e7\u0131karmal\u0131y\u0131z. \u0130stedikleri kadar kararts\u0131nlar, korusunlar, kollas\u0131nlar. Biz bitti demeden bu dava bitmez. Buraday\u0131z Ahparig&#8230;&#8221;<\/span><\/em><\/p>\n<p class=\"Standard\"><em><span style=\"font-size: 12.0pt; line-height: 115%; font-family: &quot;Times New Roman&quot;,&quot;serif&quot;;\">Seni \u00f6ld\u00fcrtt\u00fckleri \u00e7ocu\u011fu mecburen hapse att\u0131lar ama \u00f6nce kahraman yapt\u0131lar<\/span><\/em><\/p>\n<p class=\"Standard\"><em><span style=\"font-size: 12.0pt; line-height: 115%; font-family: &quot;Times New Roman&quot;,&quot;serif&quot;;\">Bir de adam harcad\u0131lar kendi yeti\u015ftirdiklerinden<\/span><\/em><\/p>\n<p class=\"Standard\"><em><span style=\"font-size: 12.0pt; line-height: 115%; font-family: &quot;Times New Roman&quot;,&quot;serif&quot;;\">Katillerden biri resmi elemanlar\u0131yd\u0131 k\u0131yamad\u0131lar<\/span><\/em><\/p>\n<p class=\"Standard\"><em><span style=\"font-size: 12.0pt; line-height: 115%; font-family: &quot;Times New Roman&quot;,&quot;serif&quot;;\">Cinayete kat\u0131lan, ad\u0131 kar\u0131\u015fan herkesi \u00f6d\u00fcllendirdiler<\/span><\/em><\/p>\n<p class=\"Standard\"><em><span style=\"font-size: 12.0pt; line-height: 115%; font-family: &quot;Times New Roman&quot;,&quot;serif&quot;;\">Terfi ettirdiler, vali yapt\u0131lar, meclise ald\u0131lar<\/span><\/em><\/p>\n<p class=\"Standard\"><em><span style=\"font-size: 12.0pt; line-height: 115%; font-family: &quot;Times New Roman&quot;,&quot;serif&quot;;\">Seni hedef haline getirenler de ikbal g\u00f6rd\u00fc<\/span><\/em><\/p>\n<p class=\"Standard\">\u00a0<\/p>\n<p class=\"Standard\"><em><span style=\"font-size: 12.0pt; line-height: 115%; font-family: &quot;Times New Roman&quot;,&quot;serif&quot;;\">19 ocakta seni vurduklar\u0131 yerde<\/span><\/em><\/p>\n<p class=\"Standard\"><strong><em><span style=\"font-size: 12.0pt; line-height: 115%; font-family: &quot;Times New Roman&quot;,&quot;serif&quot;;\">Y\u00fczs\u00fczlere inat o g\u00fcn yine oraday\u0131z ahparig.<\/span><\/em><\/strong><\/p>\n<p class=\"Standard\">\u00a0<\/p>\n<p class=\"Standard\"><strong><span style=\"font-size: 12pt; line-height: 115%; font-family: 'Times New Roman', serif;\">Ecz. Nurdan Demirkan<\/span><\/strong><\/p>\n<div><strong><span style=\"font-size: 12pt; line-height: 115%; font-family: 'Times New Roman', serif;\"><br \/><\/span><\/strong><\/div>\n<p>\u00a0<\/p>\n","protected":false},"excerpt":{"rendered":"<p>\u00d6l\u00fcm y\u0131ld\u00f6n\u00fcm\u00fcnde 19 Ocak&#8217;ta saat 13:30&#8217;da \u015ei\u015fli&#8217;de, saat 15.00&#8217;te Agos gazetesinin \u00f6n\u00fcnde Hrant&#8217;\u0131n Arkada\u015flar\u0131 &#8220;Buraday\u0131z Ahparig&#8221; diye hayk\u0131racak! \u00a0 \u00a0&#46;&#46;&#46;<\/p>\n","protected":false},"author":1,"featured_media":0,"comment_status":"closed","ping_status":"closed","sticky":false,"template":"","format":"standard","meta":{"_jetpack_memberships_contains_paid_content":false,"footnotes":""},"categories":[1],"tags":[],"class_list":["post-3785","post","type-post","status-publish","format-standard","hentry","category-ced"],"aioseo_notices":[],"jetpack_featured_media_url":"","jetpack_sharing_enabled":true,"jetpack-related-posts":[],"_links":{"self":[{"href":"http:\/\/www.ced.org.tr\/index.php?rest_route=\/wp\/v2\/posts\/3785","targetHints":{"allow":["GET"]}}],"collection":[{"href":"http:\/\/www.ced.org.tr\/index.php?rest_route=\/wp\/v2\/posts"}],"about":[{"href":"http:\/\/www.ced.org.tr\/index.php?rest_route=\/wp\/v2\/types\/post"}],"author":[{"embeddable":true,"href":"http:\/\/www.ced.org.tr\/index.php?rest_route=\/wp\/v2\/users\/1"}],"replies":[{"embeddable":true,"href":"http:\/\/www.ced.org.tr\/index.php?rest_route=%2Fwp%2Fv2%2Fcomments&post=3785"}],"version-history":[{"count":0,"href":"http:\/\/www.ced.org.tr\/index.php?rest_route=\/wp\/v2\/posts\/3785\/revisions"}],"wp:attachment":[{"href":"http:\/\/www.ced.org.tr\/index.php?rest_route=%2Fwp%2Fv2%2Fmedia&parent=3785"}],"wp:term":[{"taxonomy":"category","embeddable":true,"href":"http:\/\/www.ced.org.tr\/index.php?rest_route=%2Fwp%2Fv2%2Fcategories&post=3785"},{"taxonomy":"post_tag","embeddable":true,"href":"http:\/\/www.ced.org.tr\/index.php?rest_route=%2Fwp%2Fv2%2Ftags&post=3785"}],"curies":[{"name":"wp","href":"https:\/\/api.w.org\/{rel}","templated":true}]}}