{"id":3787,"date":"2013-01-24T08:28:07","date_gmt":"2013-01-24T06:28:07","guid":{"rendered":"http:\/\/www.ced.org.tr\/?p=3787"},"modified":"2013-01-24T08:28:07","modified_gmt":"2013-01-24T06:28:07","slug":"derin-katliamin-20-yili","status":"publish","type":"post","link":"http:\/\/www.ced.org.tr\/?p=3787","title":{"rendered":"Derin Katliam\u0131n 20. Y\u0131l\u0131"},"content":{"rendered":"<p style=\"text-align: center;\"><img loading=\"lazy\" decoding=\"async\" src=\"http:\/\/www.denizlihaber.com\/medya\/2012\/01\/denizli-ugur-mumcu-yu-aniyor-h.jpg\" border=\"0\" width=\"240\" height=\"160\" style=\"vertical-align: middle; margin: 6px;\" \/><\/p>\n<p style=\"text-align: center;\">Katledili\u015finin 20. y\u0131l\u0131nda U\u011fur Mumcu&#8217;yu sayg\u0131yla an\u0131yoruz.<\/p>\n<p>\u00a0<\/p>\n<p style=\"text-align: left;\"><a href=\"http:\/\/www.bianet.org\/bianet\/insan-haklari\/143817-mirascilarina-birakilan-adaletin-enkazidir\">&#8220;Miras\u00e7\u0131lar\u0131na B\u0131rak\u0131lan Adaletin Enkaz\u0131d\u0131r&#8221;<\/a><\/p>\n<p style=\"text-align: left;\">\u00a0<\/p>\n<p style=\"text-align: left;\"><span style=\"font-family: FranklinGothicBookRegular; font-size: 13.333333015441895px; line-height: 20px; text-align: start; background-color: #f7f7f9; color: #ff0000;\"><strong>Derin katliam\u0131n 20. Y\u0131l\u0131<\/strong><\/span><br style=\"font-family: FranklinGothicBookRegular; font-size: 13.333333015441895px; line-height: 20px; text-align: start; background-color: #f7f7f9;\" \/><strong style=\"font-family: FranklinGothicBookRegular; font-size: 13.333333015441895px; line-height: 20px; text-align: start; background-color: #f7f7f9;\">U\u011fur Mumcu\u2019yu devlet \u00f6ld\u00fcrd\u00fc!<\/strong><br style=\"font-family: FranklinGothicBookRegular; font-size: 13.333333015441895px; line-height: 20px; text-align: start; background-color: #f7f7f9;\" \/><br style=\"font-family: FranklinGothicBookRegular; font-size: 13.333333015441895px; line-height: 20px; text-align: start; background-color: #f7f7f9;\" \/><span style=\"font-family: FranklinGothicBookRegular; font-size: 13.333333015441895px; line-height: 20px; text-align: start; background-color: #f7f7f9;\">Cumhuriyet gazetesi yazar\u0131 U\u011fur Mumcu 24 Ocak 1993 Pazar g\u00fcn\u00fc Ankara\u2019daki evinin bah\u00e7esinde otomobiline konulan bomba ile havaya u\u00e7urularak \u00f6ld\u00fcr\u00fcld\u00fc.<\/span><br style=\"font-family: FranklinGothicBookRegular; font-size: 13.333333015441895px; line-height: 20px; text-align: start; background-color: #f7f7f9;\" \/><br style=\"font-family: FranklinGothicBookRegular; font-size: 13.333333015441895px; line-height: 20px; text-align: start; background-color: #f7f7f9;\" \/><span style=\"font-family: FranklinGothicBookRegular; font-size: 13.333333015441895px; line-height: 20px; text-align: start; background-color: #f7f7f9;\">Sonra bu cinayeti ayd\u0131nlatmas\u0131 gereken ne kadar etkili ve yetkili varsa hepsinin ortak \u00e7abas\u0131yla \u00fcst\u00fc \u00f6rt\u00fcld\u00fc. Faili me\u00e7hul bir cinayet halinde paketlenip, devletin karanl\u0131k dehlizlerine at\u0131ld\u0131.<\/span><br style=\"font-family: FranklinGothicBookRegular; font-size: 13.333333015441895px; line-height: 20px; text-align: start; background-color: #f7f7f9;\" \/><br style=\"font-family: FranklinGothicBookRegular; font-size: 13.333333015441895px; line-height: 20px; text-align: start; background-color: #f7f7f9;\" \/><span style=\"font-family: FranklinGothicBookRegular; font-size: 13.333333015441895px; line-height: 20px; text-align: start; background-color: #f7f7f9;\">Bug\u00fcne kadar ortaya \u00e7\u0131kan b\u00fct\u00fcn geli\u015fmeleri yan yana getirince kanl\u0131 tablo hi\u00e7 kimseye k\u0131p\u0131rdayacak yer b\u0131rakm\u0131yor:<\/span><br style=\"font-family: FranklinGothicBookRegular; font-size: 13.333333015441895px; line-height: 20px; text-align: start; background-color: #f7f7f9;\" \/><br style=\"font-family: FranklinGothicBookRegular; font-size: 13.333333015441895px; line-height: 20px; text-align: start; background-color: #f7f7f9;\" \/><span style=\"font-family: FranklinGothicBookRegular; font-size: 13.333333015441895px; line-height: 20px; text-align: start; background-color: #f7f7f9;\"> \u201cBu i\u015fi devlet yapm\u0131\u015ft\u0131r, siyasi iktidar isterse \u00e7\u00f6zer!\u201d<\/span><br style=\"font-family: FranklinGothicBookRegular; font-size: 13.333333015441895px; line-height: 20px; text-align: start; background-color: #f7f7f9;\" \/><br style=\"font-family: FranklinGothicBookRegular; font-size: 13.333333015441895px; line-height: 20px; text-align: start; background-color: #f7f7f9;\" \/><span style=\"font-family: FranklinGothicBookRegular; font-size: 13.333333015441895px; line-height: 20px; text-align: start; background-color: #f7f7f9;\">Yukar\u0131daki c\u00fcmle U\u011fur Mumcu cinayetini \u201c\u00e7\u00f6zmemekle\u201d g\u00f6revlendirilmi\u015f ilk ve en \u00f6nemli ki\u015fi DGM Savc\u0131s\u0131 \u00dclk\u00fc Co\u015fkun\u2019a aittir.\u00a0 Cinayetten \u00fc\u00e7 hafta sonra 18 \u015eubat 1993 g\u00fcn\u00fc G\u00fcldal Mumcu\u2019ya evinde s\u00f6ylemi\u015ftir. U\u011fur Mumcu Cinayetini \u201c\u00c7\u00f6zmemekle\u201d g\u00f6revli savc\u0131 bir de ekleme yapm\u0131\u015ft\u0131:<\/span><br style=\"font-family: FranklinGothicBookRegular; font-size: 13.333333015441895px; line-height: 20px; text-align: start; background-color: #f7f7f9;\" \/><br style=\"font-family: FranklinGothicBookRegular; font-size: 13.333333015441895px; line-height: 20px; text-align: start; background-color: #f7f7f9;\" \/><span style=\"font-family: FranklinGothicBookRegular; font-size: 13.333333015441895px; line-height: 20px; text-align: start; background-color: #f7f7f9;\">\u201cBu s\u00f6ylediklerimi bas\u0131na a\u00e7\u0131klarsan\u0131z yalanlar\u0131m!\u201d<\/span><br style=\"font-family: FranklinGothicBookRegular; font-size: 13.333333015441895px; line-height: 20px; text-align: start; background-color: #f7f7f9;\" \/><br style=\"font-family: FranklinGothicBookRegular; font-size: 13.333333015441895px; line-height: 20px; text-align: start; background-color: #f7f7f9;\" \/><span style=\"font-family: FranklinGothicBookRegular; font-size: 13.333333015441895px; line-height: 20px; text-align: start; background-color: #f7f7f9;\">Devletin tepesinde yer alanlar\u0131n do\u011fal bir refleksle en s\u0131k yapt\u0131klar\u0131 \u015feye sar\u0131lm\u0131\u015ft\u0131 savc\u0131: Yalan!<\/span><br style=\"font-family: FranklinGothicBookRegular; font-size: 13.333333015441895px; line-height: 20px; text-align: start; background-color: #f7f7f9;\" \/><strong style=\"font-family: FranklinGothicBookRegular; font-size: 13.333333015441895px; line-height: 20px; text-align: start; background-color: #f7f7f9;\"><br \/>DEM\u0130RAL: \u00c7\u00d6ZMEYECE\u011e\u0130Z!<\/strong><br style=\"font-family: FranklinGothicBookRegular; font-size: 13.333333015441895px; line-height: 20px; text-align: start; background-color: #f7f7f9;\" \/><br style=\"font-family: FranklinGothicBookRegular; font-size: 13.333333015441895px; line-height: 20px; text-align: start; background-color: #f7f7f9;\" \/><span style=\"font-family: FranklinGothicBookRegular; font-size: 13.333333015441895px; line-height: 20px; text-align: start; background-color: #f7f7f9;\">Bu resmi itiraftan \u00f6ncesi de var. 1993\u2019te Devlet G\u00fcvenlik Mahkemesi Ba\u015fsavc\u0131s\u0131 Nusret Demiral\u2019\u0131n yapt\u0131\u011f\u0131 ilk a\u00e7\u0131klamas\u0131 her \u015feyin nas\u0131l geli\u015fece\u011fini de g\u00f6steriyordu. DGM Ba\u015fsavc\u0131s\u0131, bombalanan otomobilin dumanlar\u0131 havada as\u0131l\u0131yken \u015f\u00f6yle demi\u015fti:<\/span><br style=\"font-family: FranklinGothicBookRegular; font-size: 13.333333015441895px; line-height: 20px; text-align: start; background-color: #f7f7f9;\" \/><br style=\"font-family: FranklinGothicBookRegular; font-size: 13.333333015441895px; line-height: 20px; text-align: start; background-color: #f7f7f9;\" \/><span style=\"font-family: FranklinGothicBookRegular; font-size: 13.333333015441895px; line-height: 20px; text-align: start; background-color: #f7f7f9;\">-E\u011fer bu eylem uluslararas\u0131 bir \u00f6rg\u00fct taraf\u0131ndan yap\u0131lm\u0131\u015fsa faillerin bulunmas\u0131 \u00e7ok zor! \u0130lk verilere g\u00f6re de bu eylem uluslararas\u0131 bir \u00f6rg\u00fct taraf\u0131ndan yap\u0131ld\u0131\u011f\u0131 anla\u015f\u0131l\u0131yor!<\/span><br style=\"font-family: FranklinGothicBookRegular; font-size: 13.333333015441895px; line-height: 20px; text-align: start; background-color: #f7f7f9;\" \/><br style=\"font-family: FranklinGothicBookRegular; font-size: 13.333333015441895px; line-height: 20px; text-align: start; background-color: #f7f7f9;\" \/><span style=\"font-family: FranklinGothicBookRegular; font-size: 13.333333015441895px; line-height: 20px; text-align: start; background-color: #f7f7f9;\">Bundan daha a\u00e7\u0131k olarak \u201cBiz bu cinayeti ayd\u0131nlatmayaca\u011f\u0131z\u201d denilebilir mi?<\/span><br style=\"font-family: FranklinGothicBookRegular; font-size: 13.333333015441895px; line-height: 20px; text-align: start; background-color: #f7f7f9;\" \/><br style=\"font-family: FranklinGothicBookRegular; font-size: 13.333333015441895px; line-height: 20px; text-align: start; background-color: #f7f7f9;\" \/><span style=\"font-family: FranklinGothicBookRegular; font-size: 13.333333015441895px; line-height: 20px; text-align: start; background-color: #f7f7f9;\">G\u00fcldal Mumcu gibi berrak bir haf\u0131zaya sahipseniz, U\u011fur Mumcu cinayetiyle ilgili olarak her \u015feyin b\u00fcy\u00fck bir devlet operasyonu oldu\u011funu g\u00f6rebilirsiniz. G\u00fcldal Han\u0131m\u0131n yazd\u0131\u011f\u0131 \u201c\u0130\u00e7imden Ge\u00e7en Zaman\u201d adl\u0131 kitab\u0131, b\u00fct\u00fcn \u00fclkenin y\u00fcz\u00fcn\u00fc k\u0131zartacak kadar a\u00e7\u0131k bir dosya olu\u015fturuyor.<\/span><br style=\"font-family: FranklinGothicBookRegular; font-size: 13.333333015441895px; line-height: 20px; text-align: start; background-color: #f7f7f9;\" \/><br style=\"font-family: FranklinGothicBookRegular; font-size: 13.333333015441895px; line-height: 20px; text-align: start; background-color: #f7f7f9;\" \/><span style=\"font-family: FranklinGothicBookRegular; font-size: 13.333333015441895px; line-height: 20px; text-align: start; background-color: #f7f7f9;\">Cinayetinden sonra \u00fcst \u00fcste o kadar \u00e7ok tuhafl\u0131klar oluyor ki, bunlar\u0131n t\u00fcm\u00fc ayn\u0131 yeri i\u015faret ediyor:<\/span><br style=\"font-family: FranklinGothicBookRegular; font-size: 13.333333015441895px; line-height: 20px; text-align: start; background-color: #f7f7f9;\" \/><br style=\"font-family: FranklinGothicBookRegular; font-size: 13.333333015441895px; line-height: 20px; text-align: start; background-color: #f7f7f9;\" \/><span style=\"font-family: FranklinGothicBookRegular; font-size: 13.333333015441895px; line-height: 20px; text-align: start; background-color: #f7f7f9;\">-Devlet U\u011fur Mumcu\u2019yu \u00f6ld\u00fcrm\u00fc\u015ft\u00fcr!<\/span><br style=\"font-family: FranklinGothicBookRegular; font-size: 13.333333015441895px; line-height: 20px; text-align: start; background-color: #f7f7f9;\" \/><strong style=\"font-family: FranklinGothicBookRegular; font-size: 13.333333015441895px; line-height: 20px; text-align: start; background-color: #f7f7f9;\"><br \/>DEM\u0130RAL SAVCIYI G\u00d6MD\u00dc<br \/><\/strong><br style=\"font-family: FranklinGothicBookRegular; font-size: 13.333333015441895px; line-height: 20px; text-align: start; background-color: #f7f7f9;\" \/><span style=\"font-family: FranklinGothicBookRegular; font-size: 13.333333015441895px; line-height: 20px; text-align: start; background-color: #f7f7f9;\">Savc\u0131 \u00dclk\u00fc Co\u015fkun iki y\u0131l i\u015fi savsaklad\u0131ktan sonra dosyay\u0131 b\u0131rak\u0131yor. Hazret askeri savc\u0131 oldu\u011fu i\u00e7in g\u00f6rev yeri de\u011fi\u015ftiriliyor. Yerine savc\u0131 Kemal Ayhan atan\u0131yor.(1 Kas\u0131m 1994) G\u00fcldal Mumcu, U\u011fur Mumcu\u2019nun ablas\u0131 Beyhan G\u00fcrson ile 4 Nisan 1995 g\u00fcn\u00fc savc\u0131y\u0131 ziyarete gidiyor. Yeni savc\u0131 ilk g\u00f6r\u00fc\u015fmede s\u0131k\u0131nt\u0131l\u0131 halde G\u00fcldal Mumcu\u2019nun \u201cKim, kimler?\u201d sorular\u0131na \u015f\u00f6yle yan\u0131t veriyor:<\/span><br style=\"font-family: FranklinGothicBookRegular; font-size: 13.333333015441895px; line-height: 20px; text-align: start; background-color: #f7f7f9;\" \/><br style=\"font-family: FranklinGothicBookRegular; font-size: 13.333333015441895px; line-height: 20px; text-align: start; background-color: #f7f7f9;\" \/><span style=\"font-family: FranklinGothicBookRegular; font-size: 13.333333015441895px; line-height: 20px; text-align: start; background-color: #f7f7f9;\">-\u0130stihbarat \u00f6rg\u00fctleri, biraz mafya ve karanl\u0131k g\u00fc\u00e7ler!<\/span><br style=\"font-family: FranklinGothicBookRegular; font-size: 13.333333015441895px; line-height: 20px; text-align: start; background-color: #f7f7f9;\" \/><br style=\"font-family: FranklinGothicBookRegular; font-size: 13.333333015441895px; line-height: 20px; text-align: start; background-color: #f7f7f9;\" \/><span style=\"font-family: FranklinGothicBookRegular; font-size: 13.333333015441895px; line-height: 20px; text-align: start; background-color: #f7f7f9;\">Kemal Ayhan, \u00dclk\u00fc Co\u015fkun gibi kay\u0131ts\u0131zl\u0131k g\u00f6stermiyor. Aradan iki ay ge\u00e7iyor. 26 Haziran 1995 g\u00fcn\u00fc savc\u0131 Kemal Ayhan evinde \u00f6l\u00fc olarak bulunuyor!<\/span><br style=\"font-family: FranklinGothicBookRegular; font-size: 13.333333015441895px; line-height: 20px; text-align: start; background-color: #f7f7f9;\" \/><br style=\"font-family: FranklinGothicBookRegular; font-size: 13.333333015441895px; line-height: 20px; text-align: start; background-color: #f7f7f9;\" \/><span style=\"font-family: FranklinGothicBookRegular; font-size: 13.333333015441895px; line-height: 20px; text-align: start; background-color: #f7f7f9;\">Savc\u0131n\u0131n e\u015fi ve \u00e7ocuklar\u0131 yazl\u0131klar\u0131ndayken Ba\u015fsavc\u0131 Nusret Demiral\u2019\u0131n talimat\u0131yla hi\u00e7bir ara\u015ft\u0131rma ve otopsi bile yap\u0131lmadan ayn\u0131 defnediliyor!<\/span><br style=\"font-family: FranklinGothicBookRegular; font-size: 13.333333015441895px; line-height: 20px; text-align: start; background-color: #f7f7f9;\" \/><br style=\"font-family: FranklinGothicBookRegular; font-size: 13.333333015441895px; line-height: 20px; text-align: start; background-color: #f7f7f9;\" \/><strong style=\"font-family: FranklinGothicBookRegular; font-size: 13.333333015441895px; line-height: 20px; text-align: start; background-color: #f7f7f9;\">ZANLILARA SAH\u0130P \u00c7IKTILAR<\/strong><br style=\"font-family: FranklinGothicBookRegular; font-size: 13.333333015441895px; line-height: 20px; text-align: start; background-color: #f7f7f9;\" \/><br style=\"font-family: FranklinGothicBookRegular; font-size: 13.333333015441895px; line-height: 20px; text-align: start; background-color: #f7f7f9;\" \/><span style=\"font-family: FranklinGothicBookRegular; font-size: 13.333333015441895px; line-height: 20px; text-align: start; background-color: #f7f7f9;\">Demiral\u2019\u0131n bu davan\u0131n san\u0131klar\u0131 aras\u0131nda olmas\u0131 gerekirken, soru\u015fturman\u0131n tepesindeki adam halinde g\u00f6rev yapmas\u0131 ancak T\u00fcrkiye\u2019nin \u00f6zelli\u011fiyle a\u00e7\u0131klanabilir.<\/span><br style=\"font-family: FranklinGothicBookRegular; font-size: 13.333333015441895px; line-height: 20px; text-align: start; background-color: #f7f7f9;\" \/><br style=\"font-family: FranklinGothicBookRegular; font-size: 13.333333015441895px; line-height: 20px; text-align: start; background-color: #f7f7f9;\" \/><span style=\"font-family: FranklinGothicBookRegular; font-size: 13.333333015441895px; line-height: 20px; text-align: start; background-color: #f7f7f9;\">Yarg\u0131n\u0131n \u201c\u00f6rtme hizmetleri\u201d bu kadar da de\u011fil\u2026\u00a0 Mesela olay\u0131n ilk g\u00fcnlerinde Ayhan Ayd\u0131n isimli bir g\u00f6rg\u00fc tan\u0131\u011f\u0131 \u00e7\u0131k\u0131p ifade veriyor. Cinayeti i\u015fleyenleri g\u00f6rd\u00fc\u011f\u00fcn\u00fc belirtiyor. \u00c7etin Eme\u00e7 Cinayeti\u2019nin san\u0131klar\u0131 olarak yarg\u0131lanan \u0130slami Hareket \u00d6rg\u00fct\u00fc \u00fcyesi ki\u015fileri de te\u015fhis ediyor.<\/span><br style=\"font-family: FranklinGothicBookRegular; font-size: 13.333333015441895px; line-height: 20px; text-align: start; background-color: #f7f7f9;\" \/><br style=\"font-family: FranklinGothicBookRegular; font-size: 13.333333015441895px; line-height: 20px; text-align: start; background-color: #f7f7f9;\" \/><span style=\"font-family: FranklinGothicBookRegular; font-size: 13.333333015441895px; line-height: 20px; text-align: start; background-color: #f7f7f9;\">Sonra ne oluyor?<\/span><br style=\"font-family: FranklinGothicBookRegular; font-size: 13.333333015441895px; line-height: 20px; text-align: start; background-color: #f7f7f9;\" \/><br style=\"font-family: FranklinGothicBookRegular; font-size: 13.333333015441895px; line-height: 20px; text-align: start; background-color: #f7f7f9;\" \/><span style=\"font-family: FranklinGothicBookRegular; font-size: 13.333333015441895px; line-height: 20px; text-align: start; background-color: #f7f7f9;\">Savc\u0131 \u00dclk\u00fc Co\u015fkun, tan\u0131k Ayhan Ayd\u0131n i\u00e7in dava a\u00e7\u0131yor. \u0130slami Hareket \u00d6rg\u00fct\u00fc \u00fcyelerine iftira(!) atmakla su\u00e7luyor\u2026 \u0130yi mi?<\/span><br style=\"font-family: FranklinGothicBookRegular; font-size: 13.333333015441895px; line-height: 20px; text-align: start; background-color: #f7f7f9;\" \/><br style=\"font-family: FranklinGothicBookRegular; font-size: 13.333333015441895px; line-height: 20px; text-align: start; background-color: #f7f7f9;\" \/><span style=\"font-family: FranklinGothicBookRegular; font-size: 13.333333015441895px; line-height: 20px; text-align: start; background-color: #f7f7f9;\">Savc\u0131n\u0131n gerek\u00e7esi var: Onlar 23 Ocak\u2019ta g\u00f6zalt\u0131ndayd\u0131lar.<\/span><br style=\"font-family: FranklinGothicBookRegular; font-size: 13.333333015441895px; line-height: 20px; text-align: start; background-color: #f7f7f9;\" \/><br style=\"font-family: FranklinGothicBookRegular; font-size: 13.333333015441895px; line-height: 20px; text-align: start; background-color: #f7f7f9;\" \/><span style=\"font-family: FranklinGothicBookRegular; font-size: 13.333333015441895px; line-height: 20px; text-align: start; background-color: #f7f7f9;\">Oysa sonradan ortaya \u00e7\u0131k\u0131yor ki, bu \u015fah\u0131slar 26 Ocak\u2019ta yakalan\u0131yorlar, tutanaklar \u00fczerinde tahrifat yap\u0131larak 26 Ocak, 23 Ocak olarak d\u00fczeltiliyor!<\/span><br style=\"font-family: FranklinGothicBookRegular; font-size: 13.333333015441895px; line-height: 20px; text-align: start; background-color: #f7f7f9;\" \/><br style=\"font-family: FranklinGothicBookRegular; font-size: 13.333333015441895px; line-height: 20px; text-align: start; background-color: #f7f7f9;\" \/><span style=\"font-family: FranklinGothicBookRegular; font-size: 13.333333015441895px; line-height: 20px; text-align: start; background-color: #f7f7f9;\">Daha ne olabilir ki?<\/span><br style=\"font-family: FranklinGothicBookRegular; font-size: 13.333333015441895px; line-height: 20px; text-align: start; background-color: #f7f7f9;\" \/><br style=\"font-family: FranklinGothicBookRegular; font-size: 13.333333015441895px; line-height: 20px; text-align: start; background-color: #f7f7f9;\" \/><span style=\"font-family: FranklinGothicBookRegular; font-size: 13.333333015441895px; line-height: 20px; text-align: start; background-color: #f7f7f9;\">Cinayet tarihinde i\u015f ba\u015f\u0131nda olan h\u00fck\u00fcmetten ba\u015flayarak, aradan ge\u00e7en 20 y\u0131lda b\u00fct\u00fcn devlet kademelerindekilerin, U\u011fur Mumcu cinayetinin kapat\u0131lmas\u0131 konusunda ortak \u00e7abas\u0131 vard\u0131r. Bizzat olay\u0131n ilk savc\u0131s\u0131n\u0131n en ba\u015f\u0131nda s\u00f6yledi\u011fi ger\u00e7ek b\u00fct\u00fcn \u00e7\u0131plakl\u0131\u011f\u0131yla ortadad\u0131r:<\/span><br style=\"font-family: FranklinGothicBookRegular; font-size: 13.333333015441895px; line-height: 20px; text-align: start; background-color: #f7f7f9;\" \/><br style=\"font-family: FranklinGothicBookRegular; font-size: 13.333333015441895px; line-height: 20px; text-align: start; background-color: #f7f7f9;\" \/><span style=\"font-family: FranklinGothicBookRegular; font-size: 13.333333015441895px; line-height: 20px; text-align: start; background-color: #f7f7f9;\">-U\u011fur Mumcu\u2019yu devlet \u00f6ld\u00fcrm\u00fc\u015ft\u00fcr!<\/span><\/p>\n<p style=\"text-align: left;\"><span style=\"font-family: FranklinGothicBookRegular; font-size: 13.333333015441895px; line-height: 20px; text-align: start; background-color: #f7f7f9;\"><br \/><\/span><\/p>\n<p style=\"text-align: left;\"><span style=\"text-align: start; background-color: #f7f7f9; line-height: 20px;\"><span style=\"font-family: FranklinGothicBookRegular; font-size: x-small;\">http:\/\/www.birgun.net\/writer_index.php?category_code=1187090394&amp;news_code=1359021576&amp;year=2013&amp;month=01&amp;day=24#.UQE4OCdwpQA<\/span><\/span><\/p>\n<p style=\"text-align: left;\"><span style=\"text-align: start; background-color: #f7f7f9; line-height: 20px;\"><span style=\"font-family: FranklinGothicBookRegular; font-size: x-small;\"><br \/><\/span><\/span><\/p>\n","protected":false},"excerpt":{"rendered":"<p>Katledili\u015finin 20. y\u0131l\u0131nda U\u011fur Mumcu&#8217;yu sayg\u0131yla an\u0131yoruz. \u00a0 &#8220;Miras\u00e7\u0131lar\u0131na B\u0131rak\u0131lan Adaletin Enkaz\u0131d\u0131r&#8221; \u00a0 Derin katliam\u0131n 20. Y\u0131l\u0131U\u011fur Mumcu\u2019yu devlet \u00f6ld\u00fcrd\u00fc!Cumhuriyet&#46;&#46;&#46;<\/p>\n","protected":false},"author":1,"featured_media":0,"comment_status":"closed","ping_status":"closed","sticky":false,"template":"","format":"standard","meta":{"_jetpack_memberships_contains_paid_content":false,"footnotes":""},"categories":[1],"tags":[],"class_list":["post-3787","post","type-post","status-publish","format-standard","hentry","category-ced"],"aioseo_notices":[],"jetpack_featured_media_url":"","jetpack_sharing_enabled":true,"jetpack-related-posts":[],"_links":{"self":[{"href":"http:\/\/www.ced.org.tr\/index.php?rest_route=\/wp\/v2\/posts\/3787","targetHints":{"allow":["GET"]}}],"collection":[{"href":"http:\/\/www.ced.org.tr\/index.php?rest_route=\/wp\/v2\/posts"}],"about":[{"href":"http:\/\/www.ced.org.tr\/index.php?rest_route=\/wp\/v2\/types\/post"}],"author":[{"embeddable":true,"href":"http:\/\/www.ced.org.tr\/index.php?rest_route=\/wp\/v2\/users\/1"}],"replies":[{"embeddable":true,"href":"http:\/\/www.ced.org.tr\/index.php?rest_route=%2Fwp%2Fv2%2Fcomments&post=3787"}],"version-history":[{"count":0,"href":"http:\/\/www.ced.org.tr\/index.php?rest_route=\/wp\/v2\/posts\/3787\/revisions"}],"wp:attachment":[{"href":"http:\/\/www.ced.org.tr\/index.php?rest_route=%2Fwp%2Fv2%2Fmedia&parent=3787"}],"wp:term":[{"taxonomy":"category","embeddable":true,"href":"http:\/\/www.ced.org.tr\/index.php?rest_route=%2Fwp%2Fv2%2Fcategories&post=3787"},{"taxonomy":"post_tag","embeddable":true,"href":"http:\/\/www.ced.org.tr\/index.php?rest_route=%2Fwp%2Fv2%2Ftags&post=3787"}],"curies":[{"name":"wp","href":"https:\/\/api.w.org\/{rel}","templated":true}]}}