{"id":3789,"date":"2013-02-14T19:30:43","date_gmt":"2013-02-14T17:30:43","guid":{"rendered":"http:\/\/www.ced.org.tr\/?p=3789"},"modified":"2013-02-14T19:30:43","modified_gmt":"2013-02-14T17:30:43","slug":"saglikcilar-anayasa-mahkemesi-onundeydi","status":"publish","type":"post","link":"http:\/\/www.ced.org.tr\/?p=3789","title":{"rendered":"Sa\u011fl\u0131k\u00e7\u0131lar Anayasa Mahkemesi \u00d6n\u00fcndeydi"},"content":{"rendered":"<p><span style=\"color: #222222; font-family: arial, sans-serif; font-size: 12.666666984558105px;\">T\u00fcrkiye sa\u011fl\u0131k ortam\u0131nda aile hekimli\u011finden devlet hastanelerine, \u00f6zel hastanelerden \u00fcniversite hastanelerine, muayenehanelere kadar pek \u00e7ok alanda olumsuz d\u00fczenlemeler getiren 663 Say\u0131l\u0131 Sa\u011fl\u0131k Bakanl\u0131\u011f\u0131 ve Ba\u011fl\u0131 Kurulu\u015flar\u0131n Te\u015fkilat ve G\u00f6revleri Hakk\u0131nda Kanun H\u00fckm\u00fcnde Kararname\u2019nin (KHK) Anayasa Mahkemesi\u2019nde g\u00f6r\u00fc\u015f\u00fclmesine 14 \u015eubat 2013 Per\u015fembe g\u00fcn\u00fc ba\u015fland\u0131.<\/p>\n<p><\/span><\/p>\n<p><div style=\"color: #222222; font-family: arial, sans-serif; font-size: 12.666666984558105px;\">T\u00fcrk Tabipleri Birli\u011fi (TTB), T\u00fcrk Di\u015f Hekimleri Birli\u011fi, Sa\u011fl\u0131k ve Sosyal Hizmet Emek\u00e7ileri Sendikas\u0131, Devrimci Sa\u011fl\u0131k-\u0130\u015f Sendikas\u0131, Sosyal Hizmet Uzmanlar\u0131 Derne\u011fi, T\u00fcm Radyoloji Teknisyenleri ve Teknikerleri Derne\u011fi,\u00a0<span style=\"font-size: 12.666666984558105px;\">T\u00fcrk Hem\u015fireler Derne\u011fi ve T\u00fcrk Medikal Radyoteknoloji Derne\u011fi\u2019nin \u00e7a\u011fr\u0131s\u0131yla hekimler ve sa\u011fl\u0131k \u00e7al\u0131\u015fanlar\u0131 iptal davas\u0131n\u0131n g\u00f6r\u00fcld\u00fc\u011f\u00fc g\u00fcn Anayasa Mahkemesi \u00f6n\u00fcnde toplanarak, 663 Say\u0131l\u0131 KHK\u2019nin b\u00fct\u00fcn h\u00fck\u00fcmleriyle iptal edilmesini istediler.<\/span><\/div>\n<div style=\"color: #222222; font-family: arial, sans-serif; font-size: 12.666666984558105px;\"><span style=\"font-size: 12.666666984558105px;\"><br \/><\/span><\/div>\n<div style=\"color: #222222; font-family: arial, sans-serif; font-size: 12.666666984558105px;\">T\u00fcrkiye\u2019nin d\u00f6rt bir yan\u0131ndan Tabip Odalar\u0131 y\u00f6neticilerinin de kat\u0131ld\u0131\u011f\u0131 eyleme, KESK, TMMOB, y\u00f6neticileri ile baz\u0131 CHP\u2019li vekiller de destek verdi. Karar\u0131n iptali i\u00e7in oturma eylemi yapan ve seslerini, mahkeme heyetine alk\u0131\u015flarla ve \u0131sl\u0131klarla duyurmaya \u00e7al\u0131\u015fan sa\u011fl\u0131k \u00e7al\u0131\u015fanlar\u0131 s\u0131k s\u0131k \u201cSa\u011fl\u0131kta ticaret \u00f6l\u00fcm demektir\u201d, \u201cAKP sa\u011fl\u0131\u011fa zararl\u0131d\u0131r\u201d, \u201cHerkese e\u015fit, \u00fccretsiz sa\u011fl\u0131k\u201d sloganlar\u0131 att\u0131. Bas\u0131n a\u00e7\u0131klamas\u0131 ise t\u00fcm kat\u0131l\u0131mc\u0131 \u00f6rg\u00fctler ad\u0131na TTB Merkez Konseyi Ba\u015fkan\u0131 Prof. Dr. \u00d6zdemir Aktan taraf\u0131ndan okundu.<\/div>\n<p style=\"color: #222222; font-family: arial, sans-serif; font-size: 12.666666984558105px;\" align=\"right\">\u00a0<\/p>\n<p style=\"color: #222222; font-family: arial, sans-serif; font-size: 12.666666984558105px;\" align=\"right\"><strong><span style=\"text-decoration: underline;\">14 \u015eUBAT 2013<\/span><\/strong><\/p>\n<p style=\"color: #222222; font-family: arial, sans-serif; font-size: 12.666666984558105px;\" align=\"center\"><strong><span style=\"text-decoration: underline;\">BASIN A\u00c7IKLAMASI<\/span><\/strong><\/p>\n<p style=\"color: #222222; font-family: arial, sans-serif; font-size: 12.666666984558105px;\" align=\"center\"><span style=\"font-size: 16px;\"><strong>Demokrasi Var Denen Yerde B\u00f6yle Oyunbazl\u0131k Olmaz<\/strong><\/span><\/p>\n<p style=\"color: #222222; font-family: arial, sans-serif; font-size: 12.666666984558105px;\" align=\"center\"><span style=\"font-size: 16px;\"><strong>663 SAYILI KANUN H\u00dcKM\u00dcNDE KARARNAME B\u00dcT\u00dcN H\u00dcK\u00dcMLER\u0130YLE \u0130PTAL ED\u0130LMEL\u0130D\u0130R!<\/strong><\/span><\/p>\n<p style=\"color: #222222; font-family: arial, sans-serif; font-size: 12.666666984558105px;\"><strong>Sa\u011fl\u0131k Bakanl\u0131\u011f\u0131 ve Ba\u011fl\u0131 Kurulu\u015flar\u0131n\u0131n Te\u015fkilat Yap\u0131s\u0131n\u0131 D\u00fczenleyen 663 Say\u0131l\u0131 Kanun H\u00fckm\u00fcnde Kararname<\/strong> (KHK) ile ilgili iptal davas\u0131 bug\u00fcn Anayasa Mahkemesi\u2019nde g\u00f6r\u00fc\u015f\u00fcl\u00fcyor.<\/p>\n<p style=\"color: #222222; font-family: arial, sans-serif; font-size: 12.666666984558105px;\">2 Kas\u0131m 2011 g\u00fcn\u00fc, bir gece yar\u0131s\u0131 operasyonu ile Resmi Gazetede yay\u0131nlan\u0131p y\u00fcr\u00fcrl\u00fc\u011fe giren bu KHK; 1980\u2019lerde ba\u015flat\u0131lan ve 2002 y\u0131l\u0131nda AKP\u2019nin H\u00fck\u00fcmete geli\u015fi ile h\u0131zlanan\u00a0<strong>Piyasac\u0131<\/strong> <strong>Sa\u011fl\u0131k \u00a0\u201cReformu\u201d<\/strong>nun eksik kalan yanlar\u0131n\u0131 tamaml\u0131yor.<\/p>\n<p style=\"color: #222222; font-family: arial, sans-serif; font-size: 12.666666984558105px;\">Bu KHK ile;<\/p>\n<ol style=\"color: #222222; font-family: arial, sans-serif; font-size: 12.666666984558105px;\">\n<li style=\"margin-left: 15px;\">Sa\u011fl\u0131k Bakanl\u0131\u011f\u0131 icrac\u0131 olmaktan \u00e7\u0131kar\u0131ld\u0131, denetleyici, d\u00fczenleyici ve koordine edici konuma getirildi. Sa\u011fl\u0131k Bakanl\u0131\u011f\u0131\u2019n\u0131n temel g\u00f6revi olan sa\u011fl\u0131k hizmeti sunumu, ba\u011fl\u0131 kurulu\u015flar\u0131 olan Halk Sa\u011fl\u0131\u011f\u0131 ve Kamu Hastane Kurumu\u2019na devredildi.<\/li>\n<li style=\"margin-left: 15px;\">Devlet hastaneleri \u201c$irket Hastaneleri\u201dne d\u00f6n\u00fc\u015ft\u00fcr\u00fcld\u00fc ve g\u00f6reve bu sisteme t\u00fcm\u00fcyle sahip \u00e7\u0131k\u0131p onu y\u00f6netecek CEO olarak nitelendirilen Genel Sekreterler getirildi.<\/li>\n<li style=\"margin-left: 15px;\">25-49 y\u0131ll\u0131\u011f\u0131na tahsis edilecek hazine arazileri \u00fcst\u00fcne kurulacak \u201c<strong>\u015eehir Hastaneleri<\/strong>\u201d (Entegre Sa\u011fl\u0131k Kamp\u00fcsleri) kurulmas\u0131, bunlar\u0131n yabanc\u0131 sermaye ortakl\u0131kl\u0131 konsorsiyumlara ihale edilmesi, sonras\u0131nda hizmetin ta\u015feron sistemiyle g\u00f6rd\u00fcr\u00fcl\u00fcp bunun kar\u015f\u0131l\u0131\u011f\u0131nda K\u0130RA \u00f6denmesi, KDV, Pul ve har\u00e7tan muafiyet ve yap\u0131m i\u00e7in kullan\u0131lacak d\u0131\u015f krediler i\u00e7in hazine garantisi veren bir sistem kurulmas\u0131n\u0131 d\u00fczenleyen\u00a0<strong>Kamu \u00d6zel Ortakl\u0131\u011f\u0131<\/strong> hayata ge\u00e7irildi.<\/li>\n<li style=\"margin-left: 15px;\">\u0130la\u00e7ta reklam serbest b\u0131rak\u0131ld\u0131.<\/li>\n<li style=\"margin-left: 15px;\">\u00d6zel hastane\/sa\u011fl\u0131k kurumlar\u0131n\u0131n lisanslar\u0131n\u0131n\u00a0<strong>a\u00e7\u0131k artt\u0131rma<\/strong>yla sat\u0131lmas\u0131 d\u00fczenlendi. Muayenehane a\u00e7ma ruhsat\u0131n\u0131n bile ihaleyle sat\u0131labilece\u011fi d\u00fczenlemelerin \u00f6n\u00fc a\u00e7\u0131ld\u0131.<\/li>\n<li style=\"margin-left: 15px;\">B\u00fct\u00fcn sa\u011fl\u0131k mesleklerinin etik ilkelerini, e\u011fitim m\u00fcfredat\u0131n\u0131, yetersiz bulursa alaca\u011f\u0131 e\u011fitimleri belirlemek \u00fczere Sa\u011fl\u0131k Bakanl\u0131\u011f\u0131 b\u00fcnyesinde, \u00e7o\u011fu Sa\u011fl\u0131k Bakan\u0131\u2019n\u0131n kontrol\u00fcnde belirlenen, sa\u011fl\u0131k meslek mensubu olmas\u0131 dahi gerekmeyen ki\u015filerden olu\u015fan Sa\u011fl\u0131k Meslekleri Kurulu olu\u015fturuldu.<\/li>\n<li style=\"margin-left: 15px;\">Sa\u011fl\u0131k Bakanl\u0131\u011f\u0131\u2019na,\u00a0 sa\u011fl\u0131k \u00e7al\u0131\u015fanlar\u0131n\u0131 meslekten (ge\u00e7ici veya s\u00fcrekli) men etme yetkisi verildi.<\/li>\n<li style=\"margin-left: 15px;\">Mevcut klinik \u015fef ve \u015fef yard\u0131mc\u0131lar\u0131n\u0131n unvanlar\u0131 ile ba\u015fhem\u015firelik unvan\u0131 iptal edildi. <\/li>\n<li style=\"margin-left: 15px;\">T\u00fcrk Tabipleri Birli\u011fi\u2019nin\u00a0<strong>\u201ctabipli\u011fin kamu ve ki\u015fi yarar\u0131na uygulan\u0131p geli\u015ftirilmesini sa\u011flamak\u201d<\/strong> g\u00f6revine son verildi.<\/li>\n<li style=\"margin-left: 15px;\">T\u00fcrk Di\u015fhekimleri Birli\u011fi\u2019nin asgari \u00fccret belirleme yetkisi kald\u0131r\u0131ld\u0131.<\/li>\n<li style=\"margin-left: 15px;\">Y\u00fcr\u00fcrl\u00fckte olan hukuki ve idari mevzuattan muaf \u201c<strong>Serbest Sa\u011fl\u0131k B\u00f6lgeleri<\/strong>\u201d kurulmas\u0131, \u00a0sa\u011fl\u0131\u011f\u0131n ticareti i\u00e7in\u00a0<strong>Sa\u011fl\u0131k Turizm<\/strong>i d\u00fczenlendi.<\/li>\n<li style=\"margin-left: 15px;\"><strong>G\u00f6n\u00fcll\u00fc Sa\u011fl\u0131k Denetmeni<\/strong> kavram\u0131 getirilerek, hasta-sa\u011fl\u0131k \u00e7al\u0131\u015fan\u0131 aras\u0131na \u00fc\u00e7\u00fcnc\u00fc ki\u015filerin girmesine olanak sa\u011fland\u0131.<\/li>\n<li style=\"margin-left: 15px;\">Hastalar\u0131m\u0131z\u0131n sa\u011fl\u0131kla ilgili verilerinin mahremiyetini, hasta ve insan haklar\u0131n\u0131 ihlal eden veri payla\u015f\u0131m\u0131 uygulamalar\u0131n\u0131n \u00f6n\u00fc a\u00e7\u0131ld\u0131.<\/li>\n<li style=\"margin-left: 15px;\">\u0130thal hekim ve hem\u015fire gibi uygulamalar\u0131n, arkas\u0131ndan denklik i\u015flemlerinde getirilen kolayl\u0131klarla birlikte hem mesleklerimizi hem de halk\u0131n sa\u011fl\u0131\u011f\u0131n\u0131 tehdit eden i\u015flemlerin ad\u0131mlar\u0131 at\u0131ld\u0131.<\/li>\n<li style=\"margin-left: 15px;\">\u00dcniversite ve akademik \u00f6zerkli\u011fi tehdit eden \u00fcniversite hastanelerine el koymaktan e\u011fitim m\u00fcfredat\u0131n\u0131 belirlemeye kadar pek \u00e7ok olumsuzlu\u011fun \u00f6n\u00fc a\u00e7\u0131ld\u0131.<\/li>\n<\/ol>\n<p style=\"color: #222222; font-family: arial, sans-serif; font-size: 12.666666984558105px;\">K\u0131sacas\u0131;<\/p>\n<p style=\"color: #222222; font-family: arial, sans-serif; font-size: 12.666666984558105px;\">663 say\u0131l\u0131 KHK ile; sadece Sa\u011fl\u0131k Bakanl\u0131\u011f\u0131 de\u011fil, b\u00fct\u00fcn sa\u011fl\u0131k ortam\u0131 yeniden \u015fekillendirildi,<\/p>\n<p style=\"color: #222222; font-family: arial, sans-serif; font-size: 12.666666984558105px;\"><strong><em>Sa\u011fl\u0131\u011f\u0131n piyasa ko\u015fullar\u0131na terk edilerek ticarile\u015fmesi, \u00e7al\u0131\u015fanlar\u0131n da i\u015f ve i\u015fyeri g\u00fcvencesinin ortadan kald\u0131r\u0131lmas\u0131, \u00fccret g\u00fcvencesinin yok edilmesi, esnek-kurals\u0131z \u00e7al\u0131\u015ft\u0131r\u0131lmas\u0131 d\u00fczenlendi.<\/em><\/strong><\/p>\n<p style=\"color: #222222; font-family: arial, sans-serif; font-size: 12.666666984558105px;\">Anayasa Mahkemesi bug\u00fcn 663 say\u0131l\u0131 KHK\u2019yla ilgili iptal davas\u0131n\u0131 g\u00f6r\u00fc\u015f\u00fcyor.<\/p>\n<p style=\"color: #222222; font-family: arial, sans-serif; font-size: 12.666666984558105px;\">Sa\u011fl\u0131\u011f\u0131 piyasala\u015ft\u0131ran, hak olmaktan \u00e7\u0131karan, \u00e7al\u0131\u015fanlar\u0131n g\u00fcvencesi ba\u015fta olmak \u00fczere kazan\u0131lm\u0131\u015f t\u00fcm haklar\u0131n\u0131 elinden alan her uygulamaya kar\u015f\u0131 m\u00fccadelesini kararl\u0131l\u0131kla s\u00fcrd\u00fcren emek ve meslek \u00f6rg\u00fctleri ve sa\u011fl\u0131k \u00e7al\u0131\u015fanlar\u0131 olarak 663 say\u0131l\u0131 KHK\u2019ya kar\u015f\u0131, \u00e7\u0131kt\u0131\u011f\u0131 g\u00fcnden bu yana m\u00fccadele ediyoruz.<\/p>\n<p style=\"color: #222222; font-family: arial, sans-serif; font-size: 12.666666984558105px;\">Demokrasi Var Denen Yerde B\u00f6yle Oyunbazl\u0131k Olmaz!<\/p>\n<p style=\"color: #222222; font-family: arial, sans-serif; font-size: 12.666666984558105px;\">AKP\u2019nin bir gece yar\u0131s\u0131 operasyonu ile yang\u0131ndan mal ka\u00e7\u0131r\u0131rcas\u0131na TBMM\u2019ni devre d\u0131\u015f\u0131 b\u0131rakarak \u00e7\u0131kard\u0131\u011f\u0131 663 say\u0131l\u0131 KHK\u2019n\u0131n b\u00fct\u00fcn h\u00fck\u00fcmleriyle iptal edilmesini istiyoruz!<\/p>\n<p style=\"color: #222222; font-family: arial, sans-serif; font-size: 12.666666984558105px;\">Kamuoyuna sayg\u0131yla duyururuz.<\/p>\n<p style=\"color: #222222; font-family: arial, sans-serif; font-size: 12.666666984558105px;\"><strong>T\u00fcrk Tabipleri Birli\u011fi<br \/>T\u00fcrk Di\u015f Hekimleri Birli\u011fi<br \/>Sa\u011fl\u0131k ve Sosyal Hizmet Emek\u00e7ileri Sendikas\u0131<br \/>Devrimci Sa\u011fl\u0131k-\u0130\u015f Sendikas\u0131<br \/>Sosyal Hizmet Uzmanlar\u0131 Derne\u011fi<br \/>T\u00fcm Radyoloji Teknisyenleri ve Teknikerleri Derne\u011fi<br \/>T\u00fcrk Hem\u015fireler Derne\u011fi<br \/>T\u00fcrk Medikal Radyoteknoloji Derne\u011fi<\/strong><\/p>\n<\/p>\n<p>\u00a0<\/p>\n<p><span style=\"color: #222222; font-family: arial, sans-serif; font-size: 12.666666984558105px;\"> <\/span><a href=\"http:\/\/www.ttb.org.tr\/index.php\/Haberler\/anayasa-3621.html\" target=\"_blank\" style=\"color: #1155cc; font-family: arial, sans-serif; font-size: 12.666666984558105px;\">http:\/\/www.ttb.org.tr\/index.php\/Haberler\/anayasa-3621.html<\/a><\/p>\n","protected":false},"excerpt":{"rendered":"<p>T\u00fcrkiye sa\u011fl\u0131k ortam\u0131nda aile hekimli\u011finden devlet hastanelerine, \u00f6zel hastanelerden \u00fcniversite hastanelerine, muayenehanelere kadar pek \u00e7ok alanda olumsuz d\u00fczenlemeler getiren 663&#46;&#46;&#46;<\/p>\n","protected":false},"author":1,"featured_media":0,"comment_status":"closed","ping_status":"closed","sticky":false,"template":"","format":"standard","meta":{"_jetpack_memberships_contains_paid_content":false,"footnotes":""},"categories":[1],"tags":[],"class_list":["post-3789","post","type-post","status-publish","format-standard","hentry","category-ced"],"aioseo_notices":[],"jetpack_featured_media_url":"","jetpack_sharing_enabled":true,"jetpack-related-posts":[],"_links":{"self":[{"href":"http:\/\/www.ced.org.tr\/index.php?rest_route=\/wp\/v2\/posts\/3789","targetHints":{"allow":["GET"]}}],"collection":[{"href":"http:\/\/www.ced.org.tr\/index.php?rest_route=\/wp\/v2\/posts"}],"about":[{"href":"http:\/\/www.ced.org.tr\/index.php?rest_route=\/wp\/v2\/types\/post"}],"author":[{"embeddable":true,"href":"http:\/\/www.ced.org.tr\/index.php?rest_route=\/wp\/v2\/users\/1"}],"replies":[{"embeddable":true,"href":"http:\/\/www.ced.org.tr\/index.php?rest_route=%2Fwp%2Fv2%2Fcomments&post=3789"}],"version-history":[{"count":0,"href":"http:\/\/www.ced.org.tr\/index.php?rest_route=\/wp\/v2\/posts\/3789\/revisions"}],"wp:attachment":[{"href":"http:\/\/www.ced.org.tr\/index.php?rest_route=%2Fwp%2Fv2%2Fmedia&parent=3789"}],"wp:term":[{"taxonomy":"category","embeddable":true,"href":"http:\/\/www.ced.org.tr\/index.php?rest_route=%2Fwp%2Fv2%2Fcategories&post=3789"},{"taxonomy":"post_tag","embeddable":true,"href":"http:\/\/www.ced.org.tr\/index.php?rest_route=%2Fwp%2Fv2%2Ftags&post=3789"}],"curies":[{"name":"wp","href":"https:\/\/api.w.org\/{rel}","templated":true}]}}