{"id":3790,"date":"2013-02-21T13:38:50","date_gmt":"2013-02-21T11:38:50","guid":{"rendered":"http:\/\/www.ced.org.tr\/?p=3790"},"modified":"2013-02-21T13:38:50","modified_gmt":"2013-02-21T11:38:50","slug":"ortak-avrupa-patentinde-imzalar-atildi","status":"publish","type":"post","link":"http:\/\/www.ced.org.tr\/?p=3790","title":{"rendered":"Ortak Avrupa patentinde imzalar at\u0131ld\u0131"},"content":{"rendered":"<p><div style=\"color: #222222; font-family: arial, sans-serif; font-size: 12.800000190734863px;\">20.02.2013<\/div>\n<div style=\"color: #222222; font-family: arial, sans-serif; font-size: 12.800000190734863px;\">euractiv.com.tr<\/div>\n<div style=\"color: #222222; font-family: arial, sans-serif; font-size: 12.800000190734863px;\"><\/div>\n<div style=\"color: #222222; font-family: arial, sans-serif; font-size: 12.800000190734863px;\">K\u0131rk y\u0131ll\u0131k bir s\u00fcrecin ard\u0131ndan, Avrupa Birli\u011fi tarihinde en uzun s\u00fcren tart\u0131\u015fma konular\u0131ndan biri olan ortak patente 24 AB \u00fclkesi imza att\u0131.<\/p>\n<\/div>\n<div style=\"color: #222222; font-family: arial, sans-serif; font-size: 12.800000190734863px;\">\n<div><img loading=\"lazy\" decoding=\"async\" src=\"http:\/\/ads.monogram.sk\/www\/delivery\/lg.php?bannerid=2046&amp;campaignid=1177&amp;zoneid=378&amp;loc=1&amp;referer=http%3A%2F%2Fwww.euractiv.com.tr%2Fyaraticilik-ve-yenilik%2Farticle%2Fortak-avrupa-patentinde-imzalar-atildi-027176&amp;cb=6ec4b5c602\" border=\"0\" width=\"0\" height=\"0\" style=\"width: 0px; min-height: 0px;\" \/><\/div>\n<div>\n<p>\u015eu andaki patent kay\u0131t sistemi, Avrupa&#8217;da \u00c7in&#8217;dekinden 60 kata kadar daha maliyetli oluyor. Bundan sonra ise Avrupa \u00e7ap\u0131nda ortak bir s\u00fcre\u00e7 i\u015fleyecek.<\/p>\n<p>\u0130spanya ve \u0130talya, dilden kaynaklanan sebeplerle sisteme kat\u0131lmay\u0131 kabul etmedi.<\/p>\n<p>Resmi kabul\u00fcn ard\u0131ndan a\u00e7\u0131klamalarda bulunan Avrupa Komisyonu&#8217;nun i\u00e7 pazardan sorumlu \u00fcyesi Michel Barnier, &#8216;Maliyetlerde y\u00fczde 80&#8217;in \u00fczerinde azalma sa\u011flanacak. Avrupa entegrasyonu tarihinde, bu kadar \u00f6nemli bir konuda at\u0131lm\u0131\u015f \u00f6nemli ad\u0131mlar\u0131n say\u0131s\u0131 azd\u0131r. Bu, rekabet g\u00fcc\u00fcn\u00fc ciddi bir \u015fekilde art\u0131racak&#8217; dedi.<\/p>\n<p>\u0130lk defa 1973 y\u0131l\u0131nda g\u00fcndeme gelen plan\u0131, AB Rekabet Konseyi&#8217;nde bir araya gelen 27 AB sanayi bakan\u0131ndan 24&#8217;\u00fc imzalad\u0131.<\/p>\n<p>\u00d6nceki sistemde patentlerin AB \u00fclkelerinde tek tek kay\u0131t alt\u0131na al\u0131nmas\u0131 gerekiyordu. Patent ba\u015fvurular\u0131 art\u0131k tek bir AB kurumuna yap\u0131lacak.<\/p>\n<p>\u0130talya, anla\u015fmay\u0131 imzalamakla birlikte, ortak sistemi kullanmayaca\u011f\u0131n\u0131 s\u00f6yledi. Anla\u015fmaya imza atmayan \u0130spanya, yeni sistemin kendi dillerini geri plana att\u0131\u011f\u0131 g\u00f6r\u00fc\u015f\u00fcnde.<\/p>\n<p>Bulgaristan, i\u00e7erideki baz\u0131 idari meseleler \u00e7\u00f6z\u00fclmeden \u00f6nce imza atmayaca\u011f\u0131n\u0131 s\u00f6yledi. Polonya da anla\u015fmay\u0131, ortak patentin ekonomisine olumsuz etkide bulunabilece\u011fi gerek\u00e7esiyle imzalamad\u0131, ancak sisteme gelecekte kat\u0131lmaya kap\u0131y\u0131 a\u00e7\u0131k b\u0131rakt\u0131.<\/p>\n<p>Avrupa Parlamentosu da ortak patenti ge\u00e7ti\u011fimiz Aral\u0131k ay\u0131nda onaylam\u0131\u015ft\u0131. Anla\u015fma, 13 \u00fclkede onay s\u00fcreci tamamland\u0131ktan sonra y\u00fcr\u00fcrl\u00fc\u011fe girecek.<\/p>\n<p>Patentler sahiplerine yeni bir bulu\u015ftan, belirli bir s\u00fcreli\u011fine tek ba\u015f\u0131na faydalanma hakk\u0131 tan\u0131yor.<\/p>\n<p>Dille ilgili sorunlar d\u0131\u015f\u0131nda ba\u015fka bir anla\u015fmazl\u0131k da Almanya, Fransa ve \u0130ngiltere aras\u0131nda, hangi \u00fclkenin patent davalar\u0131na bakacak mahkemeye ev sahipli\u011fi yapaca\u011f\u0131 konusu \u00fczerinde ya\u015fanm\u0131\u015ft\u0131.<\/p>\n<p>Haziran 2012&#8217;deki zirvede Almanya Ba\u015fbakan\u0131 Angela Merkel, Fransa Cumhurba\u015fkan\u0131 Fran\u00e7ois Hollande ve \u0130ngiltere Ba\u015fbakan\u0131 David Cameron, mahkemeyi patentin tipine g\u00f6re M\u00fcnih, Paris ve Londra aras\u0131nda b\u00f6l\u00fc\u015ft\u00fcrme karar\u0131 alm\u0131\u015ft\u0131.<\/p>\n<p>Buna g\u00f6re mahkemenin merkezi Paris&#8217;te, baz\u0131 birimleri ise Londra ve M\u00fcnih&#8217;te olacak. Ya\u015fam bilimlerindeki patentlerle ilgili davalara Londra&#8217;da bak\u0131lacak. M\u00fchendislik ve fizikle ilgili davalara ise M\u00fcnih&#8217;te bak\u0131lacak.<\/p>\n<p><a href=\"http:\/\/www.euractiv.com.tr\/yaraticilik-ve-yenilik\/article\/ortak-avrupa-patentinde-imzalar-atildi-027176\" target=\"_blank\" style=\"color: #1155cc;\">http:\/\/www.euractiv.com.tr\/yaraticilik-ve-yenilik\/article\/ortak-avrupa-patentinde-imzalar-atildi-027176<\/a><\/p>\n<\/div>\n<\/div>\n","protected":false},"excerpt":{"rendered":"<p>20.02.2013 euractiv.com.tr K\u0131rk y\u0131ll\u0131k bir s\u00fcrecin ard\u0131ndan, Avrupa Birli\u011fi tarihinde en uzun s\u00fcren tart\u0131\u015fma konular\u0131ndan biri olan ortak patente 24&#46;&#46;&#46;<\/p>\n","protected":false},"author":1,"featured_media":0,"comment_status":"closed","ping_status":"closed","sticky":false,"template":"","format":"standard","meta":{"_jetpack_memberships_contains_paid_content":false,"footnotes":""},"categories":[1],"tags":[],"class_list":["post-3790","post","type-post","status-publish","format-standard","hentry","category-ced"],"aioseo_notices":[],"jetpack_featured_media_url":"","jetpack_sharing_enabled":true,"jetpack-related-posts":[],"_links":{"self":[{"href":"http:\/\/www.ced.org.tr\/index.php?rest_route=\/wp\/v2\/posts\/3790","targetHints":{"allow":["GET"]}}],"collection":[{"href":"http:\/\/www.ced.org.tr\/index.php?rest_route=\/wp\/v2\/posts"}],"about":[{"href":"http:\/\/www.ced.org.tr\/index.php?rest_route=\/wp\/v2\/types\/post"}],"author":[{"embeddable":true,"href":"http:\/\/www.ced.org.tr\/index.php?rest_route=\/wp\/v2\/users\/1"}],"replies":[{"embeddable":true,"href":"http:\/\/www.ced.org.tr\/index.php?rest_route=%2Fwp%2Fv2%2Fcomments&post=3790"}],"version-history":[{"count":0,"href":"http:\/\/www.ced.org.tr\/index.php?rest_route=\/wp\/v2\/posts\/3790\/revisions"}],"wp:attachment":[{"href":"http:\/\/www.ced.org.tr\/index.php?rest_route=%2Fwp%2Fv2%2Fmedia&parent=3790"}],"wp:term":[{"taxonomy":"category","embeddable":true,"href":"http:\/\/www.ced.org.tr\/index.php?rest_route=%2Fwp%2Fv2%2Fcategories&post=3790"},{"taxonomy":"post_tag","embeddable":true,"href":"http:\/\/www.ced.org.tr\/index.php?rest_route=%2Fwp%2Fv2%2Ftags&post=3790"}],"curies":[{"name":"wp","href":"https:\/\/api.w.org\/{rel}","templated":true}]}}