{"id":3791,"date":"2013-02-25T12:52:55","date_gmt":"2013-02-25T10:52:55","guid":{"rendered":"http:\/\/www.ced.org.tr\/?p=3791"},"modified":"2013-02-25T12:52:55","modified_gmt":"2013-02-25T10:52:55","slug":"vefat-ve-bassagligi-4","status":"publish","type":"post","link":"http:\/\/www.ced.org.tr\/?p=3791","title":{"rendered":"Vefat ve Ba\u015fsa\u011fl\u0131\u011f\u0131"},"content":{"rendered":"<p><span style=\"font-size: 10px;\">Derne\u011fimiz y\u00f6netim kurulu \u00fcyesi Ecz. Nurg\u00fcl Aktay&#8217;\u0131n kay\u0131npederi Cafer Aktay vefat etmi\u015ftir.  Cenazesi 26 \u015eubat 2013 Sal\u0131 g\u00fcn\u00fc \u00f6\u011fle namaz\u0131n\u0131n ard\u0131ndan Mersin&#8217;de  topra\u011fa verilecektir.<\/span><\/p>\n<p>De\u011ferli arkada\u015f\u0131m\u0131za ve yak\u0131nlar\u0131na ba\u015fsa\u011fl\u0131\u011f\u0131 dileriz.<\/p>\n","protected":false},"excerpt":{"rendered":"<p>Derne\u011fimiz y\u00f6netim kurulu \u00fcyesi Ecz. Nurg\u00fcl Aktay&#8217;\u0131n kay\u0131npederi Cafer Aktay vefat etmi\u015ftir. Cenazesi 26 \u015eubat 2013 Sal\u0131 g\u00fcn\u00fc \u00f6\u011fle namaz\u0131n\u0131n&#46;&#46;&#46;<\/p>\n","protected":false},"author":1,"featured_media":0,"comment_status":"closed","ping_status":"closed","sticky":false,"template":"","format":"standard","meta":{"_jetpack_memberships_contains_paid_content":false,"footnotes":""},"categories":[1],"tags":[],"class_list":["post-3791","post","type-post","status-publish","format-standard","hentry","category-ced"],"aioseo_notices":[],"jetpack_featured_media_url":"","jetpack_sharing_enabled":true,"jetpack-related-posts":[],"_links":{"self":[{"href":"http:\/\/www.ced.org.tr\/index.php?rest_route=\/wp\/v2\/posts\/3791","targetHints":{"allow":["GET"]}}],"collection":[{"href":"http:\/\/www.ced.org.tr\/index.php?rest_route=\/wp\/v2\/posts"}],"about":[{"href":"http:\/\/www.ced.org.tr\/index.php?rest_route=\/wp\/v2\/types\/post"}],"author":[{"embeddable":true,"href":"http:\/\/www.ced.org.tr\/index.php?rest_route=\/wp\/v2\/users\/1"}],"replies":[{"embeddable":true,"href":"http:\/\/www.ced.org.tr\/index.php?rest_route=%2Fwp%2Fv2%2Fcomments&post=3791"}],"version-history":[{"count":0,"href":"http:\/\/www.ced.org.tr\/index.php?rest_route=\/wp\/v2\/posts\/3791\/revisions"}],"wp:attachment":[{"href":"http:\/\/www.ced.org.tr\/index.php?rest_route=%2Fwp%2Fv2%2Fmedia&parent=3791"}],"wp:term":[{"taxonomy":"category","embeddable":true,"href":"http:\/\/www.ced.org.tr\/index.php?rest_route=%2Fwp%2Fv2%2Fcategories&post=3791"},{"taxonomy":"post_tag","embeddable":true,"href":"http:\/\/www.ced.org.tr\/index.php?rest_route=%2Fwp%2Fv2%2Ftags&post=3791"}],"curies":[{"name":"wp","href":"https:\/\/api.w.org\/{rel}","templated":true}]}}