{"id":3792,"date":"2013-03-06T12:42:43","date_gmt":"2013-03-06T10:42:43","guid":{"rendered":"http:\/\/www.ced.org.tr\/?p=3792"},"modified":"2013-03-06T12:42:43","modified_gmt":"2013-03-06T10:42:43","slug":"8-martta-kapitalizme-erkek-egemenligine-gericilige-somuruye-guvencesizlige-siddete-ve-savasa-karsi-direnisimizi-ve-dayanismayi-surduruyor-mucadelemizi-buyutuyoruz","status":"publish","type":"post","link":"http:\/\/www.ced.org.tr\/?p=3792","title":{"rendered":"8 Mart&#8217;ta Kapitalizme, Erkek Egemenli\u011fine, Gericili\u011fe, S\u00f6m\u00fcr\u00fcye, G\u00fcvencesizli\u011fe, \u015eiddete ve Sava\u015fa Kar\u015f\u0131 Direni\u015fimizi ve Dayan\u0131\u015fmay\u0131 S\u00fcrd\u00fcr\u00fcyor M\u00fccadelemizi B\u00fcy\u00fct\u00fcyoruz!"},"content":{"rendered":"<p><span style=\"font-size: 10px;\">D\u0130SK, KESK, TMMOB ve TTB, 8 Mart D\u00fcnya Kad\u0131nlar G\u00fcn\u00fc etkinlikleri \u00e7er\u00e7evesinde \u00a0ortak bir bas\u0131n toplant\u0131s\u0131 yapt\u0131lar. <\/span><\/p>\n<p>TTB`den Filiz \u00dcnal`\u0131n okudu\u011fu a\u00e7\u0131klamada, TMMOB`den Ay\u015feg\u00fcl Oru\u00e7kaptan, D\u0130SK`den Nevin K\u0131z\u0131l\u00f6z, KESK`den Canan \u00c7ala\u011fan bulundu.<\/p>\n<p>\u00a0<\/p>\n<p><strong><span style=\"font-size: 10px;\">8 MART\u2018TA <\/span><span style=\"font-size: 10px;\">KAP\u0130TAL\u0130ZME, ERKEK EGEMENL\u0130\u011e\u0130NE, GER\u0130C\u0130L\u0130\u011eE, S\u00d6M\u00dcR\u00dcYE, G\u00dcVENCES\u0130ZL\u0130\u011eE, \u015e\u0130DDETE ve SAVA\u015eA KAR\u015eI <\/span><span style=\"font-size: 10px;\">D\u0130REN\u0130\u015e\u0130M\u0130Z\u0130 ve DAYANI\u015eMAYI S\u00dcRD\u00dcR\u00dcYOR <\/span><span style=\"font-size: 10px;\">M\u00dcCADELEM\u0130Z\u0130 B\u00dcY\u00dcT\u00dcYORUZ!<\/span><\/strong><\/p>\n<p><strong style=\"font-size: 10px;\">D\u0130SK, KESK, TMMOB ve TTB, 8 Mart D\u00fcnya Kad\u0131nlar G\u00fcn\u00fc etkinlikleri \u00e7er\u00e7evesinde ortak bir bas\u0131n toplant\u0131s\u0131 yapt\u0131lar.<\/strong><\/p>\n<p><span style=\"font-size: 10px;\">8 Mart 1857 tarihinde ABD\u2018nin New-York kentinde 40 bin dokuma i\u015f\u00e7isinin daha iyi \u00e7al\u0131\u015fma ko\u015fullar\u0131 ve e\u015fit i\u015fe e\u015fit \u00fccret istemiyle bir tekstil fabrikas\u0131nda ba\u015flatt\u0131\u011f\u0131 m\u00fccadelenin ve bu m\u00fccadele sonucunda polisin i\u015f\u00e7ilere sald\u0131rarak \u00e7o\u011fu kad\u0131n 129 i\u015f\u00e7inin hayat\u0131n\u0131 kaybetmesinin an\u0131s\u0131na, d\u00fcnyan\u0131n her yerinde ve \u00fclkemizde daha iyi bir d\u00fcnya \u00f6zlemi ta\u015f\u0131yan kad\u0131nlar\u0131n hak arama m\u00fccadelesinin g\u00fcn\u00fcd\u00fcr.<\/span><\/p>\n<p>8 Mart, kapitalizmin tarihsel s\u00fcre\u00e7te, kad\u0131n ile ihtiyaca ba\u011fl\u0131 olarak &#8220;ucuz emek &#8211; kutsanm\u0131\u015f annelik&#8221; aras\u0131nda kurdu\u011fu ikiy\u00fczl\u00fc ili\u015fkinin neoliberal politikalarla \u00fclkemize yans\u0131mas\u0131n\u0131n dayat\u0131ld\u0131\u011f\u0131 bir d\u00f6nemde, kad\u0131n\u0131n varolu\u015f m\u00fccadelesi i\u00e7in tarihsel bir anlam kazand\u0131\u011f\u0131 g\u00fcnd\u00fcr.<\/p>\n<p>Bizler bug\u00fcn emek ve meslek \u00f6rg\u00fctlerinden kad\u0131nlar olarak, 8 Mart m\u00fccadelesinin hakl\u0131l\u0131\u011f\u0131ndan ald\u0131\u011f\u0131m\u0131z cesaret ve g\u00fc\u00e7 ile kapitalizmin ve onun erkek egemen zihniyetinin yaratt\u0131\u011f\u0131 ekonomik, siyasal ve sosyal ku\u015fat\u0131lm\u0131\u015fl\u0131\u011f\u0131 k\u0131rmak, umut ve g\u00fcven dolu onurlu bir gelece\u011fi kurmak, kaybettiklerimizi kazan\u0131mlara d\u00f6n\u00fc\u015ft\u00fcrmenin g\u00fc\u00e7l\u00fc ad\u0131mlar\u0131n\u0131 \u00f6rg\u00fctlemek i\u00e7in biraraya geliyoruz&#8230;&#8230;<\/p>\n<p>Biz kad\u0131nlar, y\u00fczy\u0131llard\u0131r kapitalizmin ve erkek egemenli\u011finin yaratt\u0131\u011f\u0131 g\u00fcvencesizli\u011fi, yoksullu\u011fu, i\u015fsizli\u011fi, \u015fiddetin her t\u00fcrl\u00fcs\u00fcn\u00fc, sava\u015f\u0131, \u0131rk\u00e7\u0131l\u0131\u011f\u0131 ve militarizmi en yo\u011fun ve en a\u011f\u0131r bi\u00e7imiyle ya\u015fayanlar\u0131z. K\u00fcresel ekonomik kriz, sava\u015flar ve ya\u015famlar\u0131m\u0131z\u0131 ku\u015fatan muhafazak\u00e2rl\u0131k bi\u00e7imleri ile s\u00fcrekli yeniden \u00fcretilen \u015fiddet, cinsiyet\u00e7ilik ve \u0131rk\u00e7\u0131l\u0131\u011fa maruz kal\u0131yoruz.<\/p>\n<p>Bizler, kad\u0131n ve erke\u011fi e\u015fit g\u00f6rmedi\u011fini a\u00e7\u0131klayan; kad\u0131n\u0131n kimli\u011fini reddeden, eril, iktidar\u0131n\u0131 her g\u00fcn yeniden \u00fcretmek i\u00e7in kurgulad\u0131\u011f\u0131 aile i\u00e7ine hapseden, &#8220;fedak\u00e2r anne, iffetli e\u015f ve sigortas\u0131z i\u015f\u00e7i&#8221; haline getiren; k\u00fcrtaj yasa\u011f\u0131, \u00e7ocuk do\u011furma bask\u0131s\u0131 alt\u0131nda b\u0131rakan; \u0131rk\u00e7\u0131, gerici, piyasac\u0131 politikalarla e\u011fitim ve sa\u011fl\u0131k ba\u015fta olmak \u00fczere temel haklar\u0131na ula\u015fmas\u0131n\u0131n \u00f6n\u00fcne ge\u00e7en AKP politikalar\u0131na kar\u015f\u0131 s\u00f6z\u00fcm\u00fcz\u00fc s\u00f6ylemek i\u00e7in bir araya geliyoruz.<\/p>\n<p>\u00dclkemizde, kad\u0131n cinayetlerinin y\u00fczde 1400, cinsel taciz ve tecav\u00fcz\u00fcn y\u00fczde 38, cinsel istismar\u0131n y\u00fczde 53 oran\u0131nda art\u0131\u015f\u0131na yol a\u00e7an kad\u0131n d\u00fc\u015fman\u0131 politikalar\u0131n birinci elden sorumlusu erkek egemen AKP iktidar\u0131 ve uygulad\u0131\u011f\u0131 kad\u0131n d\u00fc\u015fman\u0131 politikalard\u0131r. Kad\u0131nlar\u0131n \u00f6zel ve toplumsal ya\u015famda y\u00fckselttikleri hemen her itiraz, kar\u015f\u0131 duru\u015f erkek- devlet-polis \u015fiddeti ile bast\u0131r\u0131lmaya \u00e7al\u0131\u015f\u0131lmaktad\u0131r. Kad\u0131nlar\u0131n insanl\u0131k d\u0131\u015f\u0131 y\u00f6ntemlerle, vah\u015fice, toplumun, devletin g\u00f6z\u00fc \u00f6n\u00fcnde \u00f6ld\u00fcr\u00fclmesi ve artan kad\u0131na y\u00f6nelik \u015fiddetin faillerinin yarg\u0131 eli ile tahrik ad\u0131 alt\u0131nda indirimlerle serbest b\u0131rakmas\u0131 kad\u0131nlar\u0131 \u00f6ld\u00fcrenleri cesaretlendirmekte, kad\u0131n cinayetlerini k\u00f6r\u00fcklemektedir Kad\u0131nlar ya\u015fam\u0131n her alan\u0131nda ayr\u0131mc\u0131l\u0131\u011fa, bask\u0131ya \u015fiddete ve s\u00f6m\u00fcr\u00fcye maruz kalmakta ve bunun &#8220;kader&#8221; olarak kabul edilmesi gerekti\u011fi vaaz edilmektedir.<\/p>\n<p>H\u00fck\u00fcmetin \u00fcretti\u011fi t\u00fcm politikalar ve buna ba\u011fl\u0131 olarak \u00e7\u0131kar\u0131lan yasalar\u0131n tamam\u0131n\u0131n fikri alt yap\u0131s\u0131n\u0131 <strong>&#8220;kad\u0131n erkek e\u015fit de\u011fildir ve kad\u0131n\u0131n as\u0131l yeri aile i\u00e7idir, evidir&#8221;<\/strong> anlay\u0131\u015f\u0131 olu\u015fturmaktad\u0131r. Son olarak <strong>Kad\u0131n Bakanl\u0131\u011f\u0131<\/strong>\u2018n\u0131n kald\u0131r\u0131larak yerine <strong>Aile ve Sosyal Politikalar Bakanl\u0131\u011f\u0131<\/strong>\u2018n\u0131n kurulmas\u0131 ayn\u0131 yakla\u015f\u0131m\u0131n sonucudur.<\/p>\n<p>H\u00fck\u00fcmet hayata ge\u00e7irdi\u011fi emek d\u00fc\u015fman\u0131 yasal d\u00fczenlemelerle, emek-sermaye ili\u015fkisini ve \u00e7al\u0131\u015fma ya\u015fam\u0131n\u0131 esneklik paradigmas\u0131 \u00e7er\u00e7evesinde d\u00f6n\u00fc\u015ft\u00fcrmeyi ama\u00e7l\u0131yor. Bir yandan var olan haklar\u0131 t\u0131rpanlarken di\u011fer yandan da ta\u015feron, ucuz, ge\u00e7ici ve g\u00fcvencesiz \u00e7al\u0131\u015fma bi\u00e7imlerini kurumsalla\u015ft\u0131rarak \u00fclkeyi ucuz emek cennetine \u00e7evirmek istiyor. Kad\u0131n istihdam\u0131n\u0131 art\u0131rmaktan kastedilen ise esnek ve g\u00fcvencesiz \u00e7al\u0131\u015fma bi\u00e7imleri ile toplumsal ya\u015fam\u0131n d\u0131\u015f\u0131na iterek kad\u0131n eme\u011fi s\u00f6m\u00fcr\u00fcs\u00fcn\u00fc daha da art\u0131rmak anlam\u0131na geliyor<\/p>\n<p>\u00a0<\/p>\n<p>Biz kad\u0131n emek\u00e7iler, kamu hizmetlerinin \u00f6zelle\u015ftirildi\u011fi, esnek-kurals\u0131z, g\u00fcvencesiz, performansa dayal\u0131 \u00e7al\u0131\u015fman\u0131n yayg\u0131nla\u015ft\u0131\u011f\u0131, i\u015f y\u00fck\u00fcm\u00fcz\u00fcn her ge\u00e7en g\u00fcn artt\u0131\u011f\u0131 bir ortamda, i\u015f kanunundan, sosyal g\u00fcvenli\u011fe, sendikalar kanunundan ulusal istihdam stratejisine kadar bir\u00e7ok emek\u00e7i d\u00fc\u015fman\u0131 yasal d\u00fczenleme ile d\u00fc\u015f\u00fck \u00fccretle \u00e7al\u0131\u015fmaya zorlanmakta ve i\u015fsizli\u011fe mahk\u00fbm edilmek istenmekteyiz. Kad\u0131n oldu\u011fumuz i\u00e7in \u00e7al\u0131\u015ft\u0131\u011f\u0131m\u0131z i\u015fyerlerinde bir taraftan y\u00fckselme ve terfilerde ayr\u0131mc\u0131l\u0131\u011fa maruz kal\u0131rken di\u011fer taraftan tacize, \u015fiddete ve mobbinge u\u011framaktay\u0131z. B\u00fct\u00fcn bunlar\u0131n yan\u0131nda, sosyal devletin sorumlulu\u011fu olan ve toplumsalla\u015fmas\u0131 gereken ev i\u015fleri, \u00e7ocuk, ya\u015fl\u0131 ve hasta bak\u0131m\u0131 vb. sadece kad\u0131nlar\u0131n yapmas\u0131 gereken i\u015fler olarak hala dikte edilmektedir. AKP H\u00fck\u00fcmetinin bir yan\u0131 ile piyasac\u0131 di\u011fer yan\u0131 ile gerici politikalar\u0131 biz kad\u0131nlar\u0131 toplumsal ya\u015famdan d\u0131\u015flayarak eve hapsetmeyi hedeflemektedir. Bir taraftan sosyal haklar\u0131m\u0131z k\u0131s\u0131tlan\u0131rken di\u011fer taraftan i\u015fyerlerinde \u00fccretsiz kre\u015flerin olmad\u0131\u011f\u0131 ko\u015fullarda, bizlere yap\u0131lan <strong>&#8220;en az \u00fc\u00e7 \u00e7ocuk do\u011furun&#8221; <\/strong>telkinleri sosyal rol\u00fcm\u00fcz\u00fc <strong>ev-\u00e7ocuk-ya\u015fl\u0131 bak\u0131m\u0131<\/strong> \u00fc\u00e7geni olarak tan\u0131mlamaktad\u0131r.<\/p>\n<p>\u00a0<\/p>\n<p>Kad\u0131na d\u00f6n\u00fck her t\u00fcrden ayr\u0131mc\u0131l\u0131k ve \u015fiddet ortam\u0131n\u0131 temellendiren nedenler sava\u015f durumlar\u0131nda g\u00fc\u00e7lenir. Eril kavramlar olan militarizm, \u0131rk\u00e7\u0131l\u0131k ve milliyet\u00e7ili\u011fin kendini var etti\u011fi ekonomik ve siyasal temel, kad\u0131n d\u00fc\u015fmanl\u0131\u011f\u0131n\u0131 \u00fcretmekte ve beslemekte, sava\u015flar ve silahlanma politikalar\u0131 kad\u0131nlara kan-g\u00f6zya\u015f\u0131-ac\u0131-tecav\u00fcz-g\u00f6\u00e7 olarak yans\u0131maktad\u0131r. \u00dclkemizde 30 y\u0131l\u0131 a\u015fk\u0131nd\u0131r s\u00fcren \u00e7at\u0131\u015fmal\u0131 d\u00f6nemin en fazla ma\u011fdur olan kesimi \u00e7ocuklar\u0131n\u0131, e\u015flerini bu sava\u015fta kaybeden, <strong>kad\u0131nlard\u0131r<\/strong>. Ana dilini konu\u015famayan, k\u00fclt\u00fcr\u00fcn\u00fc ya\u015fayamayan kad\u0131nlar\u0131n ma\u011fduriyeti katlanarak artmaktad\u0131r. Sava\u015f kad\u0131nlar\u0131 yoksulla\u015ft\u0131rmakta, \u015fiddeti artt\u0131rmaktad\u0131r. Buradan hareketle t\u00fcm sava\u015flarda ortak d\u00fc\u015fman\u0131n, ma\u011fdurun kad\u0131nlar oldu\u011funu bilerek bir kez daha bar\u0131\u015f diyoruz. Ya\u015fad\u0131\u011f\u0131m\u0131z ac\u0131lar\u0131n bir an evvel son bulmas\u0131 i\u00e7in bug\u00fcn bir kez daha filizlenen bar\u0131\u015f umutlar\u0131n\u0131n heba edilmemesini istiyoruz. Y\u0131llard\u0131r d\u00fcnyada ve T\u00fcrkiye de \u015fiddetin devre d\u0131\u015f\u0131 b\u0131rak\u0131larak diyalog ve m\u00fczakere ile sorunlar\u0131n \u00e7\u00f6z\u00fclmesi noktas\u0131nda m\u00fccadele y\u00fcr\u00fcten kad\u0131nlar bar\u0131\u015f\u0131n teminat\u0131d\u0131r bu sebeple karar verme s\u00fcre\u00e7lerine kad\u0131nlar daha fazla dahil edilmelidir.<\/p>\n<p>\u00a0<\/p>\n<p>Biz D\u0130SK, KESK, TTB VE TMMOB\u2018lu Kad\u0131nlar kapitalist sisteme, erkek egemenli\u011fine ve bunlar\u0131n bile\u015fik sonu\u00e7lar\u0131 olan \u00e7ifte ezilmi\u015fli\u011fe ve \u00e7ifte s\u00f6m\u00fcr\u00fcye bir kez daha hay\u0131r diyor ve ba\u015fta;<\/p>\n<p>\u00a0<\/p>\n<p>&#8220;8 Mart\u2018\u0131n resmi tatil olmas\u0131&#8221; talebi olmak \u00fczere:<\/p>\n<p>\u00a0<\/p>\n<p>&#8211; Kad\u0131n bedeni \u00fczerindeki t\u00fcm s\u00f6z ve karar haklar\u0131n\u0131n kad\u0131na ait oldu\u011funun kabul edilmesini, siyasi iktidarlar\u0131n kad\u0131n\u0131n bedeninden elini \u00e7ekmesini,<\/p>\n<p>&#8211; &#8220;Kad\u0131n&#8221;\u0131 aile ve namus ile kurumsal olarak da \u00f6zde\u015fle\u015ftirilen Aile ve Sosyal Politikalar Bakanl\u0131\u011f\u0131\u2018n\u0131n kald\u0131r\u0131larak Kad\u0131n ve E\u015fitlik Bakanl\u0131\u011f\u0131\u2018n\u0131n kurulmas\u0131n\u0131,<\/p>\n<p>&#8211; Kad\u0131n\u0131 e\u011fitimden, ya\u015famdan koparan, \u00e7ocuk gelinleri me\u015frula\u015ft\u0131ran, \u00e7a\u011fd\u0131\u015f\u0131 gerici yakla\u015f\u0131m\u0131n son \u00f6rne\u011fi 4+4+4 e\u011fitim d\u00fczeninin kald\u0131r\u0131lmas\u0131n\u0131,<\/p>\n<p>&#8211; Kad\u0131n istihdam\u0131nda tek se\u00e7enekmi\u015f gibi g\u00f6r\u00fcnen esnek-g\u00fcvencesiz-kay\u0131t d\u0131\u015f\u0131 ve ta\u015feron \u00e7al\u0131\u015ft\u0131rmaya son verilmesini,<\/p>\n<p>&#8211; Militarizmin ve sava\u015f\u0131n en \u00e7ok kad\u0131nlar\u0131 etkiledi\u011fi bilinci ile bar\u0131\u015f\u0131n bir an \u00f6nce demokratik yollarla sa\u011flanmas\u0131,<\/p>\n<p>&#8211; E\u015fit i\u015fe e\u015fit \u00fccret ve insanca ya\u015fanmas\u0131na olanak veren &#8220;yeterli \u00fccret&#8221; verilmesini,<\/p>\n<p>&#8211; Sendikala\u015fma ve \u00f6rg\u00fctlenme \u00f6n\u00fcndeki her t\u00fcrl\u00fc yasal ve fiili engellerin kald\u0131r\u0131lmas\u0131n\u0131,<\/p>\n<p>&#8211; Ev i\u015f\u00e7isi ve ev eksenli \u00e7al\u0131\u015fan kad\u0131nlar\u0131n emeklerinin g\u00f6r\u00fcn\u00fcr k\u0131l\u0131narak sosyal g\u00fcvence kapsam\u0131na al\u0131nmas\u0131n\u0131,<\/p>\n<p>&#8211; \u00c7ocuklar\u0131m\u0131z\u0131 g\u00fcvenle b\u0131rakaca\u011f\u0131m\u0131z \u00fccretsiz, sa\u011fl\u0131kl\u0131 kre\u015fler ve bak\u0131m evlerinin sa\u011flanmas\u0131n\u0131,<\/p>\n<p>&#8211; Ba\u015fta cinsiyet ayr\u0131mc\u0131l\u0131\u011f\u0131 olmak \u00fczere her t\u00fcrl\u00fc s\u00f6m\u00fcr\u00fc ve ayr\u0131mc\u0131l\u0131\u011fa son verecek e\u015fitlik\u00e7i, \u00f6zg\u00fcrl\u00fck\u00e7\u00fc ve demokratik bir anayasa haz\u0131rlanmas\u0131n\u0131,<\/p>\n<p>&#8211; \u015eiddete u\u011frayan kad\u0131nlar\u0131n korunmas\u0131n\u0131 ve kad\u0131n cinayetlerinin engellenmesini,<\/p>\n<p>&#8211; E\u015fitlik ve \u00f6zg\u00fcrl\u00fck talebi ile m\u00fccadele y\u00fcr\u00fcten kad\u0131nlara y\u00f6nelik g\u00f6zalt\u0131 ve tutuklamalar\u0131n son bulmas\u0131n\u0131,<\/p>\n<p>&#8211; \u0130\u015fyerinde, sokakta, evde kad\u0131na y\u00f6nelik taciz, tecav\u00fcz ve mobbingin son bulmas\u0131 i\u00e7in d\u00fczenleme yap\u0131lmas\u0131n\u0131,<\/p>\n<p>&#8211; Kad\u0131ndan yana imza at\u0131lan uluslararas\u0131 s\u00f6zle\u015fmelerin uygulanmas\u0131n\u0131<\/p>\n<p>\u00a0<\/p>\n<p>\u0130ST\u0130YORUZ!<\/p>\n<p>\u00a0<\/p>\n<p>Talebimiz i\u015f yerlerine s\u0131k\u0131\u015ft\u0131r\u0131lmaya ve g\u00fcvencesizli\u011fe kar\u015f\u0131 m\u00fccadeleyi y\u00fckseltmek ama\u00e7l\u0131d\u0131r.<\/p>\n<p>Talebimiz cinsiyet\u00e7i \u00e7al\u0131\u015fma alan\u0131na m\u00fcdahale etmek ama\u00e7l\u0131d\u0131r.<\/p>\n<p>Talebimiz ekonominin cinsiyet\u00e7i kimli\u011fine m\u00fcdahale etmek ama\u00e7l\u0131d\u0131r.<\/p>\n<p>Ve en \u00f6nemlisi talebimiz eril, gerici ve liberal politikalar\u0131n kad\u0131nlara dayatt\u0131\u011f\u0131 ev hapsine, i\u015fsizli\u011fe, g\u00fcvencesizli\u011fe ve her t\u00fcrl\u00fc \u015fiddet ayg\u0131t\u0131na kar\u015f\u0131 \u00e7\u0131karak, bilincimizi \u00f6rg\u00fctl\u00fc ve \u00f6zg\u00fcrce ifade etmek ama\u00e7l\u0131d\u0131r.<\/p>\n<p>\u00a0<\/p>\n<p>Bug\u00fcn aralar\u0131nda \u00c7in, Rusya, Azerbaycan, Kazakistan, Moldova ve K\u0131rg\u0131zistan\u2018\u0131n da bulundu\u011fu 21 \u00fclkede &#8220;8 Mart&#8221; \u00fclkenin genel tatil g\u00fcnlerinden biri olarak kabul edilmektedir. Bu topraklarda ya\u015fayan kad\u0131nlar olarak biz de; s\u00f6z\u00fcm\u00fcz\u00fc s\u00f6ylemek, taleplerimizi hayk\u0131rmak, dayan\u0131\u015fmam\u0131z\u0131 \u00f6rmek i\u00e7in 8 Mart\u2018\u0131n resmi tatil ilan edilmesini istiyoruz. TBMM\u2018de bulunan t\u00fcm kad\u0131n milletvekillerinin 8 Mart\u2018\u0131n resmi tatil olmas\u0131 i\u00e7in ortak kanun teklifi sunup, bu konuyu hep birlikte kad\u0131n dayan\u0131\u015fmas\u0131 i\u00e7inde savunmalar\u0131n\u0131 bekliyoruz.<\/p>\n<p>\u00a0<\/p>\n<p>Ekonomik, siyasal ve sosyal ku\u015fat\u0131lm\u0131\u015fl\u0131\u011f\u0131n k\u0131r\u0131ld\u0131\u011f\u0131, umut ve g\u00fcven dolu onurlu bir gelecek, hak ve olanak e\u015fitli\u011finin oldu\u011fu, \u00e7o\u011fulcu, \u00f6zg\u00fcr ve sosyal adalet temelli bir d\u00fcnya istiyoruz.<\/p>\n<p>\u00a0<\/p>\n<p>Bizler farkl\u0131 g\u00f6r\u00fc\u015flerin zenginlik oldu\u011funa, kad\u0131nlar\u0131n dayan\u0131\u015fmas\u0131n\u0131n ve ortak bir m\u00fccadele y\u00fcr\u00fctmesinin bir temenniden \u00f6te zorunluluk oldu\u011funa inan\u0131yoruz.<\/p>\n<p>\u00a0<\/p>\n<p>\u00c7\u00fcnk\u00fc bu m\u00fccadelenin toplumun her kesiminden ezilen, d\u0131\u015flanan ama isyan eden, bar\u0131\u015f, emek, demokrasi e\u015fitlik ve \u00f6zg\u00fcrl\u00fck m\u00fccadelesi ile kad\u0131n m\u00fccadelesinin ayr\u0131lmaz b\u00fct\u00fcnl\u00fc\u011f\u00fcne inanan b\u00fct\u00fcn kad\u0131nlarla ya\u015fam\u0131n her alan\u0131nda yan yana, omuz omuza, el ele oldu\u011fumuz s\u00fcrece ba\u015far\u0131l\u0131 olaca\u011f\u0131na inan\u0131yoruz.<\/p>\n<p>\u00a0<\/p>\n<p>\u00c7\u00fcnk\u00fc g\u00fcn dayan\u0131\u015fma g\u00fcn\u00fcd\u00fcr&#8230;<\/p>\n<p>\u00c7\u00fcnk\u00fc g\u00fcn direnme ve isyan etme g\u00fcn\u00fcd\u00fcr&#8230;<\/p>\n<p>\u00c7\u00fcnk\u00fc g\u00fcn kad\u0131nlar\u0131n m\u00fccadele g\u00fcn\u00fcd\u00fcr&#8230;<\/p>\n<p>Ya\u015fas\u0131n 8 Mart!<\/p>\n<p>Ya\u015fas\u0131n Kad\u0131n Dayan\u0131\u015fmas\u0131!<\/p>\n<p>\u00a0<\/p>\n","protected":false},"excerpt":{"rendered":"<p>D\u0130SK, KESK, TMMOB ve TTB, 8 Mart D\u00fcnya Kad\u0131nlar G\u00fcn\u00fc etkinlikleri \u00e7er\u00e7evesinde \u00a0ortak bir bas\u0131n toplant\u0131s\u0131 yapt\u0131lar. TTB`den Filiz \u00dcnal`\u0131n&#46;&#46;&#46;<\/p>\n","protected":false},"author":1,"featured_media":0,"comment_status":"closed","ping_status":"closed","sticky":false,"template":"","format":"standard","meta":{"_jetpack_memberships_contains_paid_content":false,"footnotes":""},"categories":[1],"tags":[],"class_list":["post-3792","post","type-post","status-publish","format-standard","hentry","category-ced"],"aioseo_notices":[],"jetpack_featured_media_url":"","jetpack_sharing_enabled":true,"jetpack-related-posts":[],"_links":{"self":[{"href":"http:\/\/www.ced.org.tr\/index.php?rest_route=\/wp\/v2\/posts\/3792","targetHints":{"allow":["GET"]}}],"collection":[{"href":"http:\/\/www.ced.org.tr\/index.php?rest_route=\/wp\/v2\/posts"}],"about":[{"href":"http:\/\/www.ced.org.tr\/index.php?rest_route=\/wp\/v2\/types\/post"}],"author":[{"embeddable":true,"href":"http:\/\/www.ced.org.tr\/index.php?rest_route=\/wp\/v2\/users\/1"}],"replies":[{"embeddable":true,"href":"http:\/\/www.ced.org.tr\/index.php?rest_route=%2Fwp%2Fv2%2Fcomments&post=3792"}],"version-history":[{"count":0,"href":"http:\/\/www.ced.org.tr\/index.php?rest_route=\/wp\/v2\/posts\/3792\/revisions"}],"wp:attachment":[{"href":"http:\/\/www.ced.org.tr\/index.php?rest_route=%2Fwp%2Fv2%2Fmedia&parent=3792"}],"wp:term":[{"taxonomy":"category","embeddable":true,"href":"http:\/\/www.ced.org.tr\/index.php?rest_route=%2Fwp%2Fv2%2Fcategories&post=3792"},{"taxonomy":"post_tag","embeddable":true,"href":"http:\/\/www.ced.org.tr\/index.php?rest_route=%2Fwp%2Fv2%2Ftags&post=3792"}],"curies":[{"name":"wp","href":"https:\/\/api.w.org\/{rel}","templated":true}]}}