{"id":3793,"date":"2013-03-06T12:46:02","date_gmt":"2013-03-06T10:46:02","guid":{"rendered":"http:\/\/www.ced.org.tr\/?p=3793"},"modified":"2013-03-06T12:46:02","modified_gmt":"2013-03-06T10:46:02","slug":"8-mart-feminist-gece-eylemi-icin-bulusuyoruz","status":"publish","type":"post","link":"http:\/\/www.ced.org.tr\/?p=3793","title":{"rendered":"\u201c8 Mart Feminist Gece Eylemi\u201d i\u00e7in bulu\u015fuyoruz!"},"content":{"rendered":"<p><a href=\"http:\/\/www.sosyalistfeministkolektif.org\/component\/content\/article\/2-haberler\/489-11-kez-8-mart-feminist-gece-eylemi-icin-bulusuyoruz\" target=\"_blank\" style=\"font-size: 10px;\">http:\/\/www.sosyalistfeministkolektif.org\/component\/content\/article\/2-haberler\/489-11-kez-8-mart-feminist-gece-eylemi-icin-bulusuyoruz<\/a><\/p>\n<p>8 Mart 19.30, Galatasaray<\/p>\n<p>Ge\u00e7en 8 Mart\u2019tan bu yana kad\u0131nlar\u0131n bedenlerine, emeklerine, hayatlar\u0131na el koyma tehditlerine, sald\u0131r\u0131lar\u0131na kar\u015f\u0131 susmad\u0131k!<\/p>\n<p><span style=\"font-size: 10px;\">Ba\u015fbakan\u2019\u0131n \u201cK\u00fcrtaj cinayettir. Her k\u00fcrtaj Uludere\u2019dir\u201d s\u00f6ylemiyle g\u00fcndeme getirilen k\u00fcrtaj\u0131 yasaklama giri\u015fimini \u201cK\u00fcrtaj hakt\u0131r, Uludere katliam\u201d diyerek geri p\u00fcsk\u00fcrtt\u00fck.<\/span><\/p>\n<p>AKP h\u00fck\u00fcmetinin \u201c3 de yetmez 5 \u00e7ocuk\u201d bask\u0131lar\u0131na ra\u011fmen kulu\u00e7ka makinas\u0131 olmay\u0131 reddettik.<\/p>\n<p>Tecav\u00fczde r\u0131za, cinayette haks\u0131z tahrik arayan erkek adalete kar\u015f\u0131 ger\u00e7ek adalet i\u00e7in m\u00fccadelemizi s\u00fcrd\u00fcrd\u00fck. S\u00fcrekli \u015fiddet g\u00f6ren, tecav\u00fcze u\u011frayan, devlet korumad\u0131\u011f\u0131 i\u00e7in eline silah almak zorunda kalan, kocalar\u0131n\u0131 yaralayan veya \u00f6ld\u00fcren Erzurum&#8217;da S\u00fcreyya Y\u0131ld\u0131r\u0131m, Bing\u00f6l&#8217;de Pembe Dal, Zonguldak\u2019ta Han\u0131m Korkmaz, Sakarya\u2019da G\u00fclfidan, tecav\u00fczc\u00fcy\u00fc \u00f6ld\u00fcren Nevin Y\u0131ld\u0131r\u0131m ve me\u015fru m\u00fcdafaa hakk\u0131n\u0131 kullanarak direnen daha \u00e7ok say\u0131da kad\u0131n, erkeklerin ve patriyarkan\u0131n iktidar\u0131na boyun e\u011fmemenin m\u00fcmk\u00fcn oldu\u011funu g\u00f6sterdi.<\/p>\n<p>Ailenin g\u00fc\u00e7lendirilmesinin bir devlet politikas\u0131 olmas\u0131na ve aile y\u00fcz\u00fcnden u\u011frad\u0131\u011f\u0131m\u0131z bask\u0131lara, \u00f6l\u00fcm, \u015fiddet, yoksulluk tehditlerine ra\u011fmen evlenmeyi reddeden ve bo\u015fanan kad\u0131nlar\u0131n say\u0131s\u0131 artt\u0131.<\/p>\n<p>Eme\u011fimize, bedenimize ve kimli\u011fimize sahip \u00e7\u0131kmak i\u00e7in patriyarkaya, heteroseksizme, homofobiye, kapitalizme, milliyet\u00e7ili\u011fe, militarizme ve sava\u015fa kar\u015f\u0131 kad\u0131nlar\u0131n m\u00fccadelesini ve dayan\u0131\u015fmas\u0131n\u0131 hayk\u0131rmak i\u00e7in, 11. y\u0131l\u0131na giren 8 Mart Feminist Gece Y\u00fcr\u00fcy\u00fc\u015f i\u00e7in birlikte ve sokaklarday\u0131z!<\/p>\n<p>\u0130stanbul Feminist Kolektif<\/p>\n","protected":false},"excerpt":{"rendered":"<p>http:\/\/www.sosyalistfeministkolektif.org\/component\/content\/article\/2-haberler\/489-11-kez-8-mart-feminist-gece-eylemi-icin-bulusuyoruz 8 Mart 19.30, Galatasaray Ge\u00e7en 8 Mart\u2019tan bu yana kad\u0131nlar\u0131n bedenlerine, emeklerine, hayatlar\u0131na el koyma tehditlerine, sald\u0131r\u0131lar\u0131na kar\u015f\u0131 susmad\u0131k!&#46;&#46;&#46;<\/p>\n","protected":false},"author":1,"featured_media":0,"comment_status":"closed","ping_status":"closed","sticky":false,"template":"","format":"standard","meta":{"_jetpack_memberships_contains_paid_content":false,"footnotes":""},"categories":[1],"tags":[],"class_list":["post-3793","post","type-post","status-publish","format-standard","hentry","category-ced"],"aioseo_notices":[],"jetpack_featured_media_url":"","jetpack_sharing_enabled":true,"jetpack-related-posts":[],"_links":{"self":[{"href":"http:\/\/www.ced.org.tr\/index.php?rest_route=\/wp\/v2\/posts\/3793","targetHints":{"allow":["GET"]}}],"collection":[{"href":"http:\/\/www.ced.org.tr\/index.php?rest_route=\/wp\/v2\/posts"}],"about":[{"href":"http:\/\/www.ced.org.tr\/index.php?rest_route=\/wp\/v2\/types\/post"}],"author":[{"embeddable":true,"href":"http:\/\/www.ced.org.tr\/index.php?rest_route=\/wp\/v2\/users\/1"}],"replies":[{"embeddable":true,"href":"http:\/\/www.ced.org.tr\/index.php?rest_route=%2Fwp%2Fv2%2Fcomments&post=3793"}],"version-history":[{"count":0,"href":"http:\/\/www.ced.org.tr\/index.php?rest_route=\/wp\/v2\/posts\/3793\/revisions"}],"wp:attachment":[{"href":"http:\/\/www.ced.org.tr\/index.php?rest_route=%2Fwp%2Fv2%2Fmedia&parent=3793"}],"wp:term":[{"taxonomy":"category","embeddable":true,"href":"http:\/\/www.ced.org.tr\/index.php?rest_route=%2Fwp%2Fv2%2Fcategories&post=3793"},{"taxonomy":"post_tag","embeddable":true,"href":"http:\/\/www.ced.org.tr\/index.php?rest_route=%2Fwp%2Fv2%2Ftags&post=3793"}],"curies":[{"name":"wp","href":"https:\/\/api.w.org\/{rel}","templated":true}]}}