{"id":3795,"date":"2013-03-14T13:20:06","date_gmt":"2013-03-14T11:20:06","guid":{"rendered":"http:\/\/www.ced.org.tr\/?p=3795"},"modified":"2013-03-14T13:20:06","modified_gmt":"2013-03-14T11:20:06","slug":"14-mart-tip-bayramini-son-yillarda-oldugu-gibi-bu-yil-da-buruk-kutluyoruz","status":"publish","type":"post","link":"http:\/\/www.ced.org.tr\/?p=3795","title":{"rendered":"14 Mart T\u0131p Bayram\u0131&#8217;n\u0131 son y\u0131llarda oldu\u011fu gibi bu y\u0131l da buruk kutluyoruz"},"content":{"rendered":"<p><div style=\"color: #222222; font-family: arial, sans-serif; font-size: 12.800000190734863px;\">14 Mart T\u0131p Bayram\u0131&#8217;n\u0131 son y\u0131llarda oldu\u011fu gibi bu y\u0131l da buruk kutluyoruz.<\/div>\n<div style=\"color: #222222; font-family: arial, sans-serif; font-size: 12.800000190734863px;\"><strong>PARAN KADAR SA\u011eLIK D\u00d6NEM\u0130<br \/><\/strong> <br \/>Ankara Tabip Odas\u0131 ortada kutlanacak bir bayram\u0131n olmad\u0131\u011f\u0131n\u0131 a\u00e7\u0131klad\u0131. Yap\u0131lan a\u00e7\u0131klamada \u201c14 Mart T\u0131p Bayram\u0131&#8217;n\u0131 son y\u0131llarda oldu\u011fu gibi bu y\u0131l da buruk kutluyoruz. Daha iyi bir sa\u011fl\u0131k sistemi vaadiyle uygulamaya sokulan sa\u011fl\u0131kta d\u00f6n\u00fc\u015f\u00fcm program\u0131 her ge\u00e7en g\u00fcn sa\u011fl\u0131k alan\u0131nda biraz daha tahribata yol a\u00e7\u0131yor\u201d denildi.<\/div>\n<div style=\"color: #222222; font-family: arial, sans-serif; font-size: 12.800000190734863px;\">Bu y\u0131l 14 Mart T\u0131p Haftas\u0131 \u00e7er\u00e7evesinde hastalar\u0131m\u0131z\u0131n ve sa\u011fl\u0131k \u00e7al\u0131\u015fanlar\u0131n\u0131n penceresinden; sa\u011fl\u0131k ortam\u0131n\u0131, sa\u011fl\u0131kta d\u00f6n\u00fc\u015f\u00fcm program\u0131n\u0131, hekimlerin i\u00e7inde bulundu\u011fu ko\u015fullar\u0131 daha g\u00f6r\u00fcn\u00fcr k\u0131lmak i\u00e7in Ankara Tabip Odas\u0131 taraf\u0131ndan&#8221;paran kadar sa\u011fl\u0131k&#8221; adl\u0131 bir \u015fark\u0131 ve klip haz\u0131rland\u0131. bir \u015fark\u0131 haz\u0131rlan\u0131p klibi \u00e7ekildi.<a href=\"http:\/\/www.youtube.com\/v\/Twg-Gw6Oflk?version=3&amp;hl=tr_TR&amp;autoplay=1\" target=\"_blank\" style=\"color: #1155cc;\">http:\/\/www.youtube.com\/v\/Twg-Gw6Oflk?version=3&amp;amp;hl=tr_TR&amp;amp;autoplay=1<\/p>\n<p><\/a><\/div>\n<h2 style=\"color: #222222; font-family: arial, sans-serif;\">Sa\u011fl\u0131kta AKP vir\u00fcs\u00fc<\/h2>\n<p style=\"color: #222222; font-family: arial, sans-serif; font-size: 12.800000190734863px;\">14\u00a0MAR\u00a02013<\/p>\n<div style=\"color: #222222; font-family: arial, sans-serif; font-size: 12.800000190734863px;\">\n<p>\u00a0<\/p>\n<p><strong>Birg\u00fcn. BURCU CANSU-ANKARA<\/strong><\/p>\n<\/div>\n<div style=\"color: #222222; font-family: arial, sans-serif; font-size: 12.800000190734863px;\">Bug\u00fcn 14 Mart T\u0131p Bayram\u0131. AKP\u2019nin D\u00fcnya Bankas\u0131 kredisiyle uygulamaya soktu\u011fu Sa\u011fl\u0131kta D\u00f6n\u00fc\u015f\u00fcm program\u0131 adeta y\u0131k\u0131ma yol a\u00e7t\u0131. Meslek \u00f6rg\u00fctleri ve sa\u011fl\u0131k emek\u00e7ileri AKP\u2019nin \u201cdevrim\u201d diye sundu\u011fu d\u00f6n\u00fc\u015f\u00fcme tepkili.<\/p>\n<p><strong>SA\u011eLIK \u00d6ZEL \u015e\u0130RKETLERE PE\u015eKE\u015e \u00c7EK\u0130LD\u0130<\/strong><br \/> \u201cAKP ile sa\u011fl\u0131kta 10 y\u0131ll\u0131k s\u00fcre\u00e7 tam anlam\u0131yla bir \u00f6zelle\u015ftirme d\u00f6nemi oldu\u201d diyen \u0130stanbul Tabip Odas\u0131 Genel Sekreteri Ali \u00c7erkezo\u011flu sa\u011fl\u0131kta ya\u015fanan y\u0131k\u0131m\u0131 \u015f\u00f6yle anlatt\u0131:. AKP\u2019nin piyasac\u0131 politikalar\u0131ndan en a\u011f\u0131r darbeyi sa\u011fl\u0131k ald\u0131. Sa\u011fl\u0131kta d\u00f6n\u00fc\u015f\u00fcm ad\u0131 alt\u0131nda halk\u0131m\u0131z\u0131n gelece\u011fi \u015firketlere pe\u015fke\u015f \u00e7ekildi. \u0130lk ad\u0131m Genel Sa\u011fl\u0131k Sigortas\u0131 ile geldi. \u0130kinci ayakta sa\u011fl\u0131k ocaklar\u0131n\u0131n kapat\u0131l\u0131p yerine Aile Hekimli\u011fi getirilmesi oldu. En son s\u0131ra Kamu \u00d6zel Ortakl\u0131\u011f\u0131 ile milyarlarca dolar anlam\u0131na gelen \u2018\u015fehir hastanelerinin\u2019 \u015firketlere kiralanmas\u0131 s\u00fcreci. Sa\u011fl\u0131k ocaklar\u0131ndan sonra kamu hastaneleri de tasfiye edilmi\u015f olacak. S\u00fcrecin sonunda 75 milyon insan\u0131n gelece\u011fi \u00f6zelle\u015ftirilmi\u015f olacak.<br \/><strong><br \/>M\u00dcJDE DE\u011e\u0130L, &#8216;BALON&#8217;<br \/><\/strong>T\u00fcrk Tabipleri Birli\u011fi (TTB) Genel Sekreteri Beyaz\u0131t \u0130lhan Sa\u011fl\u0131k Bakan\u0131 Mehmet M\u00fcezzino\u011flu\u2019nun \u00f6nceki g\u00fcn \u201cm\u00fcjde\u201d olarak a\u00e7\u0131klad\u0131\u011f\u0131 ve ba\u015fbakan Erdo\u011fan\u2019a sundu\u011fu 8 maddelik paketi ele\u015ftirdi. \u201cSa\u011fl\u0131k Bakanl\u0131\u011f\u0131&#8217;n\u0131n 14 Mart\u2019ta (bug\u00fcn) resmen a\u00e7\u0131klamay\u0131 planlad\u0131\u011f\u0131 paketinin m\u00fcjde olmad\u0131\u011f\u0131n\u0131 kaydeden \u0130lhan, Sa\u011fl\u0131k Bakan\u0131&#8217;n\u0131n bu \u00e7\u00f6z\u00fcm\u00fc &#8216;M\u00fcjde&#8217; de\u011fil, &#8216;Balon&#8217;. Hekimler olarak bizim bak\u0131\u015f a\u00e7\u0131m\u0131zda da bir umut do\u011fmad\u0131\u201d dedi.<\/div>\n<p style=\"color: #222222; font-family: arial, sans-serif; font-size: 12.800000190734863px;\"><strong>SES BA\u015eKANI: SA\u011eLIK HAK OLMAKTAN \u00c7IKTI<\/strong><br \/>Sa\u011fl\u0131k Emek\u00e7ileri Sendikas\u0131 (SES) Ba\u015fkan\u0131 \u00c7etin Erdolu ise Sa\u011fl\u0131kta D\u00f6n\u00fc\u015f\u00fcm Program\u0131 sa\u011fl\u0131\u011f\u0131 \u2018HAK\u2019 olmaktan \u00e7\u0131kard\u0131\u201d diyerek AKP\u2019nin sa\u011fl\u0131k politikalar\u0131n\u0131n y\u0131k\u0131m getirdi\u011fini s\u00f6yledi. Erdolu \u015f\u00f6yle konu\u015ftu: Paras\u0131 olan\u0131n paras\u0131 kadar sa\u011fl\u0131k hizmeti alabilece\u011fi, paras\u0131na g\u00f6re tedavi y\u00f6ntemi ve hastaneyi se\u00e7ece\u011fi bir s\u00fcre\u00e7 ba\u015flad\u0131. Art\u0131k kamusal, ya da yar\u0131 kamusal bir hizmetten s\u00f6z etme olana\u011f\u0131 kalmad\u0131. Sa\u011fl\u0131k emek\u00e7ileri i\u015f g\u00fcvencesinden yoksun, gelecek g\u00fcvencesi olmayan, esnek ve kurals\u0131z \u00e7al\u0131\u015fan bir istihdam bi\u00e7imine mahkum edilmekte, ta\u015feron \u00e7al\u0131\u015ft\u0131rma ve hizmetin ta\u015feronla\u015ft\u0131r\u0131lmas\u0131n\u0131n \u00f6n\u00fc a\u00e7\u0131ld\u0131.<\/p>\n<p style=\"color: #222222; font-family: arial, sans-serif; font-size: 12.800000190734863px;\"><strong>TTB\u2019den Acil Talepler<\/strong><br \/>1- Sa\u011fl\u0131\u011f\u0131 ticarile\u015ftiren, sa\u011fl\u0131k hizmetlerini metala\u015ft\u0131ran, e\u015fit-\u00fccretsiz-nitelikli sa\u011fl\u0131k hizmetinin \u00f6n\u00fcndeki \u00f6ncelikli engel olan sa\u011fl\u0131ktaki b\u00fct\u00fcn katk\u0131-kat\u0131l\u0131m paylar\u0131 ve ilave \u00fccretler kald\u0131r\u0131lmal\u0131d\u0131r.<br \/>2- Emekli hekim \u00fccretleri acilen iki kat\u0131na \u00e7\u0131kar\u0131lmal\u0131d\u0131r.<br \/>3-Sa\u011fl\u0131k \u00e7al\u0131\u015fanlar\u0131 aras\u0131nda dayan\u0131\u015fma yerine rekabete yol a\u00e7an, i\u015fimizi de\u011fersizle\u015ftiren ve hastalar\u0131 \u201cpuan\u201da d\u00f6n\u00fc\u015ft\u00fcren mevcut \u201cperformansa g\u00f6re \u00fccretlendirme\u201d sisteminden ivedi olarak vazge\u00e7ilmelidir.<br \/>4- Sa\u011fl\u0131kl\u0131 ve g\u00fcvenli ko\u015fullarda \u00e7al\u0131\u015fma hakk\u0131n\u0131 g\u00fcvence alt\u0131na alacak d\u00fczenlemeler ile sa\u011fl\u0131k ortamlar\u0131n\u0131n \u015fiddetten ar\u0131nd\u0131r\u0131lmas\u0131 i\u00e7in T\u00fcrk Tabipleri Birli\u011fi taraf\u0131ndan haz\u0131rlanan \u00f6neri do\u011frultusunda T\u00fcrk Ceza Kanunu\u2019nda gerekli de\u011fi\u015fiklik yap\u0131lmal\u0131d\u0131r.<br \/>5-Sa\u011fl\u0131k \u00e7al\u0131\u015fanlar\u0131n\u0131 kamuoyu ve hastalar nezdinde k\u00fc\u00e7\u00fck d\u00fc\u015f\u00fcr\u00fcc\u00fc tutum ve s\u00f6ylemlere son verilmeli<br \/>6- Alo 184 Sabim Hatt\u0131\u2019n\u0131n faaliyetleri \u00f6ncelikle durdurulmal\u0131 ve ak\u0131beti sa\u011fl\u0131k \u00e7al\u0131\u015fanlar\u0131n\u0131n \u00f6rg\u00fctleriyle birlikte de\u011ferlendirilmelidir.<br \/>7-Hastalara yeterli s\u00fcreyi ay\u0131rabilmek ba\u015fta olmak \u00fczere i\u015fimizi nitelikli ve hizmetin gereklerine uygun yapabilmemize ili\u015fkin mesleki tan\u0131mlama d\u00fczenlemeleri yap\u0131lmal\u0131<br \/>8- Kamuda ve \u00f6zel sekt\u00f6rde hastalara yirmi dakikadan daha k\u0131sa s\u00fcre i\u00e7erisinde hasta randevusu verilmemelidir.<br \/>9- Birinci basamakta \u00e7al\u0131\u015fanlar aras\u0131ndaki \u00fccret e\u015fitsizliklerine son verilmeli.<br \/>10- ASM, TSM, kurum hekimlikleri, SH\u00c7EK&#8217;te \u00e7al\u0131\u015fanlar\u0131n tamam\u0131 i\u015f g\u00fcvencesine kavu\u015fturulmal\u0131.<br \/><strong><br \/>Tam G\u00fcn&#8217;e 8 maddelik form\u00fcl<\/strong><br \/>Sa\u011fl\u0131k Bakan\u0131 Mehmet M\u00fcezzino\u011flu&#8217;nun \u00f6nceki g\u00fcn Ba\u015fbakan&#8217;a &#8220;m\u00fcjde&#8221; olarak sundu\u011fu 8 maddelik form\u00fcl \u015f\u00f6yle:\u00a0<\/p>\n<p>1- Sevkli hasta \u00fccretsiz tedaviye devam edecek. Ancak, acil, yo\u011fun bak\u0131m, kalp, kanser gibi hastal\u0131klar i\u00e7in sevk aranmayacak. Bu hastalardan hoca fark\u0131 ya da herhangi bir ekstra \u00fccret talep edilemeyecek.<\/p>\n<p>2- \u00dcniversite hastanelerine sevksiz \u015fekilde gelen hasta, do\u00e7ent ya da profes\u00f6r tercihi yaparsa \u00f6zel randevu alacak ve fark \u00f6deyecek.<\/p>\n<p>3- \u00dcniversite hastanelerinde hocalar\u0131n tam g\u00fcn \u00e7al\u0131\u015fmas\u0131 devam edecek. Ancak saat 17:00&#8217;den sonra \u00fcniversitede \u00f6zel hasta bak\u0131labilecek.<\/p>\n<p>4- Hocalara g\u00fcnd\u00fcz performans\u0131 kadar gece hasta muayene etme imk\u00e2n\u0131 tan\u0131nacak.<\/p>\n<p>5- \u00dcniversite hocalar\u0131, ihtiya\u00e7 duyuldu\u011funda \u00f6zel hastanelerde de ameliyat yapabilecek ancak \u00fcniversiteye pay verilecek.<\/p>\n<p>6- Muayene fark\u0131n\u0131n do\u00e7entler i\u00e7in 100 TL, profes\u00f6rler i\u00e7in de 200 TL&#8217;yi a\u015fmamas\u0131 planlan\u0131yor.<\/p>\n<p>7- \u00d6zel muayenehane i\u015fletmeye devam etmek isteyen hoca, \u00fcniversiteyle ba\u011flar\u0131n\u0131 koparacak. Ancak \u00fcniversite ihtiya\u00e7 duydu\u011funda tedavi ya da e\u011fitim hizmeti alabilecek.<\/p>\n<p>8- Ekonomi Koordinasyon Kurulu, yeni form\u00fcle s\u0131cak bakarken, \u00fcniversite hastanelerinin durumunun d\u00fczeltilmesi i\u00e7in de SGK pay\u0131n\u0131n y\u00fczde 1.3&#8217;e \u00e7\u0131kart\u0131lmas\u0131 d\u00fc\u015f\u00fcn\u00fcl\u00fcyor.<br \/><strong><br \/>Sa\u011fl\u0131kta D\u00f6n\u00fc\u015f\u00fcm Program\u0131n\u0131n Seyir Defteri<\/strong><\/p>\n<p>&gt;&gt;01.06.2007 tarihinde \u2018Sa\u011fl\u0131k Bakanl\u0131\u011f\u0131 Te\u015fkilat ve G\u00f6revleri hakk\u0131ndaki KHK\u2019ye ekleme yap\u0131larak hastanelerin yap-i\u015flet-devret modeline uygun olarak Bakanl\u0131kta \u201cKamu-\u00f6zel Ortakl\u0131\u011f\u0131 Daire Ba\u015fkanl\u0131\u011f\u0131 \u201c olu\u015fturuldu. \u015eu s\u0131ralarda s\u0131k\u00e7a dillendirilen ve ihaleleri a\u00e7\u0131lan \u201cEntegre Sa\u011fl\u0131k kamp\u00fcsleri\u201d (KAMU-\u00d6ZEL ORTAKLI\u011eI ile sa\u011fl\u0131k kentleri) kurulmas\u0131n\u0131n ad\u0131m\u0131 b\u00f6ylece at\u0131lm\u0131\u015f oldu. Bu uygulamada istihdam\u0131n tamamen sa\u011fl\u0131k kentlerinin ihalesini alan firmalar\u0131n inisiyatifinde olaca\u011f\u0131 d\u00fc\u015f\u00fcn\u00fcl\u00fcrse, istihdam bi\u00e7iminin g\u00fcvencesiz ve esnek olaca\u011f\u0131n\u0131 s\u00f6ylemek kehanet olmayacakt\u0131r. (Ta\u015feronla\u015fma)<br \/>&gt;&gt; 657 Devlet Memurlar\u0131 Kanunu\u2019nun (DMK) 4\/B maddesine g\u00f6re s\u00f6zle\u015fmeli istihdam Sa\u011fl\u0131k alan\u0131nda ilk kez 2006 y\u0131l\u0131nda ba\u015flad\u0131. Bu istihdam bi\u00e7imine g\u00f6re \u00e7al\u0131\u015fanlar sosyal g\u00fcvenlik olarak SSK\u2019l\u0131 idi, s\u00f6zle\u015fmeleri y\u0131ll\u0131k olarak yap\u0131l\u0131yordu. Ba\u015flang\u0131\u00e7ta e\u015f durumu tayinleri yoktu. Giyim yard\u0131m\u0131 alam\u0131yorlard\u0131. Pozisyon kar\u015f\u0131l\u0131\u011f\u0131 \u00e7al\u0131\u015f\u0131yorlar, askerlik ve do\u011fum sonras\u0131 i\u015fe ba\u015flamada s\u0131k\u0131nt\u0131 \u00e7ekiyorlard\u0131\u2026 A\u00e7\u0131lan davalar ve m\u00fccadele ile bir \u00e7ok haklar\u0131 zamanla kazan\u0131ld\u0131. \u00dcniversite hastanelerinde \u00e7al\u0131\u015fanlar d\u00f6ner sermayeden yararlanm\u0131yordu, a\u00e7\u0131lan davalarla bu durum da a\u015f\u0131ld\u0131.<br \/>&gt;&gt; \u00dcniversite Ve Sa\u011fl\u0131k Personelinin Tam G\u00fcn \u00c7al\u0131\u015fmas\u0131na Ve Baz\u0131 Kanunlarda De\u011fi\u015fiklik Yap\u0131lmas\u0131na Dair Kanun. Bu kanunla sa\u011fl\u0131k \u00e7al\u0131\u015fanlar\u0131n\u0131n \u00f6zl\u00fck haklar\u0131nda ciddi gerilemeler ya\u015fanm\u0131\u015ft\u0131r. Bu yasa, hekimlerin, kamu-\u00f6zel ay\u0131r\u0131m\u0131 olmaks\u0131z\u0131n \u201ctek i\u015f\u201d\u2019te \u00e7al\u0131\u015fmas\u0131n\u0131 \u201cTAM G\u00dcN\u201d olarak tan\u0131mlayarak zorunlu k\u0131lm\u0131\u015f, radyoloji \u00e7al\u0131\u015fanlar\u0131n\u0131n \u00e7al\u0131\u015fma s\u00fcrelerini 5 saatten 7 saate \u00e7\u0131karm\u0131\u015f, t\u00fcm personele mesai d\u0131\u015f\u0131 \u00e7al\u0131\u015fma ( d\u00f6ner sermayeden \u00fccreti \u00f6denmek ko\u015fuluyla) getirmi\u015f, ba\u015fka sa\u011fl\u0131k kurulu\u015flar\u0131na ge\u00e7ici g\u00f6revlendirmenin \u00f6n\u00fcn\u00fc a\u00e7m\u0131\u015ft\u0131r.<\/p><\/p>\n","protected":false},"excerpt":{"rendered":"<p>14 Mart T\u0131p Bayram\u0131&#8217;n\u0131 son y\u0131llarda oldu\u011fu gibi bu y\u0131l da buruk kutluyoruz. PARAN KADAR SA\u011eLIK D\u00d6NEM\u0130 Ankara Tabip Odas\u0131&#46;&#46;&#46;<\/p>\n","protected":false},"author":1,"featured_media":0,"comment_status":"closed","ping_status":"closed","sticky":false,"template":"","format":"standard","meta":{"_jetpack_memberships_contains_paid_content":false,"footnotes":""},"categories":[1],"tags":[],"class_list":["post-3795","post","type-post","status-publish","format-standard","hentry","category-ced"],"aioseo_notices":[],"jetpack_featured_media_url":"","jetpack_sharing_enabled":true,"jetpack-related-posts":[],"_links":{"self":[{"href":"http:\/\/www.ced.org.tr\/index.php?rest_route=\/wp\/v2\/posts\/3795","targetHints":{"allow":["GET"]}}],"collection":[{"href":"http:\/\/www.ced.org.tr\/index.php?rest_route=\/wp\/v2\/posts"}],"about":[{"href":"http:\/\/www.ced.org.tr\/index.php?rest_route=\/wp\/v2\/types\/post"}],"author":[{"embeddable":true,"href":"http:\/\/www.ced.org.tr\/index.php?rest_route=\/wp\/v2\/users\/1"}],"replies":[{"embeddable":true,"href":"http:\/\/www.ced.org.tr\/index.php?rest_route=%2Fwp%2Fv2%2Fcomments&post=3795"}],"version-history":[{"count":0,"href":"http:\/\/www.ced.org.tr\/index.php?rest_route=\/wp\/v2\/posts\/3795\/revisions"}],"wp:attachment":[{"href":"http:\/\/www.ced.org.tr\/index.php?rest_route=%2Fwp%2Fv2%2Fmedia&parent=3795"}],"wp:term":[{"taxonomy":"category","embeddable":true,"href":"http:\/\/www.ced.org.tr\/index.php?rest_route=%2Fwp%2Fv2%2Fcategories&post=3795"},{"taxonomy":"post_tag","embeddable":true,"href":"http:\/\/www.ced.org.tr\/index.php?rest_route=%2Fwp%2Fv2%2Ftags&post=3795"}],"curies":[{"name":"wp","href":"https:\/\/api.w.org\/{rel}","templated":true}]}}