{"id":3796,"date":"2013-04-25T17:15:51","date_gmt":"2013-04-25T14:15:51","guid":{"rendered":"http:\/\/www.ced.org.tr\/?p=3796"},"modified":"2013-04-25T17:15:51","modified_gmt":"2013-04-25T14:15:51","slug":"sendikalardan-ortak-karar-1-mayista-taksimdeyiz","status":"publish","type":"post","link":"http:\/\/www.ced.org.tr\/?p=3796","title":{"rendered":"Sendikalardan ortak karar: 1 May\u0131s\u2019ta Taksim&#8217;deyiz"},"content":{"rendered":"<p><span style=\"background-color: #f7f7f9; font-family: FranklinGothicBookRegular; font-size: 12.800000190734863px; line-height: 20px;\">Birg\u00fcn &#8211; 25.04.2013<\/span><\/p>\n<p><span style=\"background-color: #f7f7f9; font-family: FranklinGothicBookRegular; font-size: 12.800000190734863px; line-height: 20px;\">D\u0130SK Genel Ba\u015fkan\u0131 Kani Beko, &#8220;Bu y\u0131l da \u00e7a\u011fr\u0131c\u0131 ve kat\u0131l\u0131mc\u0131 \u00f6rg\u00fctler olarak 1 May\u0131s\u2019\u0131 \u0130stanbul\u2019da Taksim\u2019de kutlayaca\u011f\u0131z&#8221; dedi.<\/p>\n<p><\/span><\/p>\n<p><img loading=\"lazy\" decoding=\"async\" src=\"images\/1_mayis.jpg\" border=\"0\" width=\"234\" height=\"175\" style=\"float: right; margin: 10px;\" \/><\/p>\n<p><span style=\"font-family: FranklinGothicBookRegular; font-size: 12.800000190734863px; line-height: 20px; background-color: #f7f7f9;\">KESK, D\u0130SK, T\u00fcrk-\u0130\u015f ve T\u00fcrk Tabipleri Birli\u011fi\u2019nden olu\u015fan &#8220;1 May\u0131s Tertip Komitesi&#8221;, Taksim\u2019de bas\u0131n a\u00e7\u0131klamas\u0131 yapt\u0131. <\/span><\/p>\n<p><span style=\"font-family: FranklinGothicBookRegular; font-size: 12.800000190734863px; line-height: 20px; background-color: #f7f7f9;\">Tertip komitesi ad\u0131na konu\u015fan D\u0130SK Genel Ba\u015fkan\u0131 Kani Beko, 1 May\u0131s\u2019ta ba\u015fta Taksim olmak \u00fczere t\u00fcm T\u00fcrkiye\u2019de alanlarda olacaklar\u0131n\u0131 s\u00f6yledi.<\/span><\/p>\n<p><span style=\"font-family: FranklinGothicBookRegular; font-size: 12.800000190734863px; line-height: 20px; background-color: #f7f7f9;\"> <\/span><span style=\"font-family: FranklinGothicBookRegular; font-size: 12.800000190734863px; line-height: 20px; background-color: #f7f7f9;\">Beko, 1 May\u0131s\u2019\u0131, birlik ve dayan\u0131\u015fma i\u00e7erisinde co\u015fkulu ve en geni\u015f kat\u0131l\u0131mla kutlamak i\u00e7in \u00e7al\u0131\u015fmalar\u0131n\u0131n t\u00fcm T\u00fcrkiye\u2019de ve \u0130stanbul\u2019da s\u00fcrd\u00fc\u011f\u00fcn\u00fc belirterek, \u015funlar\u0131 kaydetti: &#8220;Bu y\u0131l da \u00e7a\u011fr\u0131c\u0131 ve kat\u0131l\u0131mc\u0131 \u00f6rg\u00fctler olarak 1 May\u0131s\u2019\u0131 \u0130stanbul\u2019da, Taksim 1 May\u0131s alan\u0131nda kutlayaca\u011f\u0131z. Gerek onlarca emek\u00e7i karde\u015fimizin 1977\u2019de katledilmeleri ve gerekse \u00fclkemizdeki benzer siyasi cinayet ve katliamlar\u0131n a\u00e7\u0131\u011fa \u00e7\u0131kar\u0131larak hesap sorulmamas\u0131, Taksim 1 May\u0131s alan\u0131n\u0131n demokrasi m\u00fccadelesi a\u00e7\u0131s\u0131ndan vazge\u00e7ilmez bir \u00f6neme sahip olmas\u0131n\u0131n kriterleridir. Taksim 1 May\u0131s alan\u0131n\u0131n, simgesel ve demokrasi m\u00fccadelesi a\u00e7\u0131s\u0131ndan \u00f6nemi bilinmektedir.&#8221;<\/span><br style=\"font-family: FranklinGothicBookRegular; font-size: 12.800000190734863px; line-height: 20px; background-color: #f7f7f9;\" \/><br style=\"font-family: FranklinGothicBookRegular; font-size: 12.800000190734863px; line-height: 20px; background-color: #f7f7f9;\" \/><strong style=\"font-family: FranklinGothicBookRegular; font-size: 12.800000190734863px; line-height: 20px; background-color: #f7f7f9;\">VAL\u0130 MUTLU: TAKS\u0130M&#8217;DE 1 MAYIS KUTLAMALARINA \u0130Z\u0130N VERMEYECE\u011e\u0130Z<\/strong><br style=\"font-family: FranklinGothicBookRegular; font-size: 12.800000190734863px; line-height: 20px; background-color: #f7f7f9;\" \/><span style=\"font-family: FranklinGothicBookRegular; font-size: 12.800000190734863px; line-height: 20px; background-color: #f7f7f9;\">Bir ka\u00e7 g\u00fcnd\u00fcr devam eden tart\u0131\u015fmalar\u0131n ard\u0131ndan bug\u00fcn 1 May\u0131s Tertip Komitesi&#8217;yle bir toplant\u0131 yapan \u0130stanbul Valisi H\u00fcseyin Avni Mutlu ve \u0130stanbul Emniyet M\u00fcd\u00fcr\u00fc H\u00fcseyin \u00c7apk\u0131n, toplant\u0131n\u0131n ard\u0131ndan d\u00fczenledi\u011fi bas\u0131n toplat\u0131s\u0131nda Taksim&#8217;de bu y\u0131l 1 May\u0131s kutlanmas\u0131nda \u0131srar etmenin &#8216;hukaka uygun olmad\u0131\u011f\u0131&#8217;n\u0131 \u00f6ne s\u00fcrd\u00fc ve Taksim&#8217;de 1 May\u0131s kutlanmas\u0131na izin vermeyeceklerini duyurdu.<\/span><br style=\"font-family: FranklinGothicBookRegular; font-size: 12.800000190734863px; line-height: 20px; background-color: #f7f7f9;\" \/><strong style=\"font-family: FranklinGothicBookRegular; font-size: 12.800000190734863px; line-height: 20px; background-color: #f7f7f9;\"><br \/>&#8216;MEVCUT \u015eARTLAR \u0130T\u0130BAR\u0130YLE TAKS\u0130M M\u00dcMK\u00dcN DE\u011e\u0130L&#8217;<\/strong><br style=\"font-family: FranklinGothicBookRegular; font-size: 12.800000190734863px; line-height: 20px; background-color: #f7f7f9;\" \/><span style=\"font-family: FranklinGothicBookRegular; font-size: 12.800000190734863px; line-height: 20px; background-color: #f7f7f9;\">A\u00e7\u0131klamas\u0131na &#8220;Bug\u00fcn\u00fcn huzur ortam\u0131 i\u00e7inde en iyi \u015fekilde kutlanmas\u0131n\u0131 arzu ediyoruz. Emek \u00f6rg\u00fctlerinin ba\u015fka meydanlar i\u00e7in ba\u015fvuru yapmalar\u0131n\u0131 bekliyoruz&#8221; s\u00f6zleriyle ba\u015flayan Mutlu, &#8220;Mevcut \u015fartlar itibariyle m\u00fcsaade edilmesi m\u00fcmk\u00fcn olmayan bir yerde kutlamak i\u00e7in \u0131srar edilmesi hukuka uygun de\u011fildir. G\u00fcvenlik g\u00fc\u00e7lerimiz tedbirleri alacakt\u0131r.&#8221; dedi.<\/span><br style=\"font-family: FranklinGothicBookRegular; font-size: 12.800000190734863px; line-height: 20px; background-color: #f7f7f9;\" \/><br style=\"font-family: FranklinGothicBookRegular; font-size: 12.800000190734863px; line-height: 20px; background-color: #f7f7f9;\" \/><strong style=\"font-family: FranklinGothicBookRegular; font-size: 12.800000190734863px; line-height: 20px; background-color: #f7f7f9;\">&#8216;TAKS\u0130M MEYDANI&#8217;NDA ISRAR AKLI SEL\u0130MLE A\u00c7IKLANAMAZ&#8217;<\/strong><br style=\"font-family: FranklinGothicBookRegular; font-size: 12.800000190734863px; line-height: 20px; background-color: #f7f7f9;\" \/><span style=\"font-family: FranklinGothicBookRegular; font-size: 12.800000190734863px; line-height: 20px; background-color: #f7f7f9;\">Mutlu, &#8220;Taksim meydan\u0131&#8217;ndaki \u015fartlar itibariyle bu meydanda miting yapmakta \u0131srar etmek akl\u0131 selimle a\u00e7\u0131klanamaz. Meydana giden bakan herkes bu meydan&#8217;da miting yapmakta \u0131srar etmelerini a\u00e7\u0131klamakta zorlan\u0131yor.&#8221; dedi.<\/span><br style=\"font-family: FranklinGothicBookRegular; font-size: 12.800000190734863px; line-height: 20px; background-color: #f7f7f9;\" \/><strong style=\"font-family: FranklinGothicBookRegular; font-size: 12.800000190734863px; line-height: 20px; background-color: #f7f7f9;\"><br \/>D\u0130SK GENEL SEKRETER\u0130 ARZU \u00c7ERKEZO\u011eLU: TAKS\u0130M MEYDANI&#8217;NIN EN FAZLA Y\u00dcZDE 20&#8217;S\u0130 KAPALI<br \/><\/strong><span style=\"font-family: FranklinGothicBookRegular; font-size: 12.800000190734863px; line-height: 20px; background-color: #f7f7f9;\">\u00d6te yandan valilikteki toplant\u0131dan \u00e7\u0131kan 1 May\u0131s Terktip Komitesi ad\u0131na bir a\u00e7\u0131klama yapan D\u0130SK Genel Sekreteri Arzu \u00c7erkezo\u011flu ise Taksim meydan\u0131n\u0131n en fazla y\u00fczde 20&#8217;sinin kullan\u0131lamaz durumda oldu\u011funu s\u00f6yleyerek, uygun tedbirler ve d\u00fczenlemelerle 1 May\u0131s&#8217;\u0131n bu y\u0131l da Taksim&#8217;de kutlanmas\u0131n\u0131n \u00f6n\u00fcnde bir engelin olmad\u0131\u011f\u0131n\u0131 vurgulad\u0131. \u00c7erkezo\u011flu, Taksim&#8217;de 1 May\u0131s kutlamakta \u0131srarl\u0131 olacaklar\u0131n\u0131 da ifade ederek &#8220;T\u00fcm i\u015f\u00e7ileri, emek\u00e7ileri Taksim&#8217;de 1 May\u0131s&#8217;ta bir araya gelmeye, yan yana durmaya \u00e7a\u011f\u0131r\u0131yoruz&#8221; dedi.<\/span><strong style=\"font-family: FranklinGothicBookRegular; font-size: 12.800000190734863px; line-height: 20px; background-color: #f7f7f9;\">(emekdunyasi.net)<\/strong><\/p>\n<p>\u00a0<\/p>\n","protected":false},"excerpt":{"rendered":"<p>Birg\u00fcn &#8211; 25.04.2013 D\u0130SK Genel Ba\u015fkan\u0131 Kani Beko, &#8220;Bu y\u0131l da \u00e7a\u011fr\u0131c\u0131 ve kat\u0131l\u0131mc\u0131 \u00f6rg\u00fctler olarak 1 May\u0131s\u2019\u0131 \u0130stanbul\u2019da Taksim\u2019de&#46;&#46;&#46;<\/p>\n","protected":false},"author":1,"featured_media":0,"comment_status":"closed","ping_status":"closed","sticky":false,"template":"","format":"standard","meta":{"_jetpack_memberships_contains_paid_content":false,"footnotes":""},"categories":[1],"tags":[],"class_list":["post-3796","post","type-post","status-publish","format-standard","hentry","category-ced"],"aioseo_notices":[],"jetpack_featured_media_url":"","jetpack_sharing_enabled":true,"jetpack-related-posts":[],"_links":{"self":[{"href":"http:\/\/www.ced.org.tr\/index.php?rest_route=\/wp\/v2\/posts\/3796","targetHints":{"allow":["GET"]}}],"collection":[{"href":"http:\/\/www.ced.org.tr\/index.php?rest_route=\/wp\/v2\/posts"}],"about":[{"href":"http:\/\/www.ced.org.tr\/index.php?rest_route=\/wp\/v2\/types\/post"}],"author":[{"embeddable":true,"href":"http:\/\/www.ced.org.tr\/index.php?rest_route=\/wp\/v2\/users\/1"}],"replies":[{"embeddable":true,"href":"http:\/\/www.ced.org.tr\/index.php?rest_route=%2Fwp%2Fv2%2Fcomments&post=3796"}],"version-history":[{"count":0,"href":"http:\/\/www.ced.org.tr\/index.php?rest_route=\/wp\/v2\/posts\/3796\/revisions"}],"wp:attachment":[{"href":"http:\/\/www.ced.org.tr\/index.php?rest_route=%2Fwp%2Fv2%2Fmedia&parent=3796"}],"wp:term":[{"taxonomy":"category","embeddable":true,"href":"http:\/\/www.ced.org.tr\/index.php?rest_route=%2Fwp%2Fv2%2Fcategories&post=3796"},{"taxonomy":"post_tag","embeddable":true,"href":"http:\/\/www.ced.org.tr\/index.php?rest_route=%2Fwp%2Fv2%2Ftags&post=3796"}],"curies":[{"name":"wp","href":"https:\/\/api.w.org\/{rel}","templated":true}]}}