{"id":3798,"date":"2013-05-06T20:06:19","date_gmt":"2013-05-06T17:06:19","guid":{"rendered":"http:\/\/www.ced.org.tr\/?p=3798"},"modified":"2013-05-06T20:06:19","modified_gmt":"2013-05-06T17:06:19","slug":"deniz-gezmis-ve-arkadaslari-41-yildir-yok","status":"publish","type":"post","link":"http:\/\/www.ced.org.tr\/?p=3798","title":{"rendered":"Deniz Gezmi\u015f ve arkada\u015flar\u0131 41 y\u0131ld\u0131r yok"},"content":{"rendered":"<p><img loading=\"lazy\" decoding=\"async\" src=\"http:\/\/ced.org.tr\/v2\/images\/deniz.jpg\" border=\"0\" width=\"330\" height=\"171\" style=\"float: left; margin: 10px;\" \/>06.05.2013 Bug\u00fcn, T\u00fcrkiye\u2019de 68 ku\u015fa\u011f\u0131n\u0131n ve \u2018devrim\u2019 d\u00fc\u015f\u00fcncesinin idol\u00fc olan Deniz Gezmi\u015f, Yusuf Aslan ve H\u00fcseyin \u0130nan\u2019\u0131n idam edilmesinin 41. Y\u0131l d\u00f6n\u00fcm\u00fc.<\/p>\n<p>Ankara S\u0131k\u0131y\u00f6netim Komutanl\u0131\u011f\u0131 1 No&#8217;lu Mahkemesi, \u00fc\u00e7 devrimciyi 9 Ekim 1971 g\u00fcn\u00fc THKO-1 Davas\u0131&#8217;nda TCK&#8217;n\u0131n 146.maddesini ihlal etti\u011fi gerek\u00e7esiyle idam cezas\u0131na \u00e7arpt\u0131rd\u0131.<\/p>\n<p>Deniz Gezmi\u015f, Yusuf Aslan ve H\u00fcseyin \u0130nan, 6 May\u0131s 1972\u2019de sabaha kar\u015f\u0131 Ulucanlar Cezaevi\u2019nde as\u0131larak idam edildi.<\/p>\n<p><a href=\"http:\/\/www.radikal.com.tr\/fotogaleri\/turkiye\/deniz_gezmis_ve_arkadaslari_41_yildir_yok-1132364-1\"> http:\/\/www.radikal.com.tr\/fotogaleri\/turkiye\/deniz_gezmis_ve_arkadaslari_41_yildir_yok-1132364-1<\/a><\/p>\n<p>\u00a0<\/p>\n","protected":false},"excerpt":{"rendered":"<p>06.05.2013 Bug\u00fcn, T\u00fcrkiye\u2019de 68 ku\u015fa\u011f\u0131n\u0131n ve \u2018devrim\u2019 d\u00fc\u015f\u00fcncesinin idol\u00fc olan Deniz Gezmi\u015f, Yusuf Aslan ve H\u00fcseyin \u0130nan\u2019\u0131n idam edilmesinin 41.&#46;&#46;&#46;<\/p>\n","protected":false},"author":1,"featured_media":0,"comment_status":"closed","ping_status":"closed","sticky":false,"template":"","format":"standard","meta":{"_jetpack_memberships_contains_paid_content":false,"footnotes":""},"categories":[1],"tags":[],"class_list":["post-3798","post","type-post","status-publish","format-standard","hentry","category-ced"],"aioseo_notices":[],"jetpack_featured_media_url":"","jetpack_sharing_enabled":true,"jetpack-related-posts":[],"_links":{"self":[{"href":"http:\/\/www.ced.org.tr\/index.php?rest_route=\/wp\/v2\/posts\/3798","targetHints":{"allow":["GET"]}}],"collection":[{"href":"http:\/\/www.ced.org.tr\/index.php?rest_route=\/wp\/v2\/posts"}],"about":[{"href":"http:\/\/www.ced.org.tr\/index.php?rest_route=\/wp\/v2\/types\/post"}],"author":[{"embeddable":true,"href":"http:\/\/www.ced.org.tr\/index.php?rest_route=\/wp\/v2\/users\/1"}],"replies":[{"embeddable":true,"href":"http:\/\/www.ced.org.tr\/index.php?rest_route=%2Fwp%2Fv2%2Fcomments&post=3798"}],"version-history":[{"count":0,"href":"http:\/\/www.ced.org.tr\/index.php?rest_route=\/wp\/v2\/posts\/3798\/revisions"}],"wp:attachment":[{"href":"http:\/\/www.ced.org.tr\/index.php?rest_route=%2Fwp%2Fv2%2Fmedia&parent=3798"}],"wp:term":[{"taxonomy":"category","embeddable":true,"href":"http:\/\/www.ced.org.tr\/index.php?rest_route=%2Fwp%2Fv2%2Fcategories&post=3798"},{"taxonomy":"post_tag","embeddable":true,"href":"http:\/\/www.ced.org.tr\/index.php?rest_route=%2Fwp%2Fv2%2Ftags&post=3798"}],"curies":[{"name":"wp","href":"https:\/\/api.w.org\/{rel}","templated":true}]}}