{"id":3799,"date":"2013-05-13T11:56:58","date_gmt":"2013-05-13T08:56:58","guid":{"rendered":"http:\/\/www.ced.org.tr\/?p=3799"},"modified":"2013-05-13T11:56:58","modified_gmt":"2013-05-13T08:56:58","slug":"yasakli-14-mayis-kutlamalari","status":"publish","type":"post","link":"http:\/\/www.ced.org.tr\/?p=3799","title":{"rendered":"Yasakl\u0131 14 may\u0131s kutlamalar\u0131"},"content":{"rendered":"<p>Taksim engeline bu sefer \u0130stanbul Eczac\u0131 Odas\u0131 tak\u0131ld\u0131. Beyo\u011flu Kaymakaml\u0131\u011f\u0131 ve\u00a0<span style=\"font-size: 10px;\">Beyo\u011flu \u0130l\u00e7e Emniyet M\u00fcd\u00fcrl\u00fc\u011f\u00fc&#8217;n\u00fcn geleneksel 14 May\u0131s Eczac\u0131l\u0131k G\u00fcn\u00fc T\u00fcnel-Taksim y\u00fcr\u00fcy\u00fc\u015f\u00fcne izin vermemesi \u00fczerine \u0130stanbul Eczac\u0131 Odas\u0131 internet sitesi \u00fczerinden a\u00e7\u0131klama yapt\u0131.<\/p>\n<p><\/span><\/p>\n<p><strong style=\"font-size: 10px;\">14 May\u0131s Y\u00fcr\u00fcy\u00fc\u015f\u00fcm\u00fcze Valilik Yasa\u011f\u0131<\/strong><\/p>\n<p><p><span style=\"font-size: 10px;\">\u0130stanbul\u2019da y\u0131llard\u0131r geleneksel hale gelen 14 May\u0131s Eczac\u0131l\u0131k G\u00fcn\u00fc T\u00fcnel-Taksim y\u00fcr\u00fcy\u00fc\u015f\u00fcm\u00fcz bu y\u0131l \u0130stanbul Valili\u011fi\u2019nin yasa\u011f\u0131na tak\u0131ld\u0131. Beyo\u011flu Kaymakaml\u0131\u011f\u0131 ve Beyo\u011flu \u0130l\u00e7e Emniyet M\u00fcd\u00fcrl\u00fc\u011f\u00fc taraf\u0131ndan yapt\u0131\u011f\u0131m\u0131z ba\u015fvuruya s\u00f6zl\u00fc olarak verilen yan\u0131tlarda \u201cValili\u011fin kesin emri var. \u0130stiklal Caddesi\u2019nde t\u00fcm y\u00fcr\u00fcy\u00fc\u015fler yasak.\u201d denildi.<\/span><\/p>\n<p><span style=\"font-size: 10px;\">Mesle\u011fimizin sorunlar\u0131n\u0131 dile getirdi\u011fimiz 14 May\u0131s Eczac\u0131l\u0131k G\u00fcn\u00fc\u2019nde eczac\u0131lara y\u00fcr\u00fcy\u00fc\u015f yasa\u011f\u0131 uygulayan Valilik karar\u0131n\u0131 k\u0131n\u0131yor, meslekta\u015flar\u0131m\u0131z\u0131n de\u011ferlendirmesine sunuyoruz.<\/span><\/p>\n<p><span style=\"font-size: 10px;\">Sayg\u0131lar\u0131m\u0131zla.<\/span><\/p>\n<p>\u00a0<\/p>\n<p><p style=\"text-align: right;\"><strong>\u0130stanbul Eczac\u0131 Odas\u0131<br \/><span style=\"font-size: 10px;\">Y\u00f6netim Kurulu<\/span><\/strong><\/p><\/p>\n","protected":false},"excerpt":{"rendered":"<p>Taksim engeline bu sefer \u0130stanbul Eczac\u0131 Odas\u0131 tak\u0131ld\u0131. Beyo\u011flu Kaymakaml\u0131\u011f\u0131 ve\u00a0Beyo\u011flu \u0130l\u00e7e Emniyet M\u00fcd\u00fcrl\u00fc\u011f\u00fc&#8217;n\u00fcn geleneksel 14 May\u0131s Eczac\u0131l\u0131k G\u00fcn\u00fc T\u00fcnel-Taksim&#46;&#46;&#46;<\/p>\n","protected":false},"author":1,"featured_media":0,"comment_status":"closed","ping_status":"closed","sticky":false,"template":"","format":"standard","meta":{"_jetpack_memberships_contains_paid_content":false,"footnotes":""},"categories":[1],"tags":[],"class_list":["post-3799","post","type-post","status-publish","format-standard","hentry","category-ced"],"aioseo_notices":[],"jetpack_featured_media_url":"","jetpack_sharing_enabled":true,"jetpack-related-posts":[],"_links":{"self":[{"href":"http:\/\/www.ced.org.tr\/index.php?rest_route=\/wp\/v2\/posts\/3799","targetHints":{"allow":["GET"]}}],"collection":[{"href":"http:\/\/www.ced.org.tr\/index.php?rest_route=\/wp\/v2\/posts"}],"about":[{"href":"http:\/\/www.ced.org.tr\/index.php?rest_route=\/wp\/v2\/types\/post"}],"author":[{"embeddable":true,"href":"http:\/\/www.ced.org.tr\/index.php?rest_route=\/wp\/v2\/users\/1"}],"replies":[{"embeddable":true,"href":"http:\/\/www.ced.org.tr\/index.php?rest_route=%2Fwp%2Fv2%2Fcomments&post=3799"}],"version-history":[{"count":0,"href":"http:\/\/www.ced.org.tr\/index.php?rest_route=\/wp\/v2\/posts\/3799\/revisions"}],"wp:attachment":[{"href":"http:\/\/www.ced.org.tr\/index.php?rest_route=%2Fwp%2Fv2%2Fmedia&parent=3799"}],"wp:term":[{"taxonomy":"category","embeddable":true,"href":"http:\/\/www.ced.org.tr\/index.php?rest_route=%2Fwp%2Fv2%2Fcategories&post=3799"},{"taxonomy":"post_tag","embeddable":true,"href":"http:\/\/www.ced.org.tr\/index.php?rest_route=%2Fwp%2Fv2%2Ftags&post=3799"}],"curies":[{"name":"wp","href":"https:\/\/api.w.org\/{rel}","templated":true}]}}