{"id":3800,"date":"2013-05-14T07:35:54","date_gmt":"2013-05-14T04:35:54","guid":{"rendered":"http:\/\/www.ced.org.tr\/?p=3800"},"modified":"2013-05-14T07:35:54","modified_gmt":"2013-05-14T04:35:54","slug":"yonetmelik-onumuzdeki-gunlerde-yayinlanacak","status":"publish","type":"post","link":"http:\/\/www.ced.org.tr\/?p=3800","title":{"rendered":"Y\u00f6netmelik \u00f6n\u00fcm\u00fczdeki g\u00fcnlerde yay\u0131nlanacak"},"content":{"rendered":"<p><p>T\u00fcrkiye \u0130la\u00e7 ve T\u0131bbi Cihaz Kurumu Ba\u015fkan\u0131 Dr. Saim Kerman , 14 May\u0131s Eczac\u0131l\u0131k G\u00fcn\u00fcn\u00fc\u2019 \u00a0nedeniyle yay\u0131nlad\u0131\u011f\u0131 kutlama mesaj\u0131nda ;<\/p>\n<p>&#8220;Ge\u00e7ti\u011fimiz y\u0131l kabul edilen kanun kapsam\u0131nda \u00f6n\u00fcm\u00fczdeki g\u00fcnlerde yay\u0131mlayaca\u011f\u0131m\u0131z y\u00f6netmelikle, eczaneleri ve eczac\u0131lar\u0131m\u0131z\u0131 rahatlatacak d\u00fczenlemeleri hayata ge\u00e7irece\u011fiz.Bir y\u0131la yak\u0131n s\u00fcredir meslek \u00f6rg\u00fctleri ile isti\u015fare ederek, \u00e7ok titiz bir \u00e7al\u0131\u015fmayla haz\u0131rlad\u0131\u011f\u0131m\u0131z y\u00f6netmelik; eczac\u0131lar\u0131m\u0131z\u0131n ya\u015fad\u0131\u011f\u0131 sorunlar\u0131n \u00e7\u00f6z\u00fcm\u00fcne katk\u0131 sa\u011flayacak, sa\u011fl\u0131k alan\u0131nda evrensel standartlar\u0131n yakalanmas\u0131na yard\u0131mc\u0131 olacakt\u0131r.&#8221; dedi.<\/p>\n<p><span style=\"font-size: 10px;\">Sa\u011fl\u0131k hizmetlerinde kalitenin artmas\u0131na paralel, vatanda\u015f memnuniyetinin de artt\u0131\u011f\u0131n\u0131 ve burada eczac\u0131lar\u0131n \u00f6nemli bir rol\u00fcn\u00fcn oldu\u011fundan bahsederek vatanda\u015flar\u0131m\u0131z\u0131n eczac\u0131 dan\u0131\u015fmanl\u0131\u011f\u0131nda, g\u00fcvenli bir \u015fekilde ilaca ula\u015ft\u0131\u011f\u0131n\u0131 belirtti.<\/span><\/p>\n<p>http:\/\/www.iegm.gov.tr\/Default.aspx?sayfa=anasayfa&#038;lang=tr-TR&#038;newsId=1175<\/p><\/p>\n","protected":false},"excerpt":{"rendered":"<p>T\u00fcrkiye \u0130la\u00e7 ve T\u0131bbi Cihaz Kurumu Ba\u015fkan\u0131 Dr. Saim Kerman , 14 May\u0131s Eczac\u0131l\u0131k G\u00fcn\u00fcn\u00fc\u2019 \u00a0nedeniyle yay\u0131nlad\u0131\u011f\u0131 kutlama mesaj\u0131nda ;&#46;&#46;&#46;<\/p>\n","protected":false},"author":1,"featured_media":0,"comment_status":"closed","ping_status":"closed","sticky":false,"template":"","format":"standard","meta":{"_jetpack_memberships_contains_paid_content":false,"footnotes":""},"categories":[1],"tags":[],"class_list":["post-3800","post","type-post","status-publish","format-standard","hentry","category-ced"],"aioseo_notices":[],"jetpack_featured_media_url":"","jetpack_sharing_enabled":true,"jetpack-related-posts":[],"_links":{"self":[{"href":"http:\/\/www.ced.org.tr\/index.php?rest_route=\/wp\/v2\/posts\/3800","targetHints":{"allow":["GET"]}}],"collection":[{"href":"http:\/\/www.ced.org.tr\/index.php?rest_route=\/wp\/v2\/posts"}],"about":[{"href":"http:\/\/www.ced.org.tr\/index.php?rest_route=\/wp\/v2\/types\/post"}],"author":[{"embeddable":true,"href":"http:\/\/www.ced.org.tr\/index.php?rest_route=\/wp\/v2\/users\/1"}],"replies":[{"embeddable":true,"href":"http:\/\/www.ced.org.tr\/index.php?rest_route=%2Fwp%2Fv2%2Fcomments&post=3800"}],"version-history":[{"count":0,"href":"http:\/\/www.ced.org.tr\/index.php?rest_route=\/wp\/v2\/posts\/3800\/revisions"}],"wp:attachment":[{"href":"http:\/\/www.ced.org.tr\/index.php?rest_route=%2Fwp%2Fv2%2Fmedia&parent=3800"}],"wp:term":[{"taxonomy":"category","embeddable":true,"href":"http:\/\/www.ced.org.tr\/index.php?rest_route=%2Fwp%2Fv2%2Fcategories&post=3800"},{"taxonomy":"post_tag","embeddable":true,"href":"http:\/\/www.ced.org.tr\/index.php?rest_route=%2Fwp%2Fv2%2Ftags&post=3800"}],"curies":[{"name":"wp","href":"https:\/\/api.w.org\/{rel}","templated":true}]}}