{"id":3801,"date":"2013-05-15T09:17:42","date_gmt":"2013-05-15T06:17:42","guid":{"rendered":"http:\/\/www.ced.org.tr\/?p=3801"},"modified":"2013-05-15T09:17:42","modified_gmt":"2013-05-15T06:17:42","slug":"istanbul-eczaci-odasi-baskani-ecz-semih-gungor-radyo-havanda-canli-yayinda","status":"publish","type":"post","link":"http:\/\/www.ced.org.tr\/?p=3801","title":{"rendered":"\u0130stanbul Eczac\u0131 Odas\u0131 ba\u015fkan\u0131 Ecz. Semih G\u00fcng\u00f6r Radyo Havan\u2019da canl\u0131 yay\u0131nda"},"content":{"rendered":"<p><p class=\"MsoNormal\">\u0130stanbul Eczac\u0131 Odas\u0131 ba\u015fkan\u0131 Ecz. Semih G\u00fcng\u00f6r 14 May\u0131s Eczac\u0131l\u0131k g\u00fcn\u00fc de\u011ferlendirmeleriyle 15 May\u0131s 2013 \u00c7ar\u015famba g\u00fcn\u00fc saat 12.00&#8217;de Radyo Havan&#8217;da st\u00fcdyo konu\u011fu olacak.<\/p>\n<p class=\"MsoNormal\">Sorular\u0131n\u0131z i\u00e7in: radyo@ieo.org.tr<\/p>\n<p class=\"MsoNormal\">Dinlemek i\u00e7in <a href=\"http:\/\/www.radyohavan.org\/\">www.radyohavan.org<\/a><\/p>\n<p class=\"MsoNormal\">\u00a0<\/p><\/p>\n","protected":false},"excerpt":{"rendered":"<p>\u0130stanbul Eczac\u0131 Odas\u0131 ba\u015fkan\u0131 Ecz. Semih G\u00fcng\u00f6r 14 May\u0131s Eczac\u0131l\u0131k g\u00fcn\u00fc de\u011ferlendirmeleriyle 15 May\u0131s 2013 \u00c7ar\u015famba g\u00fcn\u00fc saat 12.00&#8217;de Radyo&#46;&#46;&#46;<\/p>\n","protected":false},"author":1,"featured_media":0,"comment_status":"closed","ping_status":"closed","sticky":false,"template":"","format":"standard","meta":{"_jetpack_memberships_contains_paid_content":false,"footnotes":""},"categories":[1],"tags":[],"class_list":["post-3801","post","type-post","status-publish","format-standard","hentry","category-ced"],"aioseo_notices":[],"jetpack_featured_media_url":"","jetpack_sharing_enabled":true,"jetpack-related-posts":[],"_links":{"self":[{"href":"http:\/\/www.ced.org.tr\/index.php?rest_route=\/wp\/v2\/posts\/3801","targetHints":{"allow":["GET"]}}],"collection":[{"href":"http:\/\/www.ced.org.tr\/index.php?rest_route=\/wp\/v2\/posts"}],"about":[{"href":"http:\/\/www.ced.org.tr\/index.php?rest_route=\/wp\/v2\/types\/post"}],"author":[{"embeddable":true,"href":"http:\/\/www.ced.org.tr\/index.php?rest_route=\/wp\/v2\/users\/1"}],"replies":[{"embeddable":true,"href":"http:\/\/www.ced.org.tr\/index.php?rest_route=%2Fwp%2Fv2%2Fcomments&post=3801"}],"version-history":[{"count":0,"href":"http:\/\/www.ced.org.tr\/index.php?rest_route=\/wp\/v2\/posts\/3801\/revisions"}],"wp:attachment":[{"href":"http:\/\/www.ced.org.tr\/index.php?rest_route=%2Fwp%2Fv2%2Fmedia&parent=3801"}],"wp:term":[{"taxonomy":"category","embeddable":true,"href":"http:\/\/www.ced.org.tr\/index.php?rest_route=%2Fwp%2Fv2%2Fcategories&post=3801"},{"taxonomy":"post_tag","embeddable":true,"href":"http:\/\/www.ced.org.tr\/index.php?rest_route=%2Fwp%2Fv2%2Ftags&post=3801"}],"curies":[{"name":"wp","href":"https:\/\/api.w.org\/{rel}","templated":true}]}}