{"id":3802,"date":"2013-06-03T23:36:52","date_gmt":"2013-06-03T20:36:52","guid":{"rendered":"http:\/\/www.ced.org.tr\/?p=3802"},"modified":"2013-06-03T23:36:52","modified_gmt":"2013-06-03T20:36:52","slug":"yuzlerce-istanbullu-gezi-parkinda-nobette","status":"publish","type":"post","link":"http:\/\/www.ced.org.tr\/?p=3802","title":{"rendered":"Y\u00fczlerce \u0130stanbullu Gezi Park\u0131&#8217;nda N\u00f6bette"},"content":{"rendered":"<div style=\"color: #222222; font-family: arial, sans-serif; font-size: 13px;\"><img loading=\"lazy\" decoding=\"async\" src=\"http:\/\/www.bianet.org\/resim\/olcekle\/49424\/490\/327\" border=\"0\" width=\"163\" height=\"109\" style=\"float: left; margin: 10px;\" \/>Taksim Gezi Park\u0131&#8217;na y\u0131k\u0131m ekiplerinin girmesini protesto eden y\u00fczlerce \u0130stanbullu parkta n\u00f6bete ba\u015flad\u0131. M\u00fczik ve film g\u00f6sterileri e\u015fli\u011finde n\u00f6bet devam ediyor. S\u00f6k\u00fclen a\u011fa\u00e7lar\u0131n yerinde fidanlar dikiliyor.<\/div>\n<div style=\"color: #222222; font-family: arial, sans-serif; font-size: 13px;\"><\/div>\n<div style=\"color: #222222; font-family: arial, sans-serif; font-size: 13px;\">N\u00f6bete gelen Bar\u0131\u015f ve Demokrasi Partisi \u0130stanbul Milletvekili\u00a0<strong>S\u0131rr\u0131 S\u00fcreyya \u00d6nder<\/strong>, Taksim&#8217;i kapsayan \u0130stanbul ikinci b\u00f6lgeden se\u00e7ildi\u011fini hat\u0131rlatarak \u201cBen bu a\u011fa\u00e7lar\u0131n da vekiliyim\u201d dedi.<\/p>\n<\/div>\n<div style=\"color: #222222; font-family: arial, sans-serif; font-size: 13px;\"><\/div>\n<div style=\"color: #222222; font-family: arial, sans-serif; font-size: 13px;\"><a href=\"http:\/\/www.bianet.org\/bianet\/yasam\/146990-yuzlerce-istanbullu-gezi-parki-nda-nobette\" target=\"_blank\" style=\"color: #1155cc;\">http:\/\/www.bianet.org\/bianet\/yasam\/146990-yuzlerce-istanbullu-gezi-parki-nda-nobette<\/a><\/div>\n","protected":false},"excerpt":{"rendered":"<p>Taksim Gezi Park\u0131&#8217;na y\u0131k\u0131m ekiplerinin girmesini protesto eden y\u00fczlerce \u0130stanbullu parkta n\u00f6bete ba\u015flad\u0131. M\u00fczik ve film g\u00f6sterileri e\u015fli\u011finde n\u00f6bet devam&#46;&#46;&#46;<\/p>\n","protected":false},"author":1,"featured_media":0,"comment_status":"closed","ping_status":"closed","sticky":false,"template":"","format":"standard","meta":{"_jetpack_memberships_contains_paid_content":false,"footnotes":""},"categories":[1],"tags":[],"class_list":["post-3802","post","type-post","status-publish","format-standard","hentry","category-ced"],"aioseo_notices":[],"jetpack_featured_media_url":"","jetpack_sharing_enabled":true,"jetpack-related-posts":[],"_links":{"self":[{"href":"http:\/\/www.ced.org.tr\/index.php?rest_route=\/wp\/v2\/posts\/3802","targetHints":{"allow":["GET"]}}],"collection":[{"href":"http:\/\/www.ced.org.tr\/index.php?rest_route=\/wp\/v2\/posts"}],"about":[{"href":"http:\/\/www.ced.org.tr\/index.php?rest_route=\/wp\/v2\/types\/post"}],"author":[{"embeddable":true,"href":"http:\/\/www.ced.org.tr\/index.php?rest_route=\/wp\/v2\/users\/1"}],"replies":[{"embeddable":true,"href":"http:\/\/www.ced.org.tr\/index.php?rest_route=%2Fwp%2Fv2%2Fcomments&post=3802"}],"version-history":[{"count":0,"href":"http:\/\/www.ced.org.tr\/index.php?rest_route=\/wp\/v2\/posts\/3802\/revisions"}],"wp:attachment":[{"href":"http:\/\/www.ced.org.tr\/index.php?rest_route=%2Fwp%2Fv2%2Fmedia&parent=3802"}],"wp:term":[{"taxonomy":"category","embeddable":true,"href":"http:\/\/www.ced.org.tr\/index.php?rest_route=%2Fwp%2Fv2%2Fcategories&post=3802"},{"taxonomy":"post_tag","embeddable":true,"href":"http:\/\/www.ced.org.tr\/index.php?rest_route=%2Fwp%2Fv2%2Ftags&post=3802"}],"curies":[{"name":"wp","href":"https:\/\/api.w.org\/{rel}","templated":true}]}}