{"id":3803,"date":"2013-06-03T23:39:44","date_gmt":"2013-06-03T20:39:44","guid":{"rendered":"http:\/\/www.ced.org.tr\/?p=3803"},"modified":"2013-06-03T23:39:44","modified_gmt":"2013-06-03T20:39:44","slug":"2-bine-yakin-yarali-var","status":"publish","type":"post","link":"http:\/\/www.ced.org.tr\/?p=3803","title":{"rendered":"2 Bine Yak\u0131n Yaral\u0131 Var"},"content":{"rendered":"<div style=\"color: #222222; font-family: arial, sans-serif; font-size: 13px;\">Taksim Gezi Park\u0131\u2019nda tamamen bar\u0131\u015f\u00e7\u0131l olarak ba\u015flayan bir \u00e7evre duyarl\u0131l\u0131\u011f\u0131 eylemine polisin \u201corant\u0131s\u0131z\u201d m\u00fcdahalesi sonucu, kimileri \u00f6l\u00fcmc\u00fcl olmak \u00fczere y\u00fczlerce ki\u015fi yaraland\u0131. AKP\u2019nin g\u00fcnlerdir halka y\u00f6nelik ac\u0131mas\u0131z sald\u0131r\u0131lar\u0131na kar\u015f\u0131, halk her yerde hep birlikte aya\u011fa kalkt\u0131.\u00a0 Bir \u00e7ok ilde halka kar\u015f\u0131 ger\u00e7ekle\u015fen polis sald\u0131r\u0131lar\u0131 sonucunda baz\u0131lar\u0131 a\u011f\u0131r y\u00fczlerce yaral\u0131 ve g\u00f6zalt\u0131 olmu\u015ftur,<\/p>\n<\/div>\n<div style=\"color: #222222; font-family: arial, sans-serif; font-size: 13px;\"><\/div>\n<div><span style=\"font-family: arial, sans-serif; color: #222222; font-size: x-small;\"><strong>Taksim Gezi Park\u0131\u2019nda al\u0131\u015fveri\u015f merkezi yap\u0131lmas\u0131na kar\u015f\u0131 6 g\u00fcn \u00f6nce \u0130stanbul\u2019da ba\u015flayan ve polisin sert m\u00fcdahalelerinin ard\u0131ndan neredeyse t\u00fcm yurda yay\u0131lan protesto g\u00f6sterilerinde, sadece Ankara, \u0130zmir ve \u0130stanbul\u2019da yakla\u015f\u0131k 1700 ki\u015fi yaraland\u0131. <\/strong><\/span><\/div>\n<h1 style=\"color: #222222; font-family: arial, sans-serif;\"><a href=\"http:\/\/www.radikal.com.tr\/turkiye\/ankarada_iki_kisinin_durumu_agir-1136040\" target=\"_blank\" style=\"color: #1155cc;\"><span>http:\/\/www.radikal.com.tr\/turkiye\/ankarada_iki_kisinin_durumu_agir-1136040<\/span><\/a><\/h1>\n<h1><strong style=\"color: #222222; font-family: arial, sans-serif; font-size: small;\">Ankara&#8217;da yaral\u0131lar\u0131n durumunu a\u00e7\u0131klayan merci yok&#8230;<\/strong><\/h1>\n<p><span style=\"color: #222222; font-family: arial, sans-serif; font-size: 13px;\"> <\/span><span style=\"color: #222222; font-family: arial, sans-serif; font-size: 13px;\"> <\/span><\/p>\n<div style=\"color: #222222; font-family: arial, sans-serif; font-size: 13px;\">\n<h5>Ankara&#8217;da Gezi Park\u0131 protestolar\u0131 kapsam\u0131nda bug\u00fcn yaral\u0131lar\u0131n durumunu bildirecek &#8220;resmi merci&#8221; bulunamad\u0131. Sa\u011fl\u0131k Bakanl\u0131\u011f\u0131 konuyla ilgili olarak &#8220;Valilik a\u00e7\u0131klama yaps\u0131n&#8221; derken, valilikten ise &#8220;Biz size d\u00f6nelim&#8221; yan\u0131t\u0131 geldi.<\/h5>\n<div>\n<p>Haber:\u00a0<a href=\"mailto:nese.karanfil@radikal.com.tr\" target=\"_blank\" style=\"color: #1155cc;\">NE\u015eE KARANF\u0130L<\/a> &#8211;\u00a0<a href=\"mailto:nese.karanfil@radikal.com.tr\" target=\"_blank\" style=\"color: #1155cc;\">nese.karanfil@radikal.com.tr<\/a> \/\u00a0<a href=\"http:\/\/www.radikal.com.tr\/radikal.aspx?atype=detayliaramasonucv2&amp;itemsperpage=10&amp;page=1&amp;keyword=&amp;categoryID=-1&amp;prmEk=0&amp;AuthorKeyword=&amp;MuhabirKeyword=ne%fee%20karanfil&amp;startDateNull=&amp;endDateNull=&amp;Asc=0\" target=\"_blank\" style=\"color: #1155cc;\">Ar\u015fivi<\/a><\/p>\n<div>\n<p>\u00a0<\/p>\n<p><strong><a href=\"http:\/\/www.radikal.com.tr\/index\/Ankara\" target=\"_blank\" style=\"color: #1155cc;\">ANKARA<\/a> &#8211; <\/strong>Ankara\u2019da Gezi Park\u0131 protestolar\u0131 kapsam\u0131nda bug\u00fcn yaral\u0131lar\u0131n durumunu bildirecek \u201cresmi merci\u201d bulunamad\u0131. Sa\u011fl\u0131k Bakanl\u0131\u011f\u0131 konuyla ilgili olarak \u201cValilik a\u00e7\u0131klama yaps\u0131n\u201d derken, valilikten ise \u201cBiz size d\u00f6nelim\u201d yan\u0131t\u0131 geldi. Bir \u00f6nceki g\u00fcn ise, Ankara \u0130l Sa\u011fl\u0131k M\u00fcd\u00fcrl\u00fc\u011f\u00fc 31 ki\u015finin tedavi alt\u0131nda oldu\u011funu, 2 ki\u015finin de yo\u011fun bak\u0131mda oldu\u011funu a\u00e7\u0131klam\u0131\u015ft\u0131. Yo\u011fun bak\u0131mda olan Ethem Sar\u0131s\u00fcl\u00fck\u2019\u00fcn durumuyla ilgili olarak ise doktorlar\u0131n ailesine umut verici a\u00e7\u0131klamalar yapt\u0131\u011f\u0131 \u00f6\u011frenildi.\u00a0<\/p>\n<p>\u00d6nceki gece Ankara \u0130l Sa\u011fl\u0131k M\u00fcd\u00fcrl\u00fc\u011f\u00fc\u2019nce yap\u0131lan a\u00e7\u0131klamada \u00e7e\u015fitli hastanelere yat\u0131r\u0131larak tedavi alt\u0131na al\u0131nan ve halen tedavileri s\u00fcrd\u00fcr\u00fclmekte olan ki\u015fi say\u0131s\u0131n\u0131n 31 oldu\u011fu belirtilerek, bu ki\u015filerden 2 vakan\u0131n halen yo\u011fun bak\u0131m \u015fartlar\u0131nda tedavi edildi\u011fi kaydedildi. \u0130ki g\u00fcn s\u00fcren g\u00f6sterilerde toplam 291 ki\u015finin hastanelerde ayaktan tedavileri yap\u0131larak hastane yat\u0131\u015flar\u0131n\u0131n yap\u0131lmas\u0131na gerek kalmadan evlerine g\u00f6nderildikleri belirtilen a\u00e7\u0131klamada, \u201cBunlar\u0131n i\u00e7inden 141 ki\u015fi biber gaz\u0131 etkilenmesi di\u011ferleri ise \u00e7e\u015fitli darbe, fiziksel yaralanma, hipertansiyon ve kan \u015fekeri y\u00fckselmesi gibi nedenlerle ayaktan tedavi g\u00f6rm\u00fc\u015flerdir\u201d denildi.\u00a0<\/p>\n<p>\u00c7e\u015fitli hastanelere yat\u0131r\u0131larak tedavi alt\u0131na al\u0131nan ve halen tedavileri s\u00fcrd\u00fcr\u00fclmekte olan ki\u015fi say\u0131s\u0131n\u0131n 31 oldu\u011fu bildirilerek a\u00e7\u0131klamada \u201cBu ki\u015filerden 2 vaka halen yo\u011fun bak\u0131m \u015fartlar\u0131nda tedavi edilmektedir. Yatarak tedavi verilen di\u011fer vakalar ise orta veya hafif tablo g\u00f6stermektedir. Yatanlar\u0131n i\u00e7inde g\u00f6stericiler taraf\u0131ndan \u00e7e\u015fitli darbelere maruz kalan bir polis memuru da bulunmaktad\u0131r. 52 polis memuru biber gaz\u0131ndan etkilenme, g\u00f6stericiler taraf\u0131ndan darp ve at\u0131lan nesneler taraf\u0131ndan yaralanma gibi sebeplerle ayaktan tedavi edilerek evlerine g\u00f6nderilmi\u015flerdir. G\u00f6steriler boyunca olay yerinde ya da hastanelerimizde vefat eden veya herhangi bir uzvu kopan kimse bulunmamaktad\u0131r\u201d denildi.\u00a0<\/p>\n<p>A\u00e7\u0131klama yapan merci bulunamad\u0131\u00a0<\/p>\n<p>Ancak bu sabah itibariyle Sa\u011fl\u0131k Bakanl\u0131\u011f\u0131\u2019ndan da valilikten yaral\u0131lar\u0131n durumu ile ilgili bilgi al\u0131nam\u0131yor. Sa\u011fl\u0131k Bakanl\u0131\u011f\u0131, Ankara Valili\u011fi\u2019nin a\u00e7\u0131klama yapaca\u011f\u0131n\u0131 belirtirken; valilikten \u201cBiz size d\u00f6neriz\u201d a\u00e7\u0131klamas\u0131 yap\u0131lmakla yetinildi.\u00a0<\/p>\n<p><strong>\u0130K\u0130 K\u0130\u015e\u0130N\u0130N DURUMU \u00c7OK KR\u0130T\u0130K<\/strong><br \/>T\u00fcrk Tabipleri Birli\u011fi Ba\u015fkan\u0131 Prof. Dr. \u00d6zdemir Aktan, olaylarda \u00e7ok say\u0131da ki\u015finin yaraland\u0131\u011f\u0131n\u0131, 1&#8217;i \u0130stanbul&#8217;da olmak \u00fczere iki yaral\u0131n\u0131n durumunun &#8216;\u00e7ok kritik&#8217; oldu\u011funu ve hastanalerde tedavilerinin s\u00fcrd\u00fc\u011f\u00fcn\u00fc s\u00f6yleyerek, kendilerine bir &#8216;\u00f6l\u00fcm olay\u0131 bilgisi gelmedi\u011fini&#8217; s\u00f6yledi.\u00a0<\/p>\n<p>T\u00fcrk Tabipleri Birli\u011fi Merkez Konseyi de Taksim Gezi Park\u0131 direni\u015fi ve sonras\u0131ndaki toplumsal olaylarda yaralanan yurtta\u015flar\u0131n sa\u011fl\u0131k durumuna ili\u015fkin bir a\u00e7\u0131klama yapt\u0131.\u00a0<\/p>\n<p>Taksim Gezi Park\u0131\u2019nda al\u0131\u015fveri\u015f merkezi yap\u0131lmas\u0131na kar\u015f\u0131 6 g\u00fcn \u00f6nce \u0130stanbul\u2019da ba\u015flayan ve polisin sert m\u00fcdahalelerinin ard\u0131ndan neredeyse t\u00fcm yurda yay\u0131lan protesto g\u00f6sterilerinde, sadece Ankara,\u00a0<a href=\"http:\/\/www.radikal.com.tr\/index\/IZMIR\" target=\"_blank\" style=\"color: #1155cc;\">\u0130zmir<\/a> ve \u0130stanbul\u2019da yakla\u015f\u0131k 1700 ki\u015fi yaraland\u0131. .\u00a0<\/p>\n<p>Polisin g\u00f6stericilere gaz bombalar\u0131, tazyikli su ve zaman zaman plastik mermiyle yapt\u0131\u011f\u0131 m\u00fcdahalelerde ciddi olarak yaralananlar\u0131n pek \u00e7o\u011fu, gaz bombas\u0131 kaps\u00fcl\u00fc ya da plastik mermiyle vurulmu\u015f durumda.\u00a0<\/p>\n<p>\u0130stanbul Tabip Odas\u0131\u2019n\u0131n \u0130l Sa\u011fl\u0131k M\u00fcd\u00fcrl\u00fc\u011f\u00fc\u2019nden ald\u0131\u011f\u0131 bilgilere g\u00f6re \u0130stanbul\u2019da hastaneye yat\u0131r\u0131larak tedaviye al\u0131nan 26 ki\u015fi, hayati tehlikesi olan 2 ki\u015fi, yo\u011fun bak\u0131mda yatan 5 ki\u015fi var. Ayaktan tedavi olan hastalar ile birlikte toplam 880 ki\u015fi de hastanelere ba\u015fvurdu.\u00a0<\/p>\n<p>Ankara Tabip Odas\u0131\u2019n\u0131n hastanelerden edindi\u011fi bilgilerden derlenen verilere g\u00f6re de 15\u2019i a\u011f\u0131r olmak \u00fczere en az 414 yaral\u0131 bulunmaktad\u0131r. Ankara Numune hastanesinde polis sald\u0131r\u0131s\u0131yla kafas\u0131ndan yaralanan bir gen\u00e7 \u00f6l\u00fcmle pen\u00e7ele\u015fmektedir.\u00a0<\/p>\n<p>\u0130zmir Tabip Odas\u0131\u2019n\u0131n iletti\u011fi verilere g\u00f6reyse son 2 g\u00fcn i\u00e7erisinde hastanelere 420 yaral\u0131 ba\u015fvurdu ve bunlar\u0131n 60\u2019\u0131 ambulanslarla ta\u015f\u0131nd\u0131<\/p>\n<\/div>\n<\/div>\n<\/div>\n","protected":false},"excerpt":{"rendered":"<p>Taksim Gezi Park\u0131\u2019nda tamamen bar\u0131\u015f\u00e7\u0131l olarak ba\u015flayan bir \u00e7evre duyarl\u0131l\u0131\u011f\u0131 eylemine polisin \u201corant\u0131s\u0131z\u201d m\u00fcdahalesi sonucu, kimileri \u00f6l\u00fcmc\u00fcl olmak \u00fczere y\u00fczlerce&#46;&#46;&#46;<\/p>\n","protected":false},"author":1,"featured_media":0,"comment_status":"closed","ping_status":"closed","sticky":false,"template":"","format":"standard","meta":{"_jetpack_memberships_contains_paid_content":false,"footnotes":""},"categories":[1],"tags":[],"class_list":["post-3803","post","type-post","status-publish","format-standard","hentry","category-ced"],"aioseo_notices":[],"jetpack_featured_media_url":"","jetpack_sharing_enabled":true,"jetpack-related-posts":[],"_links":{"self":[{"href":"http:\/\/www.ced.org.tr\/index.php?rest_route=\/wp\/v2\/posts\/3803","targetHints":{"allow":["GET"]}}],"collection":[{"href":"http:\/\/www.ced.org.tr\/index.php?rest_route=\/wp\/v2\/posts"}],"about":[{"href":"http:\/\/www.ced.org.tr\/index.php?rest_route=\/wp\/v2\/types\/post"}],"author":[{"embeddable":true,"href":"http:\/\/www.ced.org.tr\/index.php?rest_route=\/wp\/v2\/users\/1"}],"replies":[{"embeddable":true,"href":"http:\/\/www.ced.org.tr\/index.php?rest_route=%2Fwp%2Fv2%2Fcomments&post=3803"}],"version-history":[{"count":0,"href":"http:\/\/www.ced.org.tr\/index.php?rest_route=\/wp\/v2\/posts\/3803\/revisions"}],"wp:attachment":[{"href":"http:\/\/www.ced.org.tr\/index.php?rest_route=%2Fwp%2Fv2%2Fmedia&parent=3803"}],"wp:term":[{"taxonomy":"category","embeddable":true,"href":"http:\/\/www.ced.org.tr\/index.php?rest_route=%2Fwp%2Fv2%2Fcategories&post=3803"},{"taxonomy":"post_tag","embeddable":true,"href":"http:\/\/www.ced.org.tr\/index.php?rest_route=%2Fwp%2Fv2%2Ftags&post=3803"}],"curies":[{"name":"wp","href":"https:\/\/api.w.org\/{rel}","templated":true}]}}