{"id":3804,"date":"2013-06-03T23:42:25","date_gmt":"2013-06-03T20:42:25","guid":{"rendered":"http:\/\/www.ced.org.tr\/?p=3804"},"modified":"2013-06-03T23:42:25","modified_gmt":"2013-06-03T20:42:25","slug":"uygulanan-orantisiz-siddet-kabul-edilemez","status":"publish","type":"post","link":"http:\/\/www.ced.org.tr\/?p=3804","title":{"rendered":"Uygulanan Orant\u0131s\u0131z \u015eiddet Kabul Edilemez!"},"content":{"rendered":"<p style=\"color: #222222; font-family: arial, sans-serif; font-size: 13px;\">2 Haziran 2013<\/p>\n<p style=\"color: #222222; font-family: arial, sans-serif; font-size: 13px;\">T\u00fcrk Tabipleri Birli\u011fi Merkez Konseyi Taksim Gezi Park\u0131 direni\u015fi ve sonras\u0131ndaki toplumsal olaylarda yaralanan yurtta\u015flar\u0131n sa\u011fl\u0131k durumuna ili\u015fkin bir bas\u0131n a\u00e7\u0131klamas\u0131 yapt\u0131.<\/p>\n<p style=\"color: #222222; font-family: arial, sans-serif; font-size: 13px; text-align: center;\"><span style=\"font-size: 16px;\"><strong>UYGULANAN ORANTISIZ \u015e\u0130DDET KABUL ED\u0130LEMEZ!<\/strong><\/span><\/p>\n<p style=\"color: #222222; font-family: arial, sans-serif; font-size: 13px; text-align: center;\"><span style=\"font-size: 16px;\"><strong>POL\u0130S TER\u00d6R\u00dcN\u00dcN B\u0130LAN\u00c7OSU;\u00a0 20 \u2018S\u0130 A\u011eIR\u00a0 OLMAK \u00dcZERE B\u0130NLERCE YARALI VAR.<\/p>\n<p><\/strong><\/span><\/p>\n<p style=\"color: #222222; font-family: arial, sans-serif; font-size: 13px;\">Taksim Gezi Park\u0131\u2019nda AVM yap\u0131lmas\u0131na kar\u015f\u0131 \u0130stanbul\u2019da ba\u015flayan protesto eylemlerine T\u00fcrkiye\u2019nin d\u00f6rt bir yan\u0131ndan destek geldi.<\/p>\n<p style=\"color: #222222; font-family: arial, sans-serif; font-size: 13px;\">Gezi park\u0131 protestosuna g\u00fc\u00e7 \u00a0vermek ve\u00a0 h\u00fck\u00fcmetin bask\u0131 politikalar\u0131na kar\u015f\u0131 \u00e7\u0131kmak i\u00e7in bir araya gelen, \u00a0y\u00fczbinlerle ifade edilecek kalabal\u0131klara emniyet g\u00fc\u00e7lerinin m\u00fcdahalesi\u00a0 \u00e7ok sert oldu.<\/p>\n<p style=\"color: #222222; font-family: arial, sans-serif; font-size: 13px;\">Polis,\u00a0 demokratik haklar\u0131n\u0131 kullanan eylemcilere yo\u011fun biber gaz\u0131yla, kafalara, g\u00f6zlere isabet eden gaz kaps\u00fclleri ile ve\u00a0 plastik mermilerle kar\u015f\u0131l\u0131k verdi.<\/p>\n<p style=\"color: #222222; font-family: arial, sans-serif; font-size: 13px;\">\u0130stanbul Tabip Odas\u0131\u2019n\u0131n \u0130l Sa\u011fl\u0131k M\u00fcd\u00fcrl\u00fc\u011f\u00fc\u2019nden ald\u0131\u011f\u0131 bilgilere g\u00f6re \u00a0\u0130stanbul\u2019da hastanede yat\u0131r\u0131larak tedaviye al\u0131nan 26 ki\u015fi,\u00a0 hayati tehlikesi olan 2 ki\u015fi, yo\u011fun\u00a0 bak\u0131mda yatan 5 ki\u015fi bulunmaktad\u0131r. Ayaktan tedavi\u00a0 olan hastalar ile birlikte bu s\u00fcre\u00e7te hastalar toplam 880 ki\u015fi hastanelere ba\u015fvurmu\u015ftur.<\/p>\n<p style=\"color: #222222; font-family: arial, sans-serif; font-size: 13px;\">Ankara\u2019da ki eylemlerde ise \u00a0Ankara Tabip Odas\u0131\u2019n\u0131n hastanelerden meslekta\u015flar\u0131m\u0131z\u0131n iletti\u011fi bilgiler do\u011frultusunda elde etti\u011fi verilere g\u00f6re 15\u2019i a\u011f\u0131r olmak \u00fczere en az 414 yaral\u0131 bulunmaktad\u0131r. \u00a0Ankara Numune hastanesinde polis sald\u0131r\u0131s\u0131yla kafas\u0131ndan yaralanan bir\u00a0 gen\u00e7\u00a0 \u00f6l\u00fcmle pen\u00e7ele\u015fmektedir.<\/p>\n<p style=\"color: #222222; font-family: arial, sans-serif; font-size: 13px;\">\u0130zmir Tabip Odas\u0131\u2019n\u0131n iletti\u011fi verilere g\u00f6re 2 g\u00fcn i\u00e7erisinde hastanelere 420 yaral\u0131 ba\u015fvurmu\u015f, bunlar\u0131n 60\u2019\u0131 ambulanslarla ta\u015f\u0131nm\u0131\u015ft\u0131r.<\/p>\n<p style=\"color: #222222; font-family: arial, sans-serif; font-size: 13px;\">Di\u011fer illerde de \u00e7ok say\u0131da yaral\u0131 oldu\u011fu bilinmektedir.<\/p>\n<p style=\"color: #222222; font-family: arial, sans-serif; font-size: 13px;\">Yaralanmalar\u0131n \u00e7o\u011fu , tazyikli suyun \u00f6l\u00e7\u00fcs\u00fcz bi\u00e7imde insan bedeni hedef al\u0131narak kullan\u0131lmas\u0131, biber gaz\u0131 kaps\u00fcllerinin eylemcilerin \u00fczerine s\u0131k\u0131lmas\u0131, do\u011frudan hedef al\u0131narak direkt f\u0131rlat\u0131lmas\u0131 ve plastik mermilerin yak\u0131n mesafeden ate\u015flenmesiyle ger\u00e7ekle\u015fmektedir. \u00c7ok say\u0131da yurtta\u015f\u0131m\u0131z s\u00f6z konusu yaralanmalar neticesinde g\u00f6z\u00fcn\u00fc kaybetmi\u015ftir. \u00a0Kafatas\u0131 k\u0131r\u0131\u011f\u0131 ve beyin kanamas\u0131 ge\u00e7iren, beyninde yabanc\u0131 cisim bulunan hastalar vard\u0131r.<\/p>\n<p style=\"color: #222222; font-family: arial, sans-serif; font-size: 13px;\">Bilimsel olarak sa\u011fl\u0131\u011fa zararl\u0131 oldu\u011fu,\u00a0 altta yatan kimi hastal\u0131klar\u0131n varl\u0131\u011f\u0131nda \u00f6l\u00fcmc\u00fcl sonu\u00e7lar yaratabildi\u011fi bilinen biber gaz\u0131n\u0131n toplumsal olaylarda f\u00fctursuzca kullan\u0131l\u0131yor olmas\u0131 ba\u015fl\u0131 ba\u015f\u0131na bir halk sa\u011fl\u0131\u011f\u0131 sorunu haline gelmi\u015ftir. Bu da yetmezmi\u015f gibi i\u00e7eri\u011fi bilinmeyen ba\u015fka gazlar\u0131n da kullan\u0131ld\u0131\u011f\u0131 iddias\u0131 ortada durmaktad\u0131r. \u0130nsan sa\u011fl\u0131\u011f\u0131n\u0131 bu derece yak\u0131ndan ilgilendiren bir konuda \u0130\u00e7i\u015fleri Bakanl\u0131\u011f\u0131\u2019n\u0131n ivedilikle a\u00e7\u0131klama yapmas\u0131, kullan\u0131lan kimyasallar\u0131n i\u00e7eri\u011fini kamuoyuyla payla\u015fmas\u0131 gerekmektedir.<\/p>\n<p style=\"color: #222222; font-family: arial, sans-serif; font-size: 13px;\">Ustal\u0131k d\u00f6nemini ya\u015fayan bir iktidar\u0131n g\u00f6sterdi\u011fi ustal\u0131k kendi halk\u0131na sald\u0131rmak olmamal\u0131d\u0131r.\u00a0 Kontrols\u00fcz polis \u015fiddeti derhal durdurulmal\u0131d\u0131r.<\/p>\n<p style=\"color: #222222; font-family: arial, sans-serif; font-size: 13px;\">Olaylarda yaralanan yurtta\u015flar\u0131n sa\u011fl\u0131k durumlar\u0131na ait bilgiler T\u00fcrk Tabipleri Birli\u011fi\u2019ne ula\u015ft\u0131k\u00e7a kamuoyuyla payla\u015f\u0131lacakt\u0131r.<\/p>\n<p style=\"color: #222222; font-family: arial, sans-serif; font-size: 13px;\"><strong>T\u00fcrk Tabipleri Birli\u011fi<br \/>Merkez Konseyi<\/strong><\/p>\n<p style=\"color: #222222; font-family: arial, sans-serif; font-size: 13px;\"><a href=\"http:\/\/www.ttb.org.tr\/index.php\/Haberler\/siddet-3832.html\">http:\/\/www.ttb.org.tr\/index.php\/Haberler\/siddet-3832.html<\/a><\/p>\n","protected":false},"excerpt":{"rendered":"<p>2 Haziran 2013 T\u00fcrk Tabipleri Birli\u011fi Merkez Konseyi Taksim Gezi Park\u0131 direni\u015fi ve sonras\u0131ndaki toplumsal olaylarda yaralanan yurtta\u015flar\u0131n sa\u011fl\u0131k durumuna&#46;&#46;&#46;<\/p>\n","protected":false},"author":1,"featured_media":0,"comment_status":"closed","ping_status":"closed","sticky":false,"template":"","format":"standard","meta":{"_jetpack_memberships_contains_paid_content":false,"footnotes":""},"categories":[1],"tags":[],"class_list":["post-3804","post","type-post","status-publish","format-standard","hentry","category-ced"],"aioseo_notices":[],"jetpack_featured_media_url":"","jetpack_sharing_enabled":true,"jetpack-related-posts":[],"_links":{"self":[{"href":"http:\/\/www.ced.org.tr\/index.php?rest_route=\/wp\/v2\/posts\/3804","targetHints":{"allow":["GET"]}}],"collection":[{"href":"http:\/\/www.ced.org.tr\/index.php?rest_route=\/wp\/v2\/posts"}],"about":[{"href":"http:\/\/www.ced.org.tr\/index.php?rest_route=\/wp\/v2\/types\/post"}],"author":[{"embeddable":true,"href":"http:\/\/www.ced.org.tr\/index.php?rest_route=\/wp\/v2\/users\/1"}],"replies":[{"embeddable":true,"href":"http:\/\/www.ced.org.tr\/index.php?rest_route=%2Fwp%2Fv2%2Fcomments&post=3804"}],"version-history":[{"count":0,"href":"http:\/\/www.ced.org.tr\/index.php?rest_route=\/wp\/v2\/posts\/3804\/revisions"}],"wp:attachment":[{"href":"http:\/\/www.ced.org.tr\/index.php?rest_route=%2Fwp%2Fv2%2Fmedia&parent=3804"}],"wp:term":[{"taxonomy":"category","embeddable":true,"href":"http:\/\/www.ced.org.tr\/index.php?rest_route=%2Fwp%2Fv2%2Fcategories&post=3804"},{"taxonomy":"post_tag","embeddable":true,"href":"http:\/\/www.ced.org.tr\/index.php?rest_route=%2Fwp%2Fv2%2Ftags&post=3804"}],"curies":[{"name":"wp","href":"https:\/\/api.w.org\/{rel}","templated":true}]}}