{"id":3805,"date":"2013-06-03T23:49:58","date_gmt":"2013-06-03T20:49:58","guid":{"rendered":"http:\/\/www.ced.org.tr\/?p=3805"},"modified":"2013-06-03T23:49:58","modified_gmt":"2013-06-03T20:49:58","slug":"savasta-bile-yapilmaz-saglik-hizmeti-verenler-gozaltina-alindi","status":"publish","type":"post","link":"http:\/\/www.ced.org.tr\/?p=3805","title":{"rendered":"Sava\u015fta bile yap\u0131lmaz! Sa\u011fl\u0131k Hizmeti Verenler G\u00f6zalt\u0131na Al\u0131nd\u0131"},"content":{"rendered":"<p><span style=\"color: #222222; font-family: Calibri, sans-serif; font-size: 11pt;\">03 Haziran 2013<\/span><span style=\"color: #222222; font-family: Calibri, sans-serif; font-size: 11pt;\"> <\/span><\/p>\n<p style=\"background-position: initial initial; background-repeat: initial initial;\"><strong><span style=\"font-size: 11.0pt; font-family: &quot;Calibri&quot;,&quot;sans-serif&quot;; mso-ascii-theme-font: minor-latin; mso-hansi-theme-font: minor-latin; mso-bidi-theme-font: minor-latin; color: #222222;\">Ankara\u2019da Gaz Odalar\u0131!<\/span><\/strong><span style=\"font-size: 11.0pt; font-family: &quot;Calibri&quot;,&quot;sans-serif&quot;; mso-ascii-theme-font: minor-latin; mso-hansi-theme-font: minor-latin; mso-bidi-theme-font: minor-latin; color: #222222;\"><\/span><\/p>\n<p style=\"background-position: initial initial; background-repeat: initial initial;\"><strong><span style=\"font-size: 11.0pt; font-family: &quot;Calibri&quot;,&quot;sans-serif&quot;; mso-ascii-theme-font: minor-latin; mso-hansi-theme-font: minor-latin; mso-bidi-theme-font: minor-latin; color: #222222;\">Sava\u015fta bile yap\u0131lmaz! Sa\u011fl\u0131k Hizmeti Verenler G\u00f6zalt\u0131na Al\u0131nd\u0131<\/span><\/strong><span style=\"font-size: 11.0pt; font-family: &quot;Calibri&quot;,&quot;sans-serif&quot;; mso-ascii-theme-font: minor-latin; mso-hansi-theme-font: minor-latin; mso-bidi-theme-font: minor-latin; color: #222222;\"><\/span><\/p>\n<p style=\"background-position: initial initial; background-repeat: initial initial;\"><span style=\"font-size: 11.0pt; font-family: &quot;Calibri&quot;,&quot;sans-serif&quot;; mso-ascii-theme-font: minor-latin; mso-hansi-theme-font: minor-latin; mso-bidi-theme-font: minor-latin; color: #222222;\">D\u00fcn ak\u015fam saatlerinde (2 Haziran) Ankara\u2019da K\u0131z\u0131lay Meydan\u0131 ve \u00e7evresinde AKP h\u00fck\u00fcmetini protesto eden yurtta\u015flara polis taraf\u0131ndan \u00f6l\u00e7\u00fcs\u00fcz \u015fiddet i\u00e7eren m\u00fcdahalede bulunuldu. H\u0131z\u0131n\u0131 alamayan polis hi\u00e7bir bi\u00e7imde kabul edilemez \u015fekilde yurtta\u015flara sa\u011fl\u0131k hizmeti vermek i\u00e7in kurulan sa\u011fl\u0131k noktalar\u0131na sald\u0131rd\u0131, hekimler, t\u0131p \u00f6\u011frencileri, di\u015f hekimleri ve sa\u011fl\u0131k \u00e7al\u0131\u015fanlar\u0131, sa\u011fl\u0131k hizmeti sunarken apar topar g\u00f6zalt\u0131na al\u0131nd\u0131lar.<\/p>\n<p> T\u00fcrk Tabipleri Birli\u011fi, T\u00fcrk Di\u015f Hekimleri Birli\u011fi, Ankara Tabip Odas\u0131, Sa\u011fl\u0131k ve Sosyal Hizmet Emek\u00e7ileri Sendikas\u0131 ve T\u00fcrkiye Psikiyatri Derne\u011fi taraf\u0131ndan konu ile ilgili 3 Haziran 2013 tarihinde T\u00fcrk Tabipleri Birli\u011fi\u2019nde bas\u0131n toplant\u0131s\u0131 d\u00fczenlendi. Ortak a\u00e7\u0131klama metni ise T\u00fcrk Tabipleri Birli\u011fi Genel Sekreteri Bayaz\u0131t \u0130lhan taraf\u0131ndan okundu.<br \/> Polisin kalabal\u0131\u011f\u0131n aras\u0131na gaz bombalar\u0131 ya\u011fd\u0131rd\u0131\u011f\u0131n\u0131, ni\u015fan alarak ve \u00e7ok yak\u0131n mesafeden gaz kaps\u00fcllerini insanlar\u0131n kafas\u0131na, g\u00f6z\u00fcne, g\u00f6vdesine, koluna f\u0131rlatt\u0131\u011f\u0131n\u0131 ve plastik mermi kullan\u0131ld\u0131\u011f\u0131n\u0131 belirten Bayaz\u0131t \u0130lhan, yaral\u0131lara sa\u011fl\u0131k hizmeti sunan hekimlerin, di\u015f hekimlerinin, hem\u015firelerin, t\u0131p \u00f6\u011frencilerinin polisin fiziki \u015fiddetine maruz kald\u0131\u011f\u0131n\u0131 ve g\u00f6zalt\u0131na al\u0131nd\u0131\u011f\u0131n\u0131 bildirdi. Ya\u015fananlara \u201cSava\u015fta bile yap\u0131lmaz bu!\u201d diye tepki g\u00f6steren Dr. \u0130lhan, sa\u011fl\u0131k \u00e7al\u0131\u015fanlar\u0131n\u0131n polis vah\u015fetini kabul edilemez buldu\u011funu vurgulad\u0131. Dr. \u0130lhan, \u201c\u015eiddeti uygulayanlar hesap vermelidir\u201d dedi.<br \/> M\u00fclkiyeliler Birli\u011fi&#8217;nde yaral\u0131lara m\u00fcdahale ederken polisin m\u00fcdahalesi ve gaz bombalar\u0131 alt\u0131nda kalan Ankara Tabip Odas\u0131 Y\u00f6netim Kurulu \u00dcyesi Dr. Ebru Basa\u2019n\u0131n &#8220;Kendimi t\u0131pk\u0131 Mad\u0131mak Oteli&#8217;nde gibi hissettim\u201d dedi\u011fini aktaran Ankara Tabip Odas\u0131 Ba\u015fkan\u0131 \u00d6zden \u015eener ise \u201cA\u011f\u0131r bir can kayb\u0131, toplu katliam ya\u015fanabilirdi. Bu durum gaz odalar\u0131n\u0131 hat\u0131rlatt\u0131\u201d diye konu\u015ftu.<\/span><\/p>\n<p style=\"background-position: initial initial; background-repeat: initial initial;\"><span style=\"font-size: 11.0pt; font-family: &quot;Calibri&quot;,&quot;sans-serif&quot;; mso-ascii-theme-font: minor-latin; mso-hansi-theme-font: minor-latin; mso-bidi-theme-font: minor-latin; color: #222222;\">T\u00fcrk Di\u015fhekimleri Birli\u011fi Genel Ba\u015fkan Vekili Serdar S\u00fct\u00e7\u00fc ile SES Genel Ba\u015fkan\u0131 \u00c7etin Erdolu ise konu\u015fmalar\u0131nda yaral\u0131lara sa\u011fl\u0131k hizmeti vermeye \u00e7al\u0131\u015fan sa\u011fl\u0131k \u00e7al\u0131\u015fanlar\u0131na y\u00f6nelik polis \u015fiddetine Sa\u011fl\u0131k Bakanl\u0131\u011f\u0131\u2019n\u0131n duyars\u0131z kalmas\u0131na tepki g\u00f6sterdiler ve g\u00f6zalt\u0131ndaki sa\u011fl\u0131k \u00e7al\u0131\u015fanlar\u0131n\u0131n serbest b\u0131rak\u0131lmas\u0131n\u0131 istediler.<\/span><\/p>\n<p style=\"text-align: center; background-position: initial initial; background-repeat: initial initial;\" align=\"center\"><span style=\"font-size: 11.0pt; font-family: &quot;Calibri&quot;,&quot;sans-serif&quot;; mso-ascii-theme-font: minor-latin; mso-hansi-theme-font: minor-latin; mso-bidi-theme-font: minor-latin; color: #222222;\"> <\/span><\/p>\n<p style=\"text-align: center; background-position: initial initial; background-repeat: initial initial;\" align=\"center\"><strong><span style=\"text-decoration: underline;\"><span style=\"font-size: 11.0pt; font-family: &quot;Calibri&quot;,&quot;sans-serif&quot;; mso-ascii-theme-font: minor-latin; mso-hansi-theme-font: minor-latin; mso-bidi-theme-font: minor-latin; color: #222222;\">BASIN A\u00c7IKLAMASI<\/span><\/span><\/strong><strong><span style=\"text-decoration: underline;\"><span style=\"font-size: 11.0pt; font-family: &quot;Calibri&quot;,&quot;sans-serif&quot;; mso-ascii-theme-font: minor-latin; mso-hansi-theme-font: minor-latin; mso-bidi-theme-font: minor-latin; color: #222222;\"><br \/> <strong>3 Haziran 2013<\/strong><\/span><\/span><\/strong><span style=\"font-size: 11.0pt; font-family: &quot;Calibri&quot;,&quot;sans-serif&quot;; mso-ascii-theme-font: minor-latin; mso-hansi-theme-font: minor-latin; mso-bidi-theme-font: minor-latin; color: #222222;\"><\/span><\/p>\n<p style=\"text-align: center; background-position: initial initial; background-repeat: initial initial;\" align=\"center\"><strong><span style=\"text-decoration: underline;\"><span style=\"font-size: 11.0pt; font-family: &quot;Calibri&quot;,&quot;sans-serif&quot;; mso-ascii-theme-font: minor-latin; mso-hansi-theme-font: minor-latin; mso-bidi-theme-font: minor-latin; color: #222222;\">GAZ ODALARI<\/span><\/span><\/strong><span style=\"font-size: 11.0pt; font-family: &quot;Calibri&quot;,&quot;sans-serif&quot;; mso-ascii-theme-font: minor-latin; mso-hansi-theme-font: minor-latin; mso-bidi-theme-font: minor-latin; color: #222222;\"><\/span><\/p>\n<p style=\"background-position: initial initial; background-repeat: initial initial;\"><span style=\"font-size: 11.0pt; font-family: &quot;Calibri&quot;,&quot;sans-serif&quot;; mso-ascii-theme-font: minor-latin; mso-hansi-theme-font: minor-latin; mso-bidi-theme-font: minor-latin; color: #222222;\">De\u011ferli Bas\u0131n Mensuplar\u0131,<\/span><\/p>\n<p style=\"background-position: initial initial; background-repeat: initial initial;\"><span style=\"font-size: 11.0pt; font-family: &quot;Calibri&quot;,&quot;sans-serif&quot;; mso-ascii-theme-font: minor-latin; mso-hansi-theme-font: minor-latin; mso-bidi-theme-font: minor-latin; color: #222222;\"> Biliyorsunuz hafta sonu b\u00fct\u00fcn T\u00fcrkiye\u2019de Taksim Gezi Park\u0131 projesini protesto eylemleri vard\u0131. Ankara\u2019da da on binlerce g\u00f6sterici iki g\u00fcn boyunca G\u00fcven Park ve K\u0131z\u0131lay Meydan\u0131\u2019n\u0131 doldurarak sabah\u0131n erken saatlerinden gecenin ge\u00e7 saatlerine kadar protestolar\u0131n\u0131 dile getirdiler.<\/span><\/p>\n<p style=\"background-position: initial initial; background-repeat: initial initial;\"><span style=\"font-size: 11.0pt; font-family: &quot;Calibri&quot;,&quot;sans-serif&quot;; mso-ascii-theme-font: minor-latin; mso-hansi-theme-font: minor-latin; mso-bidi-theme-font: minor-latin; color: #222222;\">Hi\u00e7bir \u015fiddet i\u00e7ermeyen, bu bar\u0131\u015f\u00e7\u0131l demokratik eylem polis taraf\u0131ndan ilk dakikas\u0131ndan son dakikas\u0131na kadar ter\u00f6rize edildi. Polis kalabal\u0131\u011f\u0131n aras\u0131na gaz bombalar\u0131 ya\u011fd\u0131rd\u0131, ni\u015fan alarak ve \u00e7ok yak\u0131n mesafeden gaz kaps\u00fcllerini insanlar\u0131n kafas\u0131na, g\u00f6z\u00fcne, g\u00f6vdesine, koluna f\u0131rlatt\u0131, plastik mermi kulland\u0131. Polisin bu sald\u0131r\u0131lar\u0131nda y\u00fczlerce ki\u015fi yaraland\u0131. Yaral\u0131lar\u0131n bir b\u00f6l\u00fcm\u00fc \u015fu an \u00f6l\u00fcmle pen\u00e7ele\u015fiyor. Baz\u0131 yurtta\u015flar kal\u0131c\u0131 uzuv kayb\u0131na u\u011frayacak ya da v\u00fccudunda bu sald\u0131r\u0131n\u0131n izlerini \u00f6m\u00fcr boyu ta\u015f\u0131yacak.<\/span><\/p>\n<p style=\"background-position: initial initial; background-repeat: initial initial;\"><span style=\"font-size: 11.0pt; font-family: &quot;Calibri&quot;,&quot;sans-serif&quot;; mso-ascii-theme-font: minor-latin; mso-hansi-theme-font: minor-latin; mso-bidi-theme-font: minor-latin; color: #222222;\">Hekimler, di\u015f hekimleri, t\u0131p \u00f6\u011frencileri, di\u015f hekimli\u011fi \u00f6\u011frencileri, sa\u011fl\u0131k \u00e7al\u0131\u015fanlar\u0131 her zamanki gibi b\u00fcy\u00fck bir duyarl\u0131l\u0131kla K\u0131z\u0131lay Meydan\u0131 \u00e7evresinde sa\u011fl\u0131k birimleri olu\u015fturarak iki g\u00fcn boyunca polisin ter\u00f6r\u00fcnden nasibini alan yaral\u0131lara t\u0131bbi bak\u0131m verdiler. Bu birimlerde solunum yetmezli\u011fi, kesi, k\u0131r\u0131k, \u015fuur kayb\u0131 ile getirilen hastalar m\u00fcdahale edilerek taburcu edildiler ya da gerekli durumlarda hastanelere sevk edildiler.<\/span><\/p>\n<p style=\"background-position: initial initial; background-repeat: initial initial;\"><span style=\"font-size: 11.0pt; font-family: &quot;Calibri&quot;,&quot;sans-serif&quot;; mso-ascii-theme-font: minor-latin; mso-hansi-theme-font: minor-latin; mso-bidi-theme-font: minor-latin; color: #222222;\">\u0130\u015fte bu birimler d\u00fcn Ankara\u2019da polis taraf\u0131ndan bas\u0131ld\u0131. Polis bu kapal\u0131 alanlar\u0131 gaza bo\u011fdu. \u0130\u00e7eride hastalar vard\u0131, yaral\u0131lar vard\u0131, onlara yard\u0131m etmeye, t\u0131bbi bak\u0131m vermeye \u00e7al\u0131\u015fan hekimler vard\u0131. YKM, Starbucks, Leman K\u00fclt\u00fcr\u2019deki sa\u011fl\u0131k birimleri da\u011f\u0131t\u0131ld\u0131. Naz\u0131m Hikmet K\u00fclt\u00fcr Merkezi\u2019ndeki revir talan edildi. Yaral\u0131lar, hekimler, di\u015f hekimleri, hem\u015fireler, t\u0131p \u00f6\u011frencileri polisin fiziki \u015fiddetine maruz kald\u0131lar, g\u00f6zalt\u0131na al\u0131nd\u0131lar.<\/span><\/p>\n<p style=\"background-position: initial initial; background-repeat: initial initial;\"><span style=\"font-size: 11.0pt; font-family: &quot;Calibri&quot;,&quot;sans-serif&quot;; mso-ascii-theme-font: minor-latin; mso-hansi-theme-font: minor-latin; mso-bidi-theme-font: minor-latin; color: #222222;\">M\u00fclkiyeliler Birli\u011fi Lokali\u2019ndeki sa\u011fl\u0131k birimi de a\u011f\u0131r bir sald\u0131r\u0131ya u\u011frad\u0131. Polis 21:30 s\u0131ralar\u0131nda binay\u0131 ku\u015fatarak bah\u00e7eye say\u0131s\u0131z gaz bombas\u0131 att\u0131. Kapal\u0131 pencerelerin aral\u0131klar\u0131ndan s\u0131zan gaz i\u00e7erideki herkesi h\u0131zla etkiledi. Herkes \u00fcst kata ka\u00e7\u0131p gazdan ve bo\u011fulmaktan kurtulmaya \u00e7al\u0131\u015ft\u0131. Bir meslekta\u015f\u0131m\u0131z sonradan hislerini \u201cKendimi Mad\u0131mak Oteli\u2019nde gibi hissettim\u201d diye tarif etti. Arkada\u015flar\u0131m\u0131z yaral\u0131larla birlikte tam bir saat bu gazla dolu ortamda \u00e7aresizlik i\u00e7inde beklediler. O s\u0131rada i\u00e7eride TTB ve ATO y\u00f6neticileri, T\u00fcrk Di\u015fhekimleri Birli\u011fi \u00fcyeleri ve milletvekilleri, Barolar Birli\u011fi Ba\u015fkan\u0131 da vard\u0131.<\/span><\/p>\n<p style=\"background-position: initial initial; background-repeat: initial initial;\"><span style=\"font-size: 11.0pt; font-family: &quot;Calibri&quot;,&quot;sans-serif&quot;; mso-ascii-theme-font: minor-latin; mso-hansi-theme-font: minor-latin; mso-bidi-theme-font: minor-latin; color: #222222;\">Bu t\u00fcrden bir sald\u0131r\u0131 hi\u00e7bir gerek\u00e7eyle a\u00e7\u0131klanamaz, makul g\u00f6sterilemez, burada \u201cama\u201dlar ge\u00e7mez. Sald\u0131r\u0131y\u0131 \u015fiddetle protesto ediyoruz.<\/span><\/p>\n<p style=\"background-position: initial initial; background-repeat: initial initial;\"><span style=\"font-size: 11.0pt; font-family: &quot;Calibri&quot;,&quot;sans-serif&quot;; mso-ascii-theme-font: minor-latin; mso-hansi-theme-font: minor-latin; mso-bidi-theme-font: minor-latin; color: #222222;\">Uluslararas\u0131 hukuk \u00e7ok a\u00e7\u0131kt\u0131r. D\u00fcnya Tabipleri Birli\u011fi\u2019nin bu konudaki g\u00f6r\u00fc\u015f\u00fc \u00e7ok a\u00e7\u0131kt\u0131r. Uluslararas\u0131 \u0130nsanc\u0131l Hukuk \u00e7ok a\u00e7\u0131kt\u0131r. Asl\u0131nda bunlar\u0131n hi\u00e7birine gerek yok; vicdan yeter! Yetmeli!<\/span><\/p>\n<p style=\"background-position: initial initial; background-repeat: initial initial;\"><span style=\"font-size: 11.0pt; font-family: &quot;Calibri&quot;,&quot;sans-serif&quot;; mso-ascii-theme-font: minor-latin; mso-hansi-theme-font: minor-latin; mso-bidi-theme-font: minor-latin; color: #222222;\">Ne t\u00fcrden olursa olsun hi\u00e7bir \u00e7at\u0131\u015fma ortam\u0131nda hi\u00e7bir \u015fekilde sa\u011fl\u0131k birimlerine, sa\u011fl\u0131k personeline, sa\u011fl\u0131k ara\u00e7lar\u0131na m\u00fcdahale edilemez.<\/span><\/p>\n<p style=\"background-position: initial initial; background-repeat: initial initial;\"><span style=\"font-size: 11.0pt; font-family: &quot;Calibri&quot;,&quot;sans-serif&quot;; mso-ascii-theme-font: minor-latin; mso-hansi-theme-font: minor-latin; mso-bidi-theme-font: minor-latin; color: #222222;\">D\u00fcn Ankara polisi yaral\u0131lar\u0131n tedavisini engelleyerek, geciktirerek, sa\u011fl\u0131k personelinin her \u015fartta yapmakla y\u00fck\u00fcml\u00fc olduklar\u0131 acil t\u0131bbi hizmet verme y\u00fck\u00fcml\u00fcl\u00fc\u011f\u00fcn\u00fc kesintiye u\u011fratarak, hepsinden \u00f6te bir toplu katliamla sonu\u00e7lanabilecek kadar kontrols\u00fcz ve sorumsuz davranarak a\u00e7\u0131k bir su\u00e7 i\u015flemi\u015ftir.<\/span><\/p>\n<p style=\"background-position: initial initial; background-repeat: initial initial;\"><span style=\"font-size: 11.0pt; font-family: &quot;Calibri&quot;,&quot;sans-serif&quot;; mso-ascii-theme-font: minor-latin; mso-hansi-theme-font: minor-latin; mso-bidi-theme-font: minor-latin; color: #222222;\">Bu sald\u0131r\u0131lar\u0131 k\u0131n\u0131yoruz. Bu sald\u0131r\u0131n\u0131n sorumlusu birinci derecede H\u00fck\u00fcmet ve onun \u0130\u00e7i\u015fleri Bakan\u0131\u2019d\u0131r. Sorumlular\u0131n bu sald\u0131r\u0131lar\u0131n hesab\u0131n\u0131 vermesi gerekir.<\/span><\/p>\n<p style=\"background-position: initial initial; background-repeat: initial initial;\"><span style=\"font-size: 11.0pt; font-family: &quot;Calibri&quot;,&quot;sans-serif&quot;; mso-ascii-theme-font: minor-latin; mso-hansi-theme-font: minor-latin; mso-bidi-theme-font: minor-latin; color: #222222;\">Mesleklerinin gere\u011fini yerine getirmek i\u00e7in sa\u011fl\u0131k birimlerinde bulunan ve \u015fu anda g\u00f6zalt\u0131nda olan t\u00fcm sa\u011fl\u0131k personeli ve \u00f6\u011frenciler derhal serbest b\u0131rak\u0131lmal\u0131d\u0131r. B\u00f6yle rezalet olmaz!<\/span><\/p>\n<p style=\"background-position: initial initial; background-repeat: initial initial;\"><strong><span style=\"font-size: 11.0pt; font-family: &quot;Calibri&quot;,&quot;sans-serif&quot;; mso-ascii-theme-font: minor-latin; mso-hansi-theme-font: minor-latin; mso-bidi-theme-font: minor-latin; color: #222222;\">T\u00fcrk Tabipleri Birli\u011fi<\/span><\/strong><span style=\"font-size: 11.0pt; font-family: &quot;Calibri&quot;,&quot;sans-serif&quot;; mso-ascii-theme-font: minor-latin; mso-hansi-theme-font: minor-latin; mso-bidi-theme-font: minor-latin; color: #222222;\"><\/span><\/p>\n<p style=\"background-position: initial initial; background-repeat: initial initial;\"><strong><span style=\"font-size: 11.0pt; font-family: &quot;Calibri&quot;,&quot;sans-serif&quot;; mso-ascii-theme-font: minor-latin; mso-hansi-theme-font: minor-latin; mso-bidi-theme-font: minor-latin; color: #222222;\">T\u00fcrk Di\u015f Hekimleri Birli\u011fi<\/span><\/strong><span style=\"font-size: 11.0pt; font-family: &quot;Calibri&quot;,&quot;sans-serif&quot;; mso-ascii-theme-font: minor-latin; mso-hansi-theme-font: minor-latin; mso-bidi-theme-font: minor-latin; color: #222222;\"><\/span><\/p>\n<p style=\"background-position: initial initial; background-repeat: initial initial;\"><strong><span style=\"font-size: 11.0pt; font-family: &quot;Calibri&quot;,&quot;sans-serif&quot;; mso-ascii-theme-font: minor-latin; mso-hansi-theme-font: minor-latin; mso-bidi-theme-font: minor-latin; color: #222222;\">Ankara Tabip Odas\u0131<\/span><\/strong><span style=\"font-size: 11.0pt; font-family: &quot;Calibri&quot;,&quot;sans-serif&quot;; mso-ascii-theme-font: minor-latin; mso-hansi-theme-font: minor-latin; mso-bidi-theme-font: minor-latin; color: #222222;\"><\/span><\/p>\n<p style=\"background-position: initial initial; background-repeat: initial initial;\"><strong><span style=\"font-size: 11.0pt; font-family: &quot;Calibri&quot;,&quot;sans-serif&quot;; mso-ascii-theme-font: minor-latin; mso-hansi-theme-font: minor-latin; mso-bidi-theme-font: minor-latin; color: #222222;\">Sa\u011fl\u0131k ve Sosyal Hizmet Emek\u00e7ileri Sendikas\u0131<\/span><\/strong><span style=\"font-size: 11.0pt; font-family: &quot;Calibri&quot;,&quot;sans-serif&quot;; mso-ascii-theme-font: minor-latin; mso-hansi-theme-font: minor-latin; mso-bidi-theme-font: minor-latin; color: #222222;\"><\/span><\/p>\n<p style=\"background-position: initial initial; background-repeat: initial initial;\"><strong><span style=\"font-size: 11.0pt; font-family: &quot;Calibri&quot;,&quot;sans-serif&quot;; mso-ascii-theme-font: minor-latin; mso-hansi-theme-font: minor-latin; mso-bidi-theme-font: minor-latin; color: #222222;\">T\u00fcrkiye Psikiyatri Derne\u011fi<\/span><\/strong><span style=\"font-size: 11.0pt; font-family: &quot;Calibri&quot;,&quot;sans-serif&quot;; mso-ascii-theme-font: minor-latin; mso-hansi-theme-font: minor-latin; mso-bidi-theme-font: minor-latin; color: #222222;\"><\/span><\/p>\n<p>\u00a0<\/p>\n<p class=\"MsoNormal\">\u00a0<\/p>\n","protected":false},"excerpt":{"rendered":"<p>03 Haziran 2013 Ankara\u2019da Gaz Odalar\u0131! Sava\u015fta bile yap\u0131lmaz! Sa\u011fl\u0131k Hizmeti Verenler G\u00f6zalt\u0131na Al\u0131nd\u0131 D\u00fcn ak\u015fam saatlerinde (2 Haziran) Ankara\u2019da&#46;&#46;&#46;<\/p>\n","protected":false},"author":1,"featured_media":0,"comment_status":"closed","ping_status":"closed","sticky":false,"template":"","format":"standard","meta":{"_jetpack_memberships_contains_paid_content":false,"footnotes":""},"categories":[1],"tags":[],"class_list":["post-3805","post","type-post","status-publish","format-standard","hentry","category-ced"],"aioseo_notices":[],"jetpack_featured_media_url":"","jetpack_sharing_enabled":true,"jetpack-related-posts":[],"_links":{"self":[{"href":"http:\/\/www.ced.org.tr\/index.php?rest_route=\/wp\/v2\/posts\/3805","targetHints":{"allow":["GET"]}}],"collection":[{"href":"http:\/\/www.ced.org.tr\/index.php?rest_route=\/wp\/v2\/posts"}],"about":[{"href":"http:\/\/www.ced.org.tr\/index.php?rest_route=\/wp\/v2\/types\/post"}],"author":[{"embeddable":true,"href":"http:\/\/www.ced.org.tr\/index.php?rest_route=\/wp\/v2\/users\/1"}],"replies":[{"embeddable":true,"href":"http:\/\/www.ced.org.tr\/index.php?rest_route=%2Fwp%2Fv2%2Fcomments&post=3805"}],"version-history":[{"count":0,"href":"http:\/\/www.ced.org.tr\/index.php?rest_route=\/wp\/v2\/posts\/3805\/revisions"}],"wp:attachment":[{"href":"http:\/\/www.ced.org.tr\/index.php?rest_route=%2Fwp%2Fv2%2Fmedia&parent=3805"}],"wp:term":[{"taxonomy":"category","embeddable":true,"href":"http:\/\/www.ced.org.tr\/index.php?rest_route=%2Fwp%2Fv2%2Fcategories&post=3805"},{"taxonomy":"post_tag","embeddable":true,"href":"http:\/\/www.ced.org.tr\/index.php?rest_route=%2Fwp%2Fv2%2Ftags&post=3805"}],"curies":[{"name":"wp","href":"https:\/\/api.w.org\/{rel}","templated":true}]}}