{"id":3806,"date":"2013-06-03T23:51:45","date_gmt":"2013-06-03T20:51:45","guid":{"rendered":"http:\/\/www.ced.org.tr\/?p=3806"},"modified":"2013-06-03T23:51:45","modified_gmt":"2013-06-03T20:51:45","slug":"saglik-calisanlari-taksimi-savunanlarin-yanindadir-yaninda-olacaktir","status":"publish","type":"post","link":"http:\/\/www.ced.org.tr\/?p=3806","title":{"rendered":"Sa\u011fl\u0131k \u00c7al\u0131\u015fanlar\u0131 Taksim&#8217;i Savunanlar\u0131n Yan\u0131ndad\u0131r, Yan\u0131nda Olacakt\u0131r&#8230;.!"},"content":{"rendered":"<p><span style=\"color: #222222;\">01 Haziran 2013 <\/span><\/p>\n<p class=\"MsoNormal\" style=\"background-position: initial initial; background-repeat: initial initial;\"><span style=\"mso-bidi-font-size: 12.0pt; mso-fareast-font-family: &quot;Times New Roman&quot;; mso-bidi-font-family: Calibri; mso-bidi-theme-font: minor-latin; color: #222222; mso-fareast-language: TR;\">Sa\u011fl\u0131k alan\u0131ndaki emek ve meslek \u00f6rg\u00fctleri Taksim Gezi Park\u0131&#8217;nda ve sonras\u0131nda t\u00fcm T\u00fcrkiye&#8217;de ya\u015fananlara dair bir bas\u0131n a\u00e7\u0131klamas\u0131 yaparak antidemokratik uygulamalar\u0131, biber gaz\u0131n\u0131n f\u00fctursuzca kullan\u0131m\u0131n\u0131, polis \u015fiddetini protesto ettiler.<\/span><\/p>\n<p class=\"MsoNormal\" style=\"background-position: initial initial; background-repeat: initial initial;\"><span style=\"mso-bidi-font-size: 12.0pt; mso-fareast-font-family: &quot;Times New Roman&quot;; mso-bidi-font-family: Calibri; mso-bidi-theme-font: minor-latin; color: #222222; mso-fareast-language: TR;\"> <\/span><\/p>\n<p class=\"MsoNormal\" style=\"text-align: center; background-position: initial initial; background-repeat: initial initial;\" align=\"center\"><strong><em><span style=\"mso-bidi-font-size: 12.0pt; mso-fareast-font-family: &quot;Times New Roman&quot;; mso-bidi-font-family: Calibri; mso-bidi-theme-font: minor-latin; color: #222222; mso-fareast-language: TR;\">SA\u011eLIK \u00c7ALI\u015eANLARI TAKS\u0130M\u2019\u0130 SAVUNANLARIN YANINDADIR,\u00a0 YANINDA OLACAKTIR\u2026.!<\/p>\n<p><\/span><\/em><\/strong><span style=\"mso-bidi-font-size: 12.0pt; mso-fareast-font-family: &quot;Times New Roman&quot;; mso-bidi-font-family: Calibri; mso-bidi-theme-font: minor-latin; color: #222222; mso-fareast-language: TR;\"><\/span><\/p>\n<p class=\"MsoNormal\" style=\"background-position: initial initial; background-repeat: initial initial;\"><span style=\"mso-bidi-font-size: 12.0pt; mso-fareast-font-family: &quot;Times New Roman&quot;; mso-bidi-font-family: Calibri; mso-bidi-theme-font: minor-latin; color: #222222; mso-fareast-language: TR;\">AKP,\u00a0 \u201c<strong><em>ileri demokrasi<\/em><\/strong>\u201d s\u00f6ylemi arkas\u0131na gizledi\u011fi\u00a0<strong><em>gerici-bask\u0131c\u0131-fa\u015fist<\/em><\/strong> y\u00fcz\u00fcn\u00fc Taksim\u2019de g\u00f6steriyor. Her yer Taksim diyerek suyuna, ye\u015filine, meydan\u0131na..\u00a0 \u00fclkesine sahip \u00e7\u0131kan herkese sald\u0131r\u0131yor.\u00a0<strong><em>Taksim\u2019i\u00a0 Sermaye\u2019nin ihtiya\u00e7lar\u0131na g\u00f6re rant alan\u0131na \u00e7eviren uygulamaya kar\u015f\u0131 direnenlere ac\u0131mas\u0131zca sald\u0131r\u0131yor. Bilan\u00e7o; binlerce yaral\u0131, y\u00fczlerce g\u00f6zalt\u0131.<\/em><\/strong><\/span><\/p>\n<p class=\"MsoNormal\" style=\"background-position: initial initial; background-repeat: initial initial;\"><span style=\"mso-bidi-font-size: 12.0pt; mso-fareast-font-family: &quot;Times New Roman&quot;; mso-bidi-font-family: Calibri; mso-bidi-theme-font: minor-latin; color: #222222; mso-fareast-language: TR;\">Bizler ;\u00a0<strong><em>Sa\u011fl\u0131k Emek ve Meslek \u00f6rg\u00fctleri<\/em><\/strong> olarak ad\u0131na \u201c<strong><em>ileri demokrasi<\/em><\/strong>\u201d\u00a0 dedikleri, halk\u0131n kar\u015f\u0131s\u0131nda olan bu y\u00f6netim tarz\u0131n\u0131 \u015fiddetle k\u0131n\u0131yoruz.<\/span><\/p>\n<p class=\"MsoNormal\" style=\"background-position: initial initial; background-repeat: initial initial;\"><span style=\"mso-bidi-font-size: 12.0pt; mso-fareast-font-family: &quot;Times New Roman&quot;; mso-bidi-font-family: Calibri; mso-bidi-theme-font: minor-latin; color: #222222; mso-fareast-language: TR;\">Defalarca Biber Gaz\u0131\u2019n\u0131n insan sa\u011fl\u0131\u011f\u0131na zararlar\u0131n\u0131 kamuoyuyla payla\u015ft\u0131k;<\/span><\/p>\n<p class=\"MsoNormal\" style=\"margin-left: 47.25pt; text-indent: -18pt; background-position: initial initial; background-repeat: initial initial;\"><!--[if !supportLists]--><span style=\"font-size: 10.0pt; mso-bidi-font-size: 12.0pt; font-family: Symbol; mso-fareast-font-family: Symbol; mso-bidi-font-family: Symbol; color: #222222; mso-fareast-language: TR;\">\u00b7<span style=\"font-size: 7pt; font-family: 'Times New Roman';\"> <\/span><\/span><!--[endif]--><span style=\"mso-bidi-font-size: 12.0pt; mso-fareast-font-family: &quot;Times New Roman&quot;; mso-bidi-font-family: Calibri; mso-bidi-theme-font: minor-latin; color: #222222; mso-fareast-language: TR;\">Yalova\u2019da biber gaz\u0131 nedeniyle ya\u015fam\u0131n\u0131 yitiren \u00c7ayan B\u0130RBEN\u2019in \u00f6l\u00fcm\u00fcn\u00fcn \u00fczerinden hen\u00fcz bir y\u0131l ge\u00e7ti,<\/span><\/p>\n<p class=\"MsoNormal\" style=\"margin-left: 47.25pt; text-indent: -18pt; background-position: initial initial; background-repeat: initial initial;\"><!--[if !supportLists]--><span style=\"font-size: 10.0pt; mso-bidi-font-size: 12.0pt; font-family: Symbol; mso-fareast-font-family: Symbol; mso-bidi-font-family: Symbol; color: #222222; mso-fareast-language: TR;\">\u00b7<span style=\"font-size: 7pt; font-family: 'Times New Roman';\"> <\/span><\/span><!--[endif]--><span style=\"mso-bidi-font-size: 12.0pt; mso-fareast-font-family: &quot;Times New Roman&quot;; mso-bidi-font-family: Calibri; mso-bidi-theme-font: minor-latin; color: #222222; mso-fareast-language: TR;\">D\u00fcn, 31 May\u0131s 2011 g\u00fcn\u00fc ayn\u0131 nedenle ya\u015fam\u0131n\u0131 yitiren Metin LOKUMCU\u2019nun \u00f6l\u00fcm y\u0131ld\u00f6n\u00fcm\u00fcyd\u00fc,<\/span><\/p>\n<p class=\"MsoNormal\" style=\"margin-left: 47.25pt; text-indent: -18pt; background-position: initial initial; background-repeat: initial initial;\"><!--[if !supportLists]--><span style=\"font-size: 10.0pt; mso-bidi-font-size: 12.0pt; font-family: Symbol; mso-fareast-font-family: Symbol; mso-bidi-font-family: Symbol; color: #222222; mso-fareast-language: TR;\">\u00b7<span style=\"font-size: 7pt; font-family: 'Times New Roman';\"> <\/span><\/span><!--[endif]--><span style=\"mso-bidi-font-size: 12.0pt; mso-fareast-font-family: &quot;Times New Roman&quot;; mso-bidi-font-family: Calibri; mso-bidi-theme-font: minor-latin; color: #222222; mso-fareast-language: TR;\">12 Haziran 2011 se\u00e7imlerinden sonra se\u00e7im zaferi kutlamalar\u0131na m\u00fcdahale eden g\u00fcvenlik g\u00fc\u00e7lerinin \u015e\u0131rnak\u2019ta gaz kullanmas\u0131 sonucu yitirilen Hatice \u0130D\u0130N\u00a0 de ak\u0131llardad\u0131r,<\/span><\/p>\n<p class=\"MsoNormal\" style=\"margin-left: 47.25pt; text-indent: -18pt; background-position: initial initial; background-repeat: initial initial;\"><!--[if !supportLists]--><span style=\"font-size: 10.0pt; mso-bidi-font-size: 12.0pt; font-family: Symbol; mso-fareast-font-family: Symbol; mso-bidi-font-family: Symbol; color: #222222; mso-fareast-language: TR;\">\u00b7<span style=\"font-size: 7pt; font-family: 'Times New Roman';\"> <\/span><\/span><!--[endif]--><span style=\"mso-bidi-font-size: 12.0pt; mso-fareast-font-family: &quot;Times New Roman&quot;; mso-bidi-font-family: Calibri; mso-bidi-theme-font: minor-latin; color: #222222; mso-fareast-language: TR;\">Keyfi, orant\u0131s\u0131z, halk\u0131n yo\u011fun kalabal\u0131klarla bulundu\u011fu yerler, kapal\u0131 yerler bir yana, hastanelere bile biber gaz\u0131yla sald\u0131r\u0131ld\u0131\u011f\u0131 g\u00fcnlerin \u00fczerinden de fazla zaman ge\u00e7medi.<\/span><\/p>\n<p class=\"MsoNormal\" style=\"background-position: initial initial; background-repeat: initial initial;\"><span style=\"mso-bidi-font-size: 12.0pt; mso-fareast-font-family: &quot;Times New Roman&quot;; mso-bidi-font-family: Calibri; mso-bidi-theme-font: minor-latin; color: #222222; mso-fareast-language: TR;\">1 May\u0131s g\u00fcn\u00fc ba\u015flayan ve Taksim\u2019i emek\u00e7ilere yasaklamay\u0131 hedefleyen uygulaman\u0131n bir par\u00e7as\u0131 be\u015f g\u00fcnd\u00fcr ya\u015fan\u0131yor.\u00a0<strong><em>Taksim Gezi Park\u0131\u2019n\u0131 AVM Rant\u0131 haline getirecek\u00a0 keyfi ve pervas\u0131z karara\u00a0 kar\u015f\u0131 verilen m\u00fccadele pervas\u0131zca sald\u0131r\u0131larla durdurulmaya \u00e7al\u0131\u015f\u0131l\u0131yor.<\/em><\/strong><\/span><\/p>\n<p class=\"MsoNormal\" style=\"background-position: initial initial; background-repeat: initial initial;\"><span style=\"mso-bidi-font-size: 12.0pt; mso-fareast-font-family: &quot;Times New Roman&quot;; mso-bidi-font-family: Calibri; mso-bidi-theme-font: minor-latin; color: #222222; mso-fareast-language: TR;\"> Belediye Ba\u015fkan\u0131n\u0131n ayr\u0131, Valinin ayr\u0131, Bakan\u0131n ayr\u0131 ve \u00e7eli\u015fkili konu\u015ftu\u011fu, haber kaynaklar\u0131n\u0131n engellendi\u011fi bir ileti\u015fimsiz d\u00f6nem ya\u015f\u0131yoruz.\u00a0\u00a0\u00a0<strong>Sa\u011fl\u0131k sistemini, sahibi oldu\u011fu \u00f6zel hastane gibi t\u00fcccar zihniyetiyle y\u00f6netmek \u00fczere g\u00f6rev verilen Sa\u011fl\u0131k Bakan\u0131 da pervas\u0131zca \u201c<em>hem devlete kar\u015f\u0131 gelip, hem ambulans istiyorlar<\/em>\u201d a\u00e7\u0131klamas\u0131 yap\u0131yor.<\/strong><\/span><\/p>\n<p class=\"MsoNormal\" style=\"background-position: initial initial; background-repeat: initial initial;\"><span style=\"mso-bidi-font-size: 12.0pt; mso-fareast-font-family: &quot;Times New Roman&quot;; mso-bidi-font-family: Calibri; mso-bidi-theme-font: minor-latin; color: #222222; mso-fareast-language: TR;\"> S\u00f6zde \u201c<strong><em>\u00f6zg\u00fcr medya<\/em><\/strong>\u201d inand\u0131r\u0131c\u0131l\u0131\u011f\u0131n\u0131 yitirdi\u011fi gibi, \u00fc\u00e7 maymunu oynuyor. Bu bas\u0131n k\u00f6rl\u00fc\u011f\u00fc halk\u0131n olaylar\u0131 yabanc\u0131 televizyonlardan izlemesine kadar vard\u0131r\u0131yor.<\/span><\/p>\n<p class=\"MsoNormal\" style=\"background-position: initial initial; background-repeat: initial initial;\"><span style=\"mso-bidi-font-size: 12.0pt; mso-fareast-font-family: &quot;Times New Roman&quot;; mso-bidi-font-family: Calibri; mso-bidi-theme-font: minor-latin; color: #222222; mso-fareast-language: TR;\">Yeri geldi\u011finde halk kelimesini a\u011fz\u0131ndan d\u00fc\u015f\u00fcrmeyenler,\u00a0 bug\u00fcn onlara ac\u0131mas\u0131zca sald\u0131r\u0131yor. Binlerce masum insan bundan pay\u0131na d\u00fc\u015feni\u00a0 al\u0131yor. Bunlar \u00fc\u00e7 be\u015f ki\u015finin provakasyonu\u2019dur\u00a0 s\u00f6ylemlerine de halk art\u0131k inanm\u0131yor, ya\u015f\u0131yor, g\u00f6r\u00fcyor.<\/span><\/p>\n<p class=\"MsoNormal\" style=\"background-position: initial initial; background-repeat: initial initial;\"><strong><em><span style=\"mso-bidi-font-size: 12.0pt; mso-fareast-font-family: &quot;Times New Roman&quot;; mso-bidi-font-family: Calibri; mso-bidi-theme-font: minor-latin; color: #222222; mso-fareast-language: TR;\">Sa\u011fl\u0131k Bakan\u0131\u2019na inat, sa\u011fl\u0131k \u00e7al\u0131\u015fanlar\u0131 Taksim\u2019i keyfi kararlarla ranta a\u00e7an anlay\u0131\u015fa kar\u015f\u0131 Taksim\u2019i savunanlar\u0131n yan\u0131ndad\u0131r ve Hekimi, Hem\u015firesi-Ebesi, hatta sa\u011fl\u0131k \u00f6\u011frencileriyle yaral\u0131lar\u0131n yan\u0131nda olmak i\u00e7in ko\u015fmaktad\u0131r.<\/span><\/em><\/strong><span style=\"mso-bidi-font-size: 12.0pt; mso-fareast-font-family: &quot;Times New Roman&quot;; mso-bidi-font-family: Calibri; mso-bidi-theme-font: minor-latin; color: #222222; mso-fareast-language: TR;\"><\/span><\/p>\n<p class=\"MsoNormal\" style=\"background-position: initial initial; background-repeat: initial initial;\"><span style=\"mso-bidi-font-size: 12.0pt; mso-fareast-font-family: &quot;Times New Roman&quot;; mso-bidi-font-family: Calibri; mso-bidi-theme-font: minor-latin; color: #222222; mso-fareast-language: TR;\">Bizler;\u00a0<strong><em>Sa\u011fl\u0131k Emek ve Meslek \u00d6rg\u00fctleri<\/em><\/strong> olarak, d\u00fcn oldu\u011fu gibi bug\u00fcn de, demokrasi\u00a0 isteyen halk\u0131n yan\u0131nday\u0131z.\u00a0 D\u00fcn oldu\u011fu gibi bug\u00fcn de halk\u0131n yaralar\u0131n\u0131 sarmaya derman olmaya devam edece\u011fiz. Taksim\u2019i savunmay\u0131 daha da b\u00fcy\u00fck bir kararl\u0131l\u0131kla s\u00fcrd\u00fcrece\u011fiz.<\/span><\/p>\n<p class=\"MsoNormal\" style=\"background-position: initial initial; background-repeat: initial initial;\"><span style=\"mso-bidi-font-size: 12.0pt; mso-fareast-font-family: &quot;Times New Roman&quot;; mso-bidi-font-family: Calibri; mso-bidi-theme-font: minor-latin; color: #222222; mso-fareast-language: TR;\">Bu b\u00f6yle bilinmeli ve halka y\u00f6nelik bu hunharca sald\u0131r\u0131dan vazge\u00e7ilmelidir. Bu sald\u0131r\u0131n\u0131n s\u00fcrd\u00fcr\u00fclmesi halinde sonu\u00e7lar\u0131na katlanacak olanlar\u0131n, buna neden olanlar olaca\u011f\u0131n\u0131, AKP H\u00fck\u00fcmeti olaca\u011f\u0131n\u0131 bir kez daha hat\u0131rlat\u0131yoruz.<\/span><\/p>\n<p class=\"MsoNormal\" style=\"background-position: initial initial; background-repeat: initial initial;\"><span style=\"mso-bidi-font-size: 12.0pt; mso-fareast-font-family: &quot;Times New Roman&quot;; mso-bidi-font-family: Calibri; mso-bidi-theme-font: minor-latin; color: #222222; mso-fareast-language: TR;\">TTB (T\u00fcrk Tabipleri Birli\u011fi)<\/span><\/p>\n<p class=\"MsoNormal\" style=\"background-position: initial initial; background-repeat: initial initial;\"><span style=\"mso-bidi-font-size: 12.0pt; mso-fareast-font-family: &quot;Times New Roman&quot;; mso-bidi-font-family: Calibri; mso-bidi-theme-font: minor-latin; color: #222222; mso-fareast-language: TR;\">TDB (T\u00fcrk Di\u015fhekimleri Birli\u011fi)<\/span><\/p>\n<p class=\"MsoNormal\" style=\"background-position: initial initial; background-repeat: initial initial;\"><span style=\"mso-bidi-font-size: 12.0pt; mso-fareast-font-family: &quot;Times New Roman&quot;; mso-bidi-font-family: Calibri; mso-bidi-theme-font: minor-latin; color: #222222; mso-fareast-language: TR;\">SES (Sa\u011fl\u0131k ve Sosyal Hizmet Emek\u00e7ileri Sendikas\u0131)<\/span><\/p>\n<p class=\"MsoNormal\" style=\"background-position: initial initial; background-repeat: initial initial;\"><span style=\"mso-bidi-font-size: 12.0pt; mso-fareast-font-family: &quot;Times New Roman&quot;; mso-bidi-font-family: Calibri; mso-bidi-theme-font: minor-latin; color: #222222; mso-fareast-language: TR;\">DEV SA\u011eLIK \u0130\u015e (Devrimci Sa\u011fl\u0131k \u0130\u015f\u00e7ileri Sendikas\u0131)<\/span><\/p>\n<p class=\"MsoNormal\" style=\"background-position: initial initial; background-repeat: initial initial;\"><span style=\"mso-bidi-font-size: 12.0pt; mso-fareast-font-family: &quot;Times New Roman&quot;; mso-bidi-font-family: Calibri; mso-bidi-theme-font: minor-latin; color: #222222; mso-fareast-language: TR;\">T\u00fcrk Ebeler Derne\u011fi<\/span><\/p>\n<p class=\"MsoNormal\" style=\"background-position: initial initial; background-repeat: initial initial;\"><span style=\"mso-bidi-font-size: 12.0pt; mso-fareast-font-family: &quot;Times New Roman&quot;; mso-bidi-font-family: Calibri; mso-bidi-theme-font: minor-latin; color: #222222; mso-fareast-language: TR;\">T\u00dcMRAD-DER (T\u00fcm Radyoloji Teknisyenleri\/Teknikerleri Derne\u011fi)<\/span><\/p>\n<p class=\"MsoNormal\" style=\"background-position: initial initial; background-repeat: initial initial;\"><span style=\"mso-bidi-font-size: 12.0pt; mso-fareast-font-family: &quot;Times New Roman&quot;; mso-bidi-font-family: Calibri; mso-bidi-theme-font: minor-latin; color: #222222; mso-fareast-language: TR;\">SHUD (Sosyal Hizmet Uzmanlar\u0131 Derne\u011fi)<\/span><\/p>\n<p class=\"MsoNormal\" style=\"background-position: initial initial; background-repeat: initial initial;\"><span style=\"mso-bidi-font-size: 12.0pt; mso-fareast-font-family: &quot;Times New Roman&quot;; mso-bidi-font-family: Calibri; mso-bidi-theme-font: minor-latin; color: #222222; mso-fareast-language: TR;\">T\u00fcrk Psikologlar Derne\u011fi<\/span><\/p>\n<p class=\"MsoNormal\" style=\"background-position: initial initial; background-repeat: initial initial;\"><span style=\"mso-bidi-font-size: 12.0pt; mso-fareast-font-family: &quot;Times New Roman&quot;; mso-bidi-font-family: Calibri; mso-bidi-theme-font: minor-latin; color: #222222; mso-fareast-language: TR;\">TMRT DER (T\u00fcrk Medikal Radyoteknoloji Teknisyenleri Derne\u011fi)<\/span><\/p>\n<p class=\"MsoNormal\" style=\"background-position: initial initial; background-repeat: initial initial;\"><span style=\"mso-bidi-font-size: 12.0pt; mso-fareast-font-family: &quot;Times New Roman&quot;; mso-bidi-font-family: Calibri; mso-bidi-theme-font: minor-latin; color: #222222; mso-fareast-language: TR;\">S\u00d6ZSEN (Sa\u011fl\u0131k \u00c7al\u0131\u015fanlar\u0131n\u0131n S\u00f6z\u00fc Sendikas\u0131)<\/span><\/p>\n<p class=\"MsoNormal\"><span style=\"mso-bidi-font-size: 12.0pt; line-height: 115%; mso-bidi-font-family: Calibri; mso-bidi-theme-font: minor-latin;\"> <\/span><\/p>\n","protected":false},"excerpt":{"rendered":"<p>01 Haziran 2013 Sa\u011fl\u0131k alan\u0131ndaki emek ve meslek \u00f6rg\u00fctleri Taksim Gezi Park\u0131&#8217;nda ve sonras\u0131nda t\u00fcm T\u00fcrkiye&#8217;de ya\u015fananlara dair bir bas\u0131n&#46;&#46;&#46;<\/p>\n","protected":false},"author":1,"featured_media":0,"comment_status":"closed","ping_status":"closed","sticky":false,"template":"","format":"standard","meta":{"_jetpack_memberships_contains_paid_content":false,"footnotes":""},"categories":[1],"tags":[],"class_list":["post-3806","post","type-post","status-publish","format-standard","hentry","category-ced"],"aioseo_notices":[],"jetpack_featured_media_url":"","jetpack_sharing_enabled":true,"jetpack-related-posts":[],"_links":{"self":[{"href":"http:\/\/www.ced.org.tr\/index.php?rest_route=\/wp\/v2\/posts\/3806","targetHints":{"allow":["GET"]}}],"collection":[{"href":"http:\/\/www.ced.org.tr\/index.php?rest_route=\/wp\/v2\/posts"}],"about":[{"href":"http:\/\/www.ced.org.tr\/index.php?rest_route=\/wp\/v2\/types\/post"}],"author":[{"embeddable":true,"href":"http:\/\/www.ced.org.tr\/index.php?rest_route=\/wp\/v2\/users\/1"}],"replies":[{"embeddable":true,"href":"http:\/\/www.ced.org.tr\/index.php?rest_route=%2Fwp%2Fv2%2Fcomments&post=3806"}],"version-history":[{"count":0,"href":"http:\/\/www.ced.org.tr\/index.php?rest_route=\/wp\/v2\/posts\/3806\/revisions"}],"wp:attachment":[{"href":"http:\/\/www.ced.org.tr\/index.php?rest_route=%2Fwp%2Fv2%2Fmedia&parent=3806"}],"wp:term":[{"taxonomy":"category","embeddable":true,"href":"http:\/\/www.ced.org.tr\/index.php?rest_route=%2Fwp%2Fv2%2Fcategories&post=3806"},{"taxonomy":"post_tag","embeddable":true,"href":"http:\/\/www.ced.org.tr\/index.php?rest_route=%2Fwp%2Fv2%2Ftags&post=3806"}],"curies":[{"name":"wp","href":"https:\/\/api.w.org\/{rel}","templated":true}]}}