{"id":3807,"date":"2013-06-03T23:53:32","date_gmt":"2013-06-03T20:53:32","guid":{"rendered":"http:\/\/www.ced.org.tr\/?p=3807"},"modified":"2013-06-03T23:53:32","modified_gmt":"2013-06-03T20:53:32","slug":"gezi-ofkesi-dunya-basininda","status":"publish","type":"post","link":"http:\/\/www.ced.org.tr\/?p=3807","title":{"rendered":"&#8216;Gezi&#8217; \u00f6fkesi d\u00fcnya bas\u0131n\u0131nda"},"content":{"rendered":"<p class=\"MsoNormal\" style=\"background-position: initial initial; background-repeat: initial initial;\"><span style=\"color: #222222;\">&#8220;Gezi&#8221; eylemlerinin hafta sonu t\u00fcm T\u00fcrkiye&#8217;ye yay\u0131lmas\u0131 d\u00fcnya bas\u0131n\u0131nda geni\u015f yank\u0131 bulmaya devam ediyor. Financial Times, \u00fclke genelindeki eylemlere ra\u011fmen Erdo\u011fan&#8217;\u0131n g\u00f6stericileri &#8220;\u00e7apulcu, Twitter&#8217;\u0131 &#8220;ba\u015f belas\u0131&#8221; ve i\u00e7ki i\u00e7enleri &#8220;alkolik&#8221; olarak nitelendirdi\u011fini yazd\u0131.<\/span><\/p>\n<p class=\"MsoNormal\" style=\"background-position: initial initial; background-repeat: initial initial;\"><strong><span style=\"mso-fareast-font-family: &quot;Times New Roman&quot;; mso-bidi-font-family: Calibri; mso-bidi-theme-font: minor-latin; color: #222222; mso-fareast-language: TR;\">FINANCIAL TIMES: K\u0130BR\u0130 ERDO\u011eAN&#8217;I TEHD\u0130T ED\u0130YOR<\/p>\n<p><\/span><\/strong><\/p>\n<p class=\"MsoNormal\" style=\"background-position: initial initial; background-repeat: initial initial;\"><span style=\"mso-fareast-font-family: &quot;Times New Roman&quot;; mso-bidi-font-family: Calibri; mso-bidi-theme-font: minor-latin; color: #222222; mso-fareast-language: TR;\">Kibrin Erdo\u011fan&#8217;\u0131 tehdit etmeye ba\u015flad\u0131\u011f\u0131n\u0131 savunan Financial Times yazar\u0131 David Gardner, \u201cMuhalifleri Erdo\u011fan&#8217;\u0131n Yeni Osmanl\u0131padi\u015fah\u0131 olmak istedi\u011fini s\u00f6yl\u00fcyor. Ama firavun daha uygun. Zira, onlarca y\u0131l \u00f6ncesinin m\u00fccahitleri bug\u00fcn m\u00fcteahhitler oldu<\/span><\/p>\n<p class=\"MsoNormal\" style=\"background-position: initial initial; background-repeat: initial initial;\"><strong><span style=\"mso-fareast-font-family: &quot;Times New Roman&quot;; mso-bidi-font-family: Calibri; mso-bidi-theme-font: minor-latin; color: #222222; mso-fareast-language: TR;\">TELEGRAPH: EYLEMC\u0130LER GEN\u00c7 VE LA\u0130K<\/span><\/strong><\/p>\n<p class=\"MsoNormal\" style=\"background-position: initial initial; background-repeat: initial initial;\"><span style=\"mso-fareast-font-family: &quot;Times New Roman&quot;; mso-bidi-font-family: Calibri; mso-bidi-theme-font: minor-latin; color: #222222; mso-fareast-language: TR;\">\u0130ngiliz Telegraph&#8217;\u0131n ba\u015fyaz\u0131s\u0131nda ise Erdo\u011fan&#8217;\u0131n protestolara kulak vermesi gerekti\u011fi belirtilerek \u015fu g\u00f6r\u00fc\u015f savunuldu: &#8220;Erdo\u011fan&#8217;\u0131n partisi ikisi a\u00e7\u0131k farkla \u00fc\u00e7 se\u00e7im kazand\u0131 ve ekonomik b\u00fcy\u00fcme sa\u011flad\u0131. Ama bu protestolar durup dururken ortaya \u00e7\u0131kmad\u0131. Erdo\u011fan&#8217;\u0131n partisinin \u0130slami e\u011filimi giderek artan bir \u015fekilde Atat\u00fcrk&#8217;\u00fcn 90 y\u0131l \u00f6nce kurdu\u011fu laik cumhuriyetle ayr\u0131\u015f\u0131yor. Ba\u015fbakan halka \u00fc\u00e7ten fazla \u00e7ocuk yapmalar\u0131n\u0131, i\u00e7enlerin alkolik oldu\u011funu s\u00f6yleyince ve alkol sat\u0131\u015f\u0131n\u0131 s\u0131n\u0131rland\u0131r\u0131nca insanlar do\u011fal olarak niyetlerini sorgulamaya ba\u015flad\u0131<\/span><\/p>\n<p class=\"MsoNormal\" style=\"background-position: initial initial; background-repeat: initial initial;\"><span style=\"mso-fareast-font-family: &quot;Times New Roman&quot;; mso-bidi-font-family: Calibri; mso-bidi-theme-font: minor-latin; color: #222222; mso-fareast-language: TR;\">INDEPENDENT: ARAP BAHARI&#8217;YLA BENZERL\u0130K YOK<\/span><\/p>\n<p class=\"MsoNormal\" style=\"background-position: initial initial; background-repeat: initial initial;\"><span style=\"mso-fareast-font-family: &quot;Times New Roman&quot;; mso-bidi-font-family: Calibri; mso-bidi-theme-font: minor-latin; color: #222222; mso-fareast-language: TR;\">Independent ba\u015fyaz\u0131s\u0131nda \u015fu g\u00f6r\u00fc\u015f\u00fc dile getirdi: &#8220;T\u00fcrkiye&#8217;de demokratik yollarla se\u00e7ilmi\u015f, askeri darbe d\u00f6ng\u00fcs\u00fcn\u00fc k\u0131rm\u0131\u015f ve ekonomik refah\u0131 sa\u011flam\u0131\u015f bir h\u00fck\u00fcmet var. Asl\u0131nda bir\u00e7ok a\u00e7\u0131dan g\u00f6steriler halk\u0131n polis ya da askerin tepkisinden art\u0131k korkmad\u0131\u011f\u0131n\u0131 g\u00f6stermesi a\u00e7\u0131s\u0131ndan sa\u011fl\u0131kl\u0131 bir i\u015faret. Ama K\u00fcrt toplumuyla uzla\u015fma s\u00fcrecini ba\u015flatan Erdo\u011fan, daha bask\u0131c\u0131 olmaya ba\u015flad\u0131. Suriye politikas\u0131 destek g\u00f6rm\u00fcyor. Alkol sat\u0131\u015f\u0131na getirilen yeni s\u0131n\u0131rlamayla toplumun \u0130slamla\u015ft\u0131r\u0131lmas\u0131 kayg\u0131s\u0131 da art\u0131yor.&#8221;<\/span><\/p>\n<p class=\"MsoNormal\" style=\"background-position: initial initial; background-repeat: initial initial;\"><strong><span style=\"mso-fareast-font-family: &quot;Times New Roman&quot;; mso-bidi-font-family: Calibri; mso-bidi-theme-font: minor-latin; color: #222222; mso-fareast-language: TR;\">TIMES: \u0130NG\u0130L\u0130Z VATANDA\u015eLARINA UYARI<\/span><\/strong><\/p>\n<p class=\"MsoNormal\" style=\"background-position: initial initial; background-repeat: initial initial;\"><span style=\"mso-fareast-font-family: &quot;Times New Roman&quot;; mso-bidi-font-family: Calibri; mso-bidi-theme-font: minor-latin; color: #222222; mso-fareast-language: TR;\">\u0130ngiliz Times gazetesi de, &#8220;Gezi&#8221; protestolar\u0131n\u0131n T\u00fcrkiye geneline yay\u0131ld\u0131\u011f\u0131na dikkat \u00e7ekerek, \u0130ngiliz tur operat\u00f6rlerinin T\u00fcrkiye&#8217;ye gidecek \u0130ngiliz vatanda\u015flar\u0131na protestolar\u0131n yap\u0131ld\u0131\u011f\u0131 b\u00f6lgelerden uzak durmas\u0131 \u00e7a\u011fr\u0131s\u0131nda bulundu\u011funu ifade etti.<\/span><\/p>\n<p class=\"MsoNormal\" style=\"background-position: initial initial; background-repeat: initial initial;\"><strong><span style=\"mso-fareast-font-family: &quot;Times New Roman&quot;; mso-bidi-font-family: Calibri; mso-bidi-theme-font: minor-latin; color: #222222; mso-fareast-language: TR;\">GUARDIAN: ERDO\u011eAN SOSYAL MEDYAYI SU\u00c7LADI<\/span><\/strong><\/p>\n<p class=\"MsoNormal\" style=\"background-position: initial initial; background-repeat: initial initial;\"><span style=\"mso-fareast-font-family: &quot;Times New Roman&quot;; mso-bidi-font-family: Calibri; mso-bidi-theme-font: minor-latin; color: #222222; mso-fareast-language: TR;\">Guardian haberinde \u00f6zetle \u015fu g\u00f6r\u00fc\u015f dile getirdi: &#8220;Erdo\u011fan, tart\u0131\u015fmal\u0131 kent planlamas\u0131 projesini devam ettirece\u011fini s\u00f6ylerken, polisle iki g\u00fcnden fazlad\u0131r s\u00fcren \u00e7at\u0131\u015fmalar\u0131n ard\u0131ndan binlerce protestocu Taksim Meydan\u0131\u2019nda kontrol\u00fc ele ge\u00e7irdi. Protestocular i\u00e7in \u2018\u00e7apulcu\u2019 ifadesini kullanan Erdo\u011fan, CHP\u2019yi protestocular\u0131 provoke etmekle su\u00e7lad\u0131. Erdo\u011fan, \u201cT\u00fcm sokaklarda direni\u015f \u00e7a\u011fr\u0131s\u0131 yapan CHP protestolar\u0131 te\u015fvik ediyor\u201d dedi. Protestolardan Twitter\u2019\u0131 da sorumlu tutan Erdo\u011fan, \u201cYalan\u0131n en iyi \u00f6rneklerini Twitter\u2019da bulabilirsiniz. Sosyal medya topluma kar\u015f\u0131 en b\u00fcy\u00fck sorun\u201d ifadesini kulland\u0131<\/span><\/p>\n<p class=\"MsoNormal\" style=\"background-position: initial initial; background-repeat: initial initial;\"><strong><span style=\"mso-fareast-font-family: &quot;Times New Roman&quot;; mso-bidi-font-family: Calibri; mso-bidi-theme-font: minor-latin; color: #222222; mso-fareast-language: TR;\">LE FIGARO: T\u00dcRKLER OTOR\u0130TER SAPMALARA KAR\u015eI AYAKLANDI<\/span><\/strong><\/p>\n<p class=\"MsoNormal\" style=\"background-position: initial initial; background-repeat: initial initial;\"><span style=\"mso-fareast-font-family: &quot;Times New Roman&quot;; mso-bidi-font-family: Calibri; mso-bidi-theme-font: minor-latin; color: #222222; mso-fareast-language: TR;\">Frans\u0131z gazetesi Le Figaro \u015funlar\u0131 yazd\u0131: &#8220;Taksim meydan\u0131ndan polisin \u00e7ekilmesi emri bira tad\u0131nda oldu\u011fundan Ba\u015fbakan Recep Tayyip Erdo\u011fan&#8217;\u0131n a\u011fz\u0131n\u0131n tad\u0131n\u0131 bozmu\u015f olsa gerek. Cumartesi ak\u015fam\u0131 on binlerce T\u00fcrk genci \u00e7o\u011fu zaman ellerinde ulusal bira markas\u0131 Efes&#8217;in bir kutusu ile Taksim meydan\u0131na ak\u0131n etti. Sabah erken saatlere kadar zaferlerini kutlad\u0131lar. &#8216;Erdo\u011fan \u0130stifa&#8217; ard\u0131ndan en fazla at\u0131lan slogan &#8216;\u015eerefine Erdo\u011fan&#8217; oldu.&#8221;<\/span><\/p>\n<p class=\"MsoNormal\" style=\"background-position: initial initial; background-repeat: initial initial;\"><strong><span style=\"mso-fareast-font-family: &quot;Times New Roman&quot;; mso-bidi-font-family: Calibri; mso-bidi-theme-font: minor-latin; color: #222222; mso-fareast-language: TR;\">LIBERATION: T\u00dcRK\u0130YE: B\u0130R BAHAR HAVASI<\/span><\/strong><\/p>\n<p class=\"MsoNormal\" style=\"background-position: initial initial; background-repeat: initial initial;\"><span style=\"mso-fareast-font-family: &quot;Times New Roman&quot;; mso-bidi-font-family: Calibri; mso-bidi-theme-font: minor-latin; color: #222222; mso-fareast-language: TR;\">Frans\u0131z Liberation gazetesinin ba\u015fyaz\u0131s\u0131nda \u00f6zetle \u015fu g\u00f6r\u00fc\u015f payla\u015f\u0131ld\u0131: &#8220;&#8230;Hen\u00fcz bir T\u00fcrk bahar\u0131ndan s\u00f6z etmek i\u00e7in \u00e7ok erken, ancak bu hareket Ortado\u011fu&#8217;daki \u00e7e\u015fitli, kalk\u0131nm\u0131\u015f, d\u00fcnyan\u0131n geri kalan\u0131na a\u00e7\u0131k toplumlar\u0131n kendi \u00f6zg\u00fcrl\u00fck alanlar\u0131n\u0131 imha edecek bir \u0130slami c\u00fcppeyi kabul etmeye haz\u0131r olmad\u0131klar\u0131n\u0131n kan\u0131t\u0131d\u0131r. Erdo\u011fan i\u00e7in oldu\u011fu kadar, M\u0131s\u0131r&#8217;dan Fas ve Tunus&#8217;a kendini zorba bir \u0130slam&#8217;\u0131n temsilcisi olarak tan\u0131mlayan rejimler i\u00e7in de bir derstir.<\/span><\/p>\n<p class=\"MsoNormal\" style=\"background-position: initial initial; background-repeat: initial initial;\"><strong><span style=\"mso-fareast-font-family: &quot;Times New Roman&quot;; mso-bidi-font-family: Calibri; mso-bidi-theme-font: minor-latin; color: #222222; mso-fareast-language: TR;\">DIE WELT: ONUR KIRICI B\u0130 DENEY\u0130M DENED\u0130<\/span><\/strong><\/p>\n<p class=\"MsoNormal\" style=\"background-position: initial initial; background-repeat: initial initial;\"><span style=\"mso-fareast-font-family: &quot;Times New Roman&quot;; mso-bidi-font-family: Calibri; mso-bidi-theme-font: minor-latin; color: #222222; mso-fareast-language: TR;\">Alman Die Welt gazetesi &#8220;Gezi protestolar\u0131n\u0131 ilk haber olarak verdi. Gazete haber yorumda \u015fu g\u00f6r\u00fc\u015f\u00fc savundu: &#8220;Ba\u015far\u0131lardan \u015f\u0131marm\u0131\u015f Ba\u015fbakan Recep Tayyip Erdo\u011fan bug\u00fcne kadar ilk kez kendili\u011finden ba\u015flayan halk protestolar\u0131na boyun e\u011fmek zorunda kald\u0131. Dindar yeni bir gen\u00e7lik yaratmak istedi\u011fini s\u00f6yleyen Ba\u015fbakan, gen\u00e7leri anlam\u0131yor. Gelecekte kendi dindar gen\u00e7li\u011fi onun davran\u0131\u015flar\u0131na hayranl\u0131k duyabilir, ama g\u00fcn\u00fcm\u00fcz gen\u00e7li\u011fi onun \u00f6\u011freti ve k\u0131s\u0131tlamalar\u0131ndan b\u0131kt\u0131.&#8221;<\/span><\/p>\n<p class=\"MsoNormal\" style=\"background-position: initial initial; background-repeat: initial initial;\"><span style=\"mso-fareast-font-family: &quot;Times New Roman&quot;; mso-bidi-font-family: Calibri; mso-bidi-theme-font: minor-latin; color: #222222; mso-fareast-language: TR;\">&#8220;Erdo\u011fan&#8217;\u0131n siyasi gelece\u011fi do\u011frudan tehlikede gibi g\u00f6z\u00fckm\u00fcyor. Ancak onur k\u0131r\u0131c\u0131 bir deneyim edindi. Al\u00e7ak g\u00f6n\u00fcll\u00fcl\u00fc\u011f\u00fc biraz \u00f6\u011frenmesi gerekiyor. B\u00f6yle bir becerisi varsa tabii. Krizi \u00e7\u00f6zen ve polisin \u00e7ekilmesini sa\u011flayan Ba\u015fbakan de\u011fil Cumhurba\u015fkan\u0131 G\u00fcl idi. Kamuoyu yoklamalar\u0131ndan G\u00fcl&#8217;\u00fcn Erdo\u011fan&#8217;dan daha fazla \u015fans\u0131 oldu\u011fu sonucu \u00e7\u0131karsa, partisi G\u00fcl&#8217;\u00fc aday g\u00f6sterebilir<\/span><\/p>\n<p class=\"MsoNormal\" style=\"background-position: initial initial; background-repeat: initial initial;\"><strong><span style=\"mso-fareast-font-family: &quot;Times New Roman&quot;; mso-bidi-font-family: Calibri; mso-bidi-theme-font: minor-latin; color: #222222; mso-fareast-language: TR;\">FAZ: \u00dc\u00c7 ZAFER\u0130 SINIRSIZ HAK OLARAK ALGILADI<\/span><\/strong><\/p>\n<p class=\"MsoNormal\" style=\"background-position: initial initial; background-repeat: initial initial;\"><span style=\"mso-fareast-font-family: &quot;Times New Roman&quot;; mso-bidi-font-family: Calibri; mso-bidi-theme-font: minor-latin; color: #222222; mso-fareast-language: TR;\">Almanlar\u0131n muhafazakar gazetesi Frankfurter Allgemeine Zeitung da, Ba\u015fbakan Recep Tayyip Erdo\u011fan&#8217;\u0131n son se\u00e7imlerde \u00fc\u00e7\u00fcnc\u00fc kez elde etti\u011fi g\u00f6steri\u015fli ba\u015far\u0131y\u0131, s\u0131n\u0131rs\u0131z hak olarak alg\u0131lama yan\u0131lg\u0131s\u0131na d\u00fc\u015ft\u00fc\u011f\u00fc yorumunu yapt\u0131.<\/span><\/p>\n<p class=\"MsoNormal\" style=\"background-position: initial initial; background-repeat: initial initial;\"><strong><span style=\"mso-fareast-font-family: &quot;Times New Roman&quot;; mso-bidi-font-family: Calibri; mso-bidi-theme-font: minor-latin; color: #222222; mso-fareast-language: TR;\">BBC: PROTESTOLAR S\u00dcR\u00dcYOR ABD&#8217;DAN \u00c7A\u011eRI<\/span><\/strong><\/p>\n<p class=\"MsoNormal\" style=\"background-position: initial initial; background-repeat: initial initial;\"><span style=\"mso-fareast-font-family: &quot;Times New Roman&quot;; mso-bidi-font-family: Calibri; mso-bidi-theme-font: minor-latin; color: #222222; mso-fareast-language: TR;\">\u0130ngiliz yay\u0131n kurulu\u015fu BBC de, T\u00fcrk protestocular\u0131n \u0130stanbul&#8217;da gece boyu polisle zorlu bir \u00e7at\u0131\u015fma i\u00e7erisinde oldu\u011funu yazd\u0131. Haberde, h\u00fck\u00fcmetin fazlas\u0131yla otoriter olmas\u0131ndan \u015fikayet\u00e7i protestocular\u0131n, Ba\u015fbakan Erdo\u011fan&#8217;\u0131n muhafazakar de\u011ferlerle, laik T\u00fcrkiye&#8217;de ki\u015fisel \u00f6zg\u00fcrl\u00fckleri k\u0131s\u0131tlamas\u0131ndan korktu\u011fu belirtildi.<\/span><\/p>\n<p class=\"MsoNormal\" style=\"background-position: initial initial; background-repeat: initial initial;\"><span style=\"mso-fareast-font-family: &quot;Times New Roman&quot;; mso-bidi-font-family: Calibri; mso-bidi-theme-font: minor-latin; color: #222222; mso-fareast-language: TR;\">ABD&#8217;den T\u00fcrk h\u00fck\u00fcmetine \u00e7a\u011fr\u0131 yap\u0131ld\u0131\u011f\u0131n\u0131 belirten BBC, &#8220;Pazar ak\u015fam\u0131, Beyaz Saray taraflar\u0131n yap\u0131lan a\u00e7\u0131klamada durumun sakinle\u015ftirilmesi gerekti\u011fi, masum g\u00f6sterilerin demokratik ifadenin bir par\u00e7as\u0131 oldu\u011fu vurgusu yap\u0131ld\u0131. ABD daha \u00f6nce de g\u00fcvenlik g\u00fc\u00e7lerinin ilk m\u00fcdahalesini ele\u015ftirmi\u015fti&#8221; denildi.<\/span><\/p>\n<p>\u00a0<\/p>\n<p class=\"MsoNormal\">\u00a0<\/p>\n","protected":false},"excerpt":{"rendered":"<p>&#8220;Gezi&#8221; eylemlerinin hafta sonu t\u00fcm T\u00fcrkiye&#8217;ye yay\u0131lmas\u0131 d\u00fcnya bas\u0131n\u0131nda geni\u015f yank\u0131 bulmaya devam ediyor. Financial Times, \u00fclke genelindeki eylemlere ra\u011fmen&#46;&#46;&#46;<\/p>\n","protected":false},"author":1,"featured_media":0,"comment_status":"closed","ping_status":"closed","sticky":false,"template":"","format":"standard","meta":{"_jetpack_memberships_contains_paid_content":false,"footnotes":""},"categories":[1],"tags":[],"class_list":["post-3807","post","type-post","status-publish","format-standard","hentry","category-ced"],"aioseo_notices":[],"jetpack_featured_media_url":"","jetpack_sharing_enabled":true,"jetpack-related-posts":[],"_links":{"self":[{"href":"http:\/\/www.ced.org.tr\/index.php?rest_route=\/wp\/v2\/posts\/3807","targetHints":{"allow":["GET"]}}],"collection":[{"href":"http:\/\/www.ced.org.tr\/index.php?rest_route=\/wp\/v2\/posts"}],"about":[{"href":"http:\/\/www.ced.org.tr\/index.php?rest_route=\/wp\/v2\/types\/post"}],"author":[{"embeddable":true,"href":"http:\/\/www.ced.org.tr\/index.php?rest_route=\/wp\/v2\/users\/1"}],"replies":[{"embeddable":true,"href":"http:\/\/www.ced.org.tr\/index.php?rest_route=%2Fwp%2Fv2%2Fcomments&post=3807"}],"version-history":[{"count":0,"href":"http:\/\/www.ced.org.tr\/index.php?rest_route=\/wp\/v2\/posts\/3807\/revisions"}],"wp:attachment":[{"href":"http:\/\/www.ced.org.tr\/index.php?rest_route=%2Fwp%2Fv2%2Fmedia&parent=3807"}],"wp:term":[{"taxonomy":"category","embeddable":true,"href":"http:\/\/www.ced.org.tr\/index.php?rest_route=%2Fwp%2Fv2%2Fcategories&post=3807"},{"taxonomy":"post_tag","embeddable":true,"href":"http:\/\/www.ced.org.tr\/index.php?rest_route=%2Fwp%2Fv2%2Ftags&post=3807"}],"curies":[{"name":"wp","href":"https:\/\/api.w.org\/{rel}","templated":true}]}}