{"id":3808,"date":"2013-06-03T23:56:29","date_gmt":"2013-06-03T20:56:29","guid":{"rendered":"http:\/\/www.ced.org.tr\/?p=3808"},"modified":"2013-06-03T23:56:29","modified_gmt":"2013-06-03T20:56:29","slug":"keskten-grev-karari","status":"publish","type":"post","link":"http:\/\/www.ced.org.tr\/?p=3808","title":{"rendered":"KESK&#8217;ten grev karar\u0131"},"content":{"rendered":"<h1 style=\"background-position: initial initial; background-repeat: initial initial;\"><span style=\"font-size: 11.0pt; mso-bidi-font-size: 12.0pt; line-height: 115%; font-family: &quot;Calibri&quot;,&quot;sans-serif&quot;; mso-ascii-theme-font: minor-latin; mso-hansi-theme-font: minor-latin; mso-bidi-theme-font: minor-latin; color: #222222;\">KESK&#8217;e ba\u011fl\u0131 y\u00fczbinlerce memur greve gidiyor<\/span><\/h1>\n<h1 style=\"background-position: initial initial; background-repeat: initial initial;\"><span style=\"font-size: 11.0pt; mso-bidi-font-size: 12.0pt; line-height: 115%; font-family: &quot;Calibri&quot;,&quot;sans-serif&quot;; mso-ascii-theme-font: minor-latin; mso-hansi-theme-font: minor-latin; mso-bidi-theme-font: minor-latin; color: #222222; font-weight: normal; mso-bidi-font-weight: bold;\">Aysel ALP\/<a href=\"http:\/\/hurriyet.com.tr\/EKONOM%C4%B0\" target=\"_blank\"><span style=\"color: #1155cc;\">hurriyet.com.tr\/EKONOM\u0130<\/span><\/a><\/span><span style=\"font-size: 11.0pt; mso-bidi-font-size: 12.0pt; line-height: 115%; font-family: &quot;Calibri&quot;,&quot;sans-serif&quot;; mso-ascii-theme-font: minor-latin; mso-hansi-theme-font: minor-latin; mso-bidi-theme-font: minor-latin; color: #222222;\"><\/span><\/h1>\n<p class=\"MsoNormal\" style=\"background-position: initial initial; background-repeat: initial initial;\"><span style=\"mso-bidi-font-size: 12.0pt; line-height: 115%; mso-bidi-font-family: Calibri; mso-bidi-theme-font: minor-latin; color: #222222;\">3 Haziran 2013<\/span><\/p>\n<p class=\"MsoNormal\" style=\"background-position: initial initial; background-repeat: initial initial;\"><span style=\"mso-bidi-font-size: 12.0pt; line-height: 115%; mso-bidi-font-family: Calibri; mso-bidi-theme-font: minor-latin; color: #222222;\">KESK&#8217;in,<span> <\/span>657 say\u0131l\u0131 Devlet Memurlar\u0131 Yasas\u0131nda de\u011fi\u015fiklik \u00f6ng\u00f6ren torba yasa tasar\u0131s\u0131n\u0131 protesto etmek i\u00e7in yapaca\u011f\u0131 uyar\u0131 grevi Taksim Gezi Park\u0131yla ba\u015flayan eylemler nedeniyle Sal\u0131 g\u00fcn\u00fcne \u00e7ekildi.<\/span><\/p>\n<p style=\"background-position: initial initial; background-repeat: initial initial;\"><span style=\"font-size: 11.0pt; mso-bidi-font-size: 12.0pt; font-family: &quot;Calibri&quot;,&quot;sans-serif&quot;; mso-ascii-theme-font: minor-latin; mso-hansi-theme-font: minor-latin; mso-bidi-theme-font: minor-latin; color: #222222;\">KESK,<span> <\/span><a href=\"http:\/\/www.hurriyet.com.tr\/index\/D%C4%B0SK\/\" target=\"_blank\" title=\"D\u0130SK\"><span style=\"color: #1155cc;\">D\u0130SK<\/span><\/a>, T\u00fcrk Tabipler Birli\u011fi, T\u00fcrk M\u00fchendis ve Mimar Odalar\u0131 Birli\u011fi ile Sendikal G\u00fc\u00e7 Birli\u011fi&#8217;ni de greve destek vermeye \u00e7a\u011f\u0131rd\u0131. Taraflar bug\u00fcn saat 16.00&#8217;da bir araya gelerek \u00c7ar\u015famba g\u00fcn\u00fc ortak grev yapmay\u0131 karara ba\u011flayacak.<span> <\/p>\n<p><\/span><\/p>\n<p> <strong>S\u0130YAH KIYAFET, S\u0130YAH KURDELE \u0130\u015e BIRAKACAKLAR<\/strong><\/span><\/p>\n<p style=\"background-position: initial initial; background-repeat: initial initial;\"><span style=\"font-size: 11.0pt; mso-bidi-font-size: 12.0pt; font-family: &quot;Calibri&quot;,&quot;sans-serif&quot;; mso-ascii-theme-font: minor-latin; mso-hansi-theme-font: minor-latin; mso-bidi-theme-font: minor-latin; color: #222222;\">KESK Genel Sekreteri \u0130smail Hakk\u0131 Tombul, \u00c7ar\u015famba g\u00fcn\u00fc 657 say\u0131l\u0131 Devlet Memurlar\u0131 Yasas\u0131&#8217;nda De\u011fi\u015fiklik \u00f6ng\u00f6ren torba yasa tasar\u0131s\u0131n\u0131 protesto etmek i\u00e7in uyar\u0131 grevi karar\u0131 ald\u0131klar\u0131n\u0131 belirterek, Taksim Gezi Park\u0131 ile ba\u015flayan eylemler nedeniyle grevi yar\u0131na ald\u0131klar\u0131n\u0131 a\u00e7\u0131klad\u0131. Art\u0131k grevin 657 i\u00e7in de\u011fil; insanca ya\u015fam, g\u00fcvenceli i\u015f ve g\u00fcvenceli gelecek, demokratik bir T\u00fcrkiye i\u00e7in yap\u0131laca\u011f\u0131n\u0131 s\u00f6yledi. Yar\u0131n KESK&#8217;e ba\u011fl\u0131 \u00f6\u011fretmenler, doktorlar, hem\u015fireler, b\u00fcro \u00e7al\u0131\u015fanlar\u0131ndan olu\u015fan 250 bin memurun i\u015f yerlerine siyah k\u0131yafetle gidip, siyah kurdele b\u0131rakacaklar\u0131n\u0131; ard\u0131ndan da \u00f6\u011fle saatlerinde greve ba\u015flayacaklar\u0131n\u0131 bildirdi.<span> <\/span><\/span><\/p>\n<p style=\"background-position: initial initial; background-repeat: initial initial;\"><span style=\"font-size: 11.0pt; mso-bidi-font-size: 12.0pt; font-family: &quot;Calibri&quot;,&quot;sans-serif&quot;; mso-ascii-theme-font: minor-latin; mso-hansi-theme-font: minor-latin; mso-bidi-theme-font: minor-latin; color: #222222;\"><span> <\/span><br \/> <a href=\"http:\/\/www.hurriyet.com.tr\/ekonomi\/23425375.asp\" target=\"_blank\"><span style=\"color: #1155cc;\">http:\/\/www.hurriyet.com.tr\/ekonomi\/23425375.asp<\/span><\/a><\/span><\/p>\n<p style=\"background-position: initial initial; background-repeat: initial initial;\"><span style=\"font-size: 11.0pt; mso-bidi-font-size: 12.0pt; font-family: &quot;Calibri&quot;,&quot;sans-serif&quot;; mso-ascii-theme-font: minor-latin; mso-hansi-theme-font: minor-latin; mso-bidi-theme-font: minor-latin; color: #222222;\"> <br \/> <strong>\u00c7AR\u015eAMBA \u0130\u00c7\u0130N D\u0130SK, TTB, TMMOB VE SEND\u0130KAL G\u00dc\u00c7 B\u0130RL\u0130\u011e\u0130NE DAVET<\/strong><strong><br \/> <\/strong> <br \/> Tombul, demokratik bir T\u00fcrkiye i\u00e7in bu greve D\u0130SK, T\u00fcrk Tabipleri Birli\u011fi, T\u00fcrk M\u00fchendis ve Mimar Odalar\u0131 Birli\u011fi ile Sendikal G\u00fc\u00e7 Birli\u011fi&#8217;ni davet ettiklerini ve bug\u00fcn saat 16.00&#8217;da taraflarla bir araya gelerek konuyu g\u00f6r\u00fc\u015feceklerini s\u00f6yledi.<span> <\/span><\/p>\n<p> T\u00fcrk Tabipleri Birli\u011fi Genel Sekreteri Beyaz\u0131t \u0130lhan da tabanlardan Taksim Gezi Park\u0131 eyleminin bir uyar\u0131 greviyle desteklenmesi talebi geldi\u011fini belirterek, konuyu saat 16.00&#8217;da g\u00f6r\u00fc\u015ferek karara ba\u011flayacaklar\u0131n\u0131 a\u00e7\u0131klad\u0131. \u0130lhan, \u00e7\u0131kacak karara g\u00f6re T\u00fcrkiye Barolar Birli\u011fini de bu greve destek vermeye \u00e7a\u011f\u0131racaklar\u0131n\u0131 bildirdi.<\/span><\/p>\n<p style=\"background-position: initial initial; background-repeat: initial initial;\"><strong><span style=\"font-size: 11.0pt; mso-bidi-font-size: 12.0pt; font-family: &quot;Calibri&quot;,&quot;sans-serif&quot;; mso-ascii-theme-font: minor-latin; mso-hansi-theme-font: minor-latin; mso-bidi-theme-font: minor-latin; color: #222222;\">90 B\u0130N DOKTOR GREV YOLUNDA&#8230;<\/span><\/strong><span><strong><span style=\"font-size: 11.0pt; mso-bidi-font-size: 12.0pt; font-family: &quot;Calibri&quot;,&quot;sans-serif&quot;; mso-ascii-theme-font: minor-latin; mso-hansi-theme-font: minor-latin; mso-bidi-theme-font: minor-latin; color: #222222;\"> <\/span><\/strong><\/span><strong><span style=\"font-size: 11.0pt; mso-bidi-font-size: 12.0pt; font-family: &quot;Calibri&quot;,&quot;sans-serif&quot;; mso-ascii-theme-font: minor-latin; mso-hansi-theme-font: minor-latin; mso-bidi-theme-font: minor-latin; color: #222222;\"><br \/> <\/span><\/strong><span style=\"font-size: 11.0pt; mso-bidi-font-size: 12.0pt; font-family: &quot;Calibri&quot;,&quot;sans-serif&quot;; mso-ascii-theme-font: minor-latin; mso-hansi-theme-font: minor-latin; mso-bidi-theme-font: minor-latin; color: #222222;\"> <br \/> T\u00fcrk Tabipleri Birli\u011fi Genel Sekreteri Beyaz\u0131t \u0130lhan da tabanlardan Taksim Gezi Park\u0131 eyleminin bir uyar\u0131 greviyle desteklenmesi talebi geldi\u011fini belirterek, konuyu saat 16.00&#8217;da g\u00f6r\u00fc\u015ferek karara ba\u011flayacaklar\u0131n\u0131 a\u00e7\u0131klad\u0131. \u0130lhan, \u00e7\u0131kacak karara g\u00f6re T\u00fcrkiye Barolar Birli\u011fini de bu greve destek vermeye \u00e7a\u011f\u0131racaklar\u0131n\u0131 bildirdi. \u0130lhan, TTB&#8217;nin 90 bin doktor \u00fcyesi bulundu\u011funu an\u0131msatarak, o g\u00fcn aciller, yatan hastalar, kanser ve diyaliz hastalar\u0131 hari\u00e7 hastane ve di\u011fer<span> <\/span><a href=\"http:\/\/www.hurriyet.com.tr\/saglik\/\" target=\"_blank\" title=\"sa\u011fl\u0131k\"><span style=\"color: #1155cc;\">sa\u011fl\u0131k<\/span><\/a><span> <\/span>birimlerinde hizmet verilmeyece\u011fini ifade etti.<\/span><\/p>\n<p>\u00a0<\/p>\n<p class=\"MsoNormal\"><span style=\"mso-bidi-font-size: 12.0pt; line-height: 115%; mso-bidi-font-family: Calibri; mso-bidi-theme-font: minor-latin;\"> <\/span><\/p>\n","protected":false},"excerpt":{"rendered":"<p>KESK&#8217;e ba\u011fl\u0131 y\u00fczbinlerce memur greve gidiyor Aysel ALP\/hurriyet.com.tr\/EKONOM\u0130 3 Haziran 2013 KESK&#8217;in, 657 say\u0131l\u0131 Devlet Memurlar\u0131 Yasas\u0131nda de\u011fi\u015fiklik \u00f6ng\u00f6ren torba&#46;&#46;&#46;<\/p>\n","protected":false},"author":1,"featured_media":0,"comment_status":"closed","ping_status":"closed","sticky":false,"template":"","format":"standard","meta":{"_jetpack_memberships_contains_paid_content":false,"footnotes":""},"categories":[1],"tags":[],"class_list":["post-3808","post","type-post","status-publish","format-standard","hentry","category-ced"],"aioseo_notices":[],"jetpack_featured_media_url":"","jetpack_sharing_enabled":true,"jetpack-related-posts":[],"_links":{"self":[{"href":"http:\/\/www.ced.org.tr\/index.php?rest_route=\/wp\/v2\/posts\/3808","targetHints":{"allow":["GET"]}}],"collection":[{"href":"http:\/\/www.ced.org.tr\/index.php?rest_route=\/wp\/v2\/posts"}],"about":[{"href":"http:\/\/www.ced.org.tr\/index.php?rest_route=\/wp\/v2\/types\/post"}],"author":[{"embeddable":true,"href":"http:\/\/www.ced.org.tr\/index.php?rest_route=\/wp\/v2\/users\/1"}],"replies":[{"embeddable":true,"href":"http:\/\/www.ced.org.tr\/index.php?rest_route=%2Fwp%2Fv2%2Fcomments&post=3808"}],"version-history":[{"count":0,"href":"http:\/\/www.ced.org.tr\/index.php?rest_route=\/wp\/v2\/posts\/3808\/revisions"}],"wp:attachment":[{"href":"http:\/\/www.ced.org.tr\/index.php?rest_route=%2Fwp%2Fv2%2Fmedia&parent=3808"}],"wp:term":[{"taxonomy":"category","embeddable":true,"href":"http:\/\/www.ced.org.tr\/index.php?rest_route=%2Fwp%2Fv2%2Fcategories&post=3808"},{"taxonomy":"post_tag","embeddable":true,"href":"http:\/\/www.ced.org.tr\/index.php?rest_route=%2Fwp%2Fv2%2Ftags&post=3808"}],"curies":[{"name":"wp","href":"https:\/\/api.w.org\/{rel}","templated":true}]}}