{"id":3810,"date":"2013-06-11T17:55:10","date_gmt":"2013-06-11T14:55:10","guid":{"rendered":"http:\/\/www.ced.org.tr\/?p=3810"},"modified":"2013-06-11T17:55:10","modified_gmt":"2013-06-11T14:55:10","slug":"geziden-yaralilar-hastaneye-tasiniyor","status":"publish","type":"post","link":"http:\/\/www.ced.org.tr\/?p=3810","title":{"rendered":"Gezi&#8217;den Yaral\u0131lar Hastaneye Ta\u015f\u0131n\u0131yor"},"content":{"rendered":"<p style=\"color: #222222; font-family: arial, sans-serif; font-size: 12.800000190734863px;\">Gezi Park\u0131 Direni\u015fi&#8217;nin 15. g\u00fcn\u00fcnde polisin Taksim Meydan\u0131&#8217;na m\u00fcdahalesi \u00f6\u011flen yeniden ba\u015flad\u0131; parka da bomba at\u0131ld\u0131, parka ta\u015f\u0131nan yaral\u0131lar hastaneye ta\u015f\u0131n\u0131yor.<\/p>\n<div style=\"color: #222222; font-family: arial, sans-serif; font-size: 12.800000190734863px;\"><a href=\"http:\/\/www.bianet.org\/yazar\/cicek-tahaoglu-nilay-vardar-beyza-kural\" target=\"_blank\" style=\"color: #1155cc;\">\u00c7i\u00e7ek TAHAO\u011eLU &#8211; Nilay VARDAR &#8211; Beyza KURAL<\/a><\/p>\n<\/div>\n<div style=\"color: #222222; font-family: arial, sans-serif; font-size: 12.800000190734863px;\">\n<div>\u0130stanbul &#8211; B\u0130A Haber Merkezi<\/div>\n<div>11 Haziran 2013, Sal\u0131 09:49<\/p>\n<\/div>\n<\/div>\n<div style=\"color: #222222; font-family: arial, sans-serif; font-size: 12.800000190734863px;\">\n<p>Gezi Park\u0131 Direni\u015fi&#8217;nin 15. g\u00fcn\u00fcnde polis Taksim Meydan\u0131&#8217;na m\u00fcdahale etti.<\/p>\n<p>Sabah 7 sular\u0131nda polis meydana geldi. .<\/p>\n<p>Polis meydan i\u00e7in direnenlere gaz bombas\u0131 ve su ile m\u00fcdahale etti. Bug\u00fcne kadar eylemlerde hi\u00e7 molotof kokteyli at\u0131lmamas\u0131na ra\u011fmen bug\u00fcn ba\u015flar\u0131nda kasketli \u00e7ok az ki\u015finin polise molotof att\u0131\u011f\u0131 g\u00f6r\u00fcld\u00fc.<\/p>\n<p>Vali Avni Mutlu, Gezi Park\u0131&#8217;na m\u00fcdahale edilmeyece\u011fini a\u00e7\u0131lad\u0131. Meydanda, sabah saatlerinde i\u015fe gitmek isteyen bir\u00e7ok ki\u015fi de \u015fok i\u00e7inde gazdan korunmaya \u00e7al\u0131\u015ft\u0131. At\u0131lan gaz bombalar\u0131, \u00e7ad\u0131rlar\u0131 s\u00f6ken belediye i\u015f\u00e7ilerine de isabet etti.<\/p>\n<p><strong>12:30<\/strong> Polis AKM \u00f6n\u00fcnde bekliyor. Taksim Dayan\u0131\u015fmas\u0131 saat 13:00&#8217;te merdivenlerde bas\u0131n a\u00e7\u0131klamas\u0131 yapacak.<\/p>\n<p><strong>12.40<\/strong> Gezi Park\u0131\u2019ndan meydana su, antiasit sol\u00fcsyon gibi yard\u0131mlar gidiyor. \u0130nsanlar gaz bombas\u0131 kaps\u00fcllerini topluyor.<\/p>\n<p><strong>13:00<\/strong> Polis bas\u0131n a\u00e7\u0131klamas\u0131 yap\u0131laca\u011f\u0131 s\u0131rada meydandaki insanlara gaz ve suyla m\u00fcdahale etti. Gaz bombalar\u0131ndan etkilenen Taksim Dayan\u0131\u015fmas\u0131 \u00fcyeleri elden ele ge\u00e7en metni okudu.<\/p>\n<p><strong>13:20<\/strong> Taksim Dayan\u0131\u015fmas\u0131 polis \u015fiddetini protesto ederek ak\u015fam 19:00&#8217;da bulu\u015fma \u00e7a\u011fr\u0131s\u0131 yapt\u0131.<\/p>\n<p><strong>13:30<\/strong> Polisin gaz bombas\u0131 ve ses bombas\u0131 ile a\u011f\u0131r m\u00fcdahalesi devam ediyor. Yaral\u0131lar Gezi Park\u0131&#8217;na getiriliyor. Merdivenlerde kalabal\u0131k bekliyor, at\u0131lan gaz bombalar\u0131n\u0131 geri g\u00f6nderiyorlar. Polis mermisi ile yaralanlar oldu\u011fu iddia ediliyor.<\/p>\n<p><strong>13:40<\/strong> Gezi Park\u0131&#8217;na da gaz bombas\u0131 at\u0131ld\u0131. Merdivenlerden parka s\u00fcrekli gaz bombas\u0131 at\u0131l\u0131yor.<\/p>\n<p><strong>13:54<\/strong> 200&#8217;e yak\u0131n polis Gezi Park\u0131&#8217;n\u0131n gir\u015fine girdi. BDP ve feministlerin oldu\u011fu yere gaz kaps\u00fclleri geldi. \u0130ki ki\u015finin g\u00f6z\u00fcne plastik mermi isabet etti\u011fi bilgisi geldi.<\/p>\n<p><strong>14:10<\/strong> Parkta son on dakika i\u00e7inde d\u00f6rt yaral\u0131 amb\u00fclanslara konularak hastaneye kald\u0131r\u0131ld\u0131. \u0130ki ki\u015finin kafa travmas\u0131, bir ki\u015finin ise kolunda k\u0131r\u0131k \u015f\u00fcphesiyle hastaneye g\u00f6nderildi\u011fi bildiriliyor. G\u00f6n\u00fcll\u00fc doktorlar gezi park\u0131nda hafif yaral\u0131lara bak\u0131yor.<\/p>\n<p><strong>14:16<\/strong> Gezi&#8217;ye yedinci ambulans geldi. Sekizinci amb\u00fclans da ula\u015ft\u0131. \u015eu an d\u00f6rt bo\u015f ambulans hasta bekliyor.<\/p>\n<p><strong>14:25 <\/strong>Bilinci yar\u0131 kapal\u0131 bir gen\u00e7 daha sedyeyle ta\u015f\u0131n\u0131p amb\u00fclansa konuldu.<\/p>\n<p><strong>14:28<\/strong> Kafas\u0131na gaz fi\u015fe\u011fi isabet eden bir ki\u015fi daha ambulansla hastaneye g\u00f6t\u00fcr\u00fcld\u00fc. Ses bombas\u0131 at\u0131l\u0131yor.<\/p>\n<p><strong>14:30<\/strong> Kar\u0131n b\u00f6lgesinden coplanan bir erkek otellerden birine getirildi; i\u00e7 kanama riski nedeniyle hastaneye g\u00f6t\u00fcr\u00fcld\u00fc.<\/p>\n<p><strong>14:40<\/strong> \u015eu an revirin a\u00e7\u0131k alan\u0131nda alt\u0131 yaral\u0131 var.<\/p>\n<p><strong>14.45<\/strong> Ambulans bilinci kapal\u0131 gen\u00e7 bir erke\u011fi Gezi Park\u0131&#8217;ndan hastaneye ta\u015f\u0131d\u0131.<\/p>\n<p><strong>14:50<\/strong> Yaral\u0131lara yard\u0131m eden gen\u00e7 bir k\u0131z bay\u0131ld\u0131, bekleyen ambulansa konuldu, ayn\u0131 ambulansa kolunda k\u0131r\u0131k oldu\u011fu belirtilen gen\u00e7 bir erkek de konuldu. Revirden a\u00e7\u0131klama yap\u0131ld\u0131: &#8220;Gezi Reviri&#8217;nde a\u011f\u0131r yaral\u0131m\u0131z yok&#8221;. (s\u00fcrecek<\/p>\n<p><strong>Saat 10:00<\/strong> Biri kad\u0131n, biri erkek iki muhabir kafas\u0131na gelen gaz bombas\u0131 kaps\u00fcl\u00fc nedeniyle yaraland\u0131, hastaneye g\u00f6t\u00fcr\u00fcld\u00fc. Gezi Park\u0131 etraf\u0131nda bir grup insan zinciri olu\u015fturdu.<\/p>\n<p><img loading=\"lazy\" decoding=\"async\" src=\"http:\/\/www.bianet.org\/resim\/olcekle\/50735\/490\/254\" border=\"0\" width=\"490\" height=\"254\" \/><\/p>\n<\/div>\n","protected":false},"excerpt":{"rendered":"<p>Gezi Park\u0131 Direni\u015fi&#8217;nin 15. g\u00fcn\u00fcnde polisin Taksim Meydan\u0131&#8217;na m\u00fcdahalesi \u00f6\u011flen yeniden ba\u015flad\u0131; parka da bomba at\u0131ld\u0131, parka ta\u015f\u0131nan yaral\u0131lar hastaneye&#46;&#46;&#46;<\/p>\n","protected":false},"author":1,"featured_media":0,"comment_status":"closed","ping_status":"closed","sticky":false,"template":"","format":"standard","meta":{"_jetpack_memberships_contains_paid_content":false,"footnotes":""},"categories":[1],"tags":[],"class_list":["post-3810","post","type-post","status-publish","format-standard","hentry","category-ced"],"aioseo_notices":[],"jetpack_featured_media_url":"","jetpack_sharing_enabled":true,"jetpack-related-posts":[],"_links":{"self":[{"href":"http:\/\/www.ced.org.tr\/index.php?rest_route=\/wp\/v2\/posts\/3810","targetHints":{"allow":["GET"]}}],"collection":[{"href":"http:\/\/www.ced.org.tr\/index.php?rest_route=\/wp\/v2\/posts"}],"about":[{"href":"http:\/\/www.ced.org.tr\/index.php?rest_route=\/wp\/v2\/types\/post"}],"author":[{"embeddable":true,"href":"http:\/\/www.ced.org.tr\/index.php?rest_route=\/wp\/v2\/users\/1"}],"replies":[{"embeddable":true,"href":"http:\/\/www.ced.org.tr\/index.php?rest_route=%2Fwp%2Fv2%2Fcomments&post=3810"}],"version-history":[{"count":0,"href":"http:\/\/www.ced.org.tr\/index.php?rest_route=\/wp\/v2\/posts\/3810\/revisions"}],"wp:attachment":[{"href":"http:\/\/www.ced.org.tr\/index.php?rest_route=%2Fwp%2Fv2%2Fmedia&parent=3810"}],"wp:term":[{"taxonomy":"category","embeddable":true,"href":"http:\/\/www.ced.org.tr\/index.php?rest_route=%2Fwp%2Fv2%2Fcategories&post=3810"},{"taxonomy":"post_tag","embeddable":true,"href":"http:\/\/www.ced.org.tr\/index.php?rest_route=%2Fwp%2Fv2%2Ftags&post=3810"}],"curies":[{"name":"wp","href":"https:\/\/api.w.org\/{rel}","templated":true}]}}