{"id":3811,"date":"2013-06-13T13:31:58","date_gmt":"2013-06-13T10:31:58","guid":{"rendered":"http:\/\/www.ced.org.tr\/?p=3811"},"modified":"2013-06-13T13:31:58","modified_gmt":"2013-06-13T10:31:58","slug":"artik-nefes-alamiyoruz","status":"publish","type":"post","link":"http:\/\/www.ced.org.tr\/?p=3811","title":{"rendered":"Art\u0131k Nefes Alam\u0131yoruz"},"content":{"rendered":"<div style=\"color: #222222; font-family: arial, sans-serif; font-size: 12.800000190734863px;\">12 Haziran 2013<\/div>\n<div style=\"color: #222222; font-family: arial, sans-serif; font-size: 12.800000190734863px;\">T\u00fcrk Tabipleri Birli\u011fi Merkez Konseyi&#8217;nden bas\u0131n a\u00e7\u0131klamas\u0131:<\/div>\n<p style=\"color: #222222; font-family: arial, sans-serif; font-size: 12.800000190734863px;\"><strong>Kimyasal Gaz De\u011fil \u00d6zg\u00fcrl\u00fckleri Solumak \u0130stiyoruz<\/p>\n<p><\/strong><\/p>\n<p style=\"color: #222222; font-family: arial, sans-serif; font-size: 12.800000190734863px;\">Gezi Park\u0131 direni\u015fi ile ilgili T\u00fcrk Tabipleri Birli\u011fi taraf\u0131ndan 12 Haziran 2013 tarihinde yap\u0131lan bas\u0131n a\u00e7\u0131klamas\u0131nda, polis \u015fiddeti protesto edilerek,\u00a0 \u201cEvet, gelinen nokta \u015fiddetin \u00e7ok \u00f6tesinde, bize ya\u015fat\u0131lan, topluma dayat\u0131lan ba\u015fka bir \u201c\u015fey\u201d. Art\u0131k nefes alam\u0131yoruz. Kimyasal gazlar\u0131n\u0131z\u0131 solumak istemiyoruz. \u00d6zg\u00fcrl\u00fc\u011fe, insanl\u0131\u011fa, do\u011faya, ya\u015fam bi\u00e7imine ve eme\u011fe sayg\u0131ya ihtiyac\u0131m\u0131z var. Birazc\u0131k \u00f6zg\u00fcrl\u00fck kokusuna \u00e7ok ihtiyac\u0131m\u0131z var! Hep birlikte haklar\u0131m\u0131z ve \u00f6zg\u00fcrl\u00fck taleplerimiz i\u00e7in sonuna kadar m\u00fccadele edece\u011fiz\u201d denildi.<\/p>\n<p style=\"color: #222222; font-family: arial, sans-serif; font-size: 12.800000190734863px;\" align=\"center\">\u00a0<\/p>\n<p style=\"color: #222222; font-family: arial, sans-serif; font-size: 12.800000190734863px;\" align=\"center\"><strong>Bas\u0131n A\u00e7\u0131klamas\u0131<br \/>12 Haziran 2013<\/strong><\/p>\n<p style=\"color: #222222; font-family: arial, sans-serif; font-size: 12.800000190734863px;\" align=\"center\"><span style=\"font-size: 18px;\"><strong>Art\u0131k Nefes Alam\u0131yoruz<br \/>Kimyasal Gaz De\u011fil \u00d6zg\u00fcrl\u00fckleri Solumak \u0130stiyoruz<\/strong><\/span><\/p>\n<p style=\"color: #222222; font-family: arial, sans-serif; font-size: 12.800000190734863px;\">Bir yanda kentine, do\u011faya, ya\u015fam bi\u00e7imine sahip \u00e7\u0131kmaya \u00e7al\u0131\u015fan ve varl\u0131\u011f\u0131na sayg\u0131 g\u00f6sterilmesini bekleyen insanlar di\u011fer yanda onlara sabah ak\u015fam kimyasal gaz s\u0131kan, kafas\u0131n\u0131 k\u0131ran, g\u00f6z\u00fcn\u00fc \u00e7\u0131karan polis \u015fiddeti ve arkas\u0131ndaki siyasal iktidar var.<\/p>\n<p style=\"color: #222222; font-family: arial, sans-serif; font-size: 12.800000190734863px;\">D\u00fcn Taksim Meydan\u0131\u2019nda ya\u015fad\u0131klar\u0131m\u0131zla olan biteni \u201cpolis \u015fiddeti\u201d kavram\u0131yla da a\u00e7\u0131klayamaz olduk. Bizlere ya\u015fat\u0131lan ba\u015fka bir \u015fey. Daha bir ay \u00f6nce 1 May\u0131s i\u00e7in \u201cbu meydanda \u00e7ukurlar var, bir izdiham \u00e7\u0131ksa \u00e7ok can kayb\u0131 olur\u201d diyerek i\u015f\u00e7ilerin meydana \u00e7\u0131kmas\u0131n\u0131 yasaklayanlar, bug\u00fcn ayn\u0131 meydanda onbinlerin \u00fczerine gaz atarak, tazyikli su s\u0131karak, kocaman demirden arabalar\u0131 \u00fczerlerine s\u00fcrerek izdiham\u0131n en b\u00fcy\u00fc\u011f\u00fcn\u00fc yarat\u0131yorlar. Meydan\u0131n durumuna ili\u015fkin sorun tan\u0131mlayanlar\u0131n bug\u00fcn \u00f6l\u00e7\u00fcs\u00fcz bir \u015fiddetle insanlara sald\u0131rmas\u0131 ya\u015fat\u0131lan \u015fiddetin, deh\u015fetin \u00e7ok \u00f6tesinde anlamlar i\u00e7eriyor.<\/p>\n<p style=\"color: #222222; font-family: arial, sans-serif; font-size: 12.800000190734863px;\">Bununla da bitmiyor, savunman\u0131n, adaletin olmazsa olmaz\u0131 olan 49 avukat adliyenin \u00f6n\u00fcnde yine \u015fiddete u\u011frayarak apar topar g\u00f6z alt\u0131na al\u0131n\u0131yorlar. Yaralananlara ilk yard\u0131m yapmaya, sa\u011fl\u0131k hizmeti sunmaya \u00e7al\u0131\u015fan hekimler, t\u0131p \u00f6\u011frencileri g\u00f6z alt\u0131na al\u0131n\u0131yorlar, \u00e7al\u0131\u015ft\u0131klar\u0131 yerler, g\u00f6n\u00fcll\u00fc kurulan revirler kimyasal gaza bo\u011fuluyor.<\/p>\n<p style=\"color: #222222; font-family: arial, sans-serif; font-size: 12.800000190734863px;\">Evet, gelinen nokta \u015fiddetin \u00e7ok \u00f6tesinde, bize ya\u015fat\u0131lan, topluma dayat\u0131lan ba\u015fka bir \u201c\u015fey\u201d.<\/p>\n<p style=\"color: #222222; font-family: arial, sans-serif; font-size: 12.800000190734863px;\">Art\u0131k nefes alam\u0131yoruz. Kimyasal gazlar\u0131n\u0131z\u0131 solumak istemiyoruz.<\/p>\n<p style=\"color: #222222; font-family: arial, sans-serif; font-size: 12.800000190734863px;\">\u00d6zg\u00fcrl\u00fc\u011fe, insanl\u0131\u011fa, do\u011faya, ya\u015fam bi\u00e7imine ve eme\u011fe sayg\u0131ya ihtiyac\u0131m\u0131z var.<\/p>\n<p style=\"color: #222222; font-family: arial, sans-serif; font-size: 12.800000190734863px;\">Birazc\u0131k \u00f6zg\u00fcrl\u00fck kokusuna \u00e7ok ihtiyac\u0131m\u0131z var!<\/p>\n<p style=\"color: #222222; font-family: arial, sans-serif; font-size: 12.800000190734863px;\">Hep birlikte haklar\u0131m\u0131z ve \u00f6zg\u00fcrl\u00fck taleplerimiz i\u00e7in sonuna kadar m\u00fccadele edece\u011fiz.<\/p>\n<p style=\"color: #222222; font-family: arial, sans-serif; font-size: 12.800000190734863px;\"><strong>T\u00fcrk Tabipleri Birli\u011fi<\/strong><br \/><strong>Merkez Konseyi<\/strong><\/p>\n","protected":false},"excerpt":{"rendered":"<p>12 Haziran 2013 T\u00fcrk Tabipleri Birli\u011fi Merkez Konseyi&#8217;nden bas\u0131n a\u00e7\u0131klamas\u0131: Kimyasal Gaz De\u011fil \u00d6zg\u00fcrl\u00fckleri Solumak \u0130stiyoruz Gezi Park\u0131 direni\u015fi ile&#46;&#46;&#46;<\/p>\n","protected":false},"author":1,"featured_media":0,"comment_status":"closed","ping_status":"closed","sticky":false,"template":"","format":"standard","meta":{"_jetpack_memberships_contains_paid_content":false,"footnotes":""},"categories":[1],"tags":[],"class_list":["post-3811","post","type-post","status-publish","format-standard","hentry","category-ced"],"aioseo_notices":[],"jetpack_featured_media_url":"","jetpack_sharing_enabled":true,"jetpack-related-posts":[],"_links":{"self":[{"href":"http:\/\/www.ced.org.tr\/index.php?rest_route=\/wp\/v2\/posts\/3811","targetHints":{"allow":["GET"]}}],"collection":[{"href":"http:\/\/www.ced.org.tr\/index.php?rest_route=\/wp\/v2\/posts"}],"about":[{"href":"http:\/\/www.ced.org.tr\/index.php?rest_route=\/wp\/v2\/types\/post"}],"author":[{"embeddable":true,"href":"http:\/\/www.ced.org.tr\/index.php?rest_route=\/wp\/v2\/users\/1"}],"replies":[{"embeddable":true,"href":"http:\/\/www.ced.org.tr\/index.php?rest_route=%2Fwp%2Fv2%2Fcomments&post=3811"}],"version-history":[{"count":0,"href":"http:\/\/www.ced.org.tr\/index.php?rest_route=\/wp\/v2\/posts\/3811\/revisions"}],"wp:attachment":[{"href":"http:\/\/www.ced.org.tr\/index.php?rest_route=%2Fwp%2Fv2%2Fmedia&parent=3811"}],"wp:term":[{"taxonomy":"category","embeddable":true,"href":"http:\/\/www.ced.org.tr\/index.php?rest_route=%2Fwp%2Fv2%2Fcategories&post=3811"},{"taxonomy":"post_tag","embeddable":true,"href":"http:\/\/www.ced.org.tr\/index.php?rest_route=%2Fwp%2Fv2%2Ftags&post=3811"}],"curies":[{"name":"wp","href":"https:\/\/api.w.org\/{rel}","templated":true}]}}