{"id":3814,"date":"2013-06-17T16:42:14","date_gmt":"2013-06-17T13:42:14","guid":{"rendered":"http:\/\/www.ced.org.tr\/?p=3814"},"modified":"2013-06-17T16:42:14","modified_gmt":"2013-06-17T13:42:14","slug":"gonullu-doktorlar-goz-altinda-bu-utanca-son-verin","status":"publish","type":"post","link":"http:\/\/www.ced.org.tr\/?p=3814","title":{"rendered":"G\u00f6n\u00fcll\u00fc Doktorlar G\u00f6z Alt\u0131nda! Bu Utanca Son Verin!"},"content":{"rendered":"<div style=\"color: #222222; font-family: arial, sans-serif; font-size: 12.800000190734863px;\">16 Haziran 2013<\/div>\n<div style=\"color: #222222; font-family: arial, sans-serif; font-size: 12.800000190734863px;\">\u0130stanbul\u2019da Gezi olaylar\u0131 s\u0131ras\u0131nda Osmanbey\u2019deki Ramada Otel\u2019de kurulan revirlerde yaral\u0131lara g\u00f6n\u00fcll\u00fc sa\u011fl\u0131k hizmeti vermekte olan hekimler polisler taraf\u0131ndan kelep\u00e7elenerek g\u00f6zalt\u0131na al\u0131nd\u0131.<\/div>\n<p style=\"color: #222222; font-family: arial, sans-serif; font-size: 12.800000190734863px;\">Bu bilgi \u00fczerine TTB Merkez Konsey Ba\u015fkan\u0131 Prof. Dr. A. \u00d6zdemir Aktan derhal \u0130stanbul Valisi H\u00fcseyin Avni Mutlu ile telefonda<\/p>\n<p>g\u00f6r\u00fc\u015ft\u00fc, g\u00f6zalt\u0131na al\u0131nan sa\u011fl\u0131k\u00e7\u0131lar\u0131n bir an \u00f6nce b\u0131rak\u0131lmas\u0131n\u0131, bu utanca hemen bir son verilmesini istedi.<\/p>\n<p style=\"color: #222222; font-family: arial, sans-serif; font-size: 12.800000190734863px;\">Vali Mutlu ise Aktan\u2019a konu ile alakadar olaca\u011f\u0131n\u0131 belirtti. TTB\u2019nin sa\u011fl\u0131k\u00e7\u0131lar\u0131n g\u00f6zalt\u0131na al\u0131nmas\u0131 ile ilgili Sa\u011fl\u0131k Bakan\u0131 ile g\u00f6r\u00fc\u015fme \u00e7abalar\u0131 ise s\u00fcrmektedir.<\/p>\n<p style=\"color: #222222; font-family: arial, sans-serif; font-size: 12.800000190734863px;\">Daha \u00f6nce yapt\u0131\u011f\u0131m\u0131z a\u00e7\u0131klamalarda da duyurdu\u011fumuz \u00fczere, y\u00f6neticiler ne derse dersin, ne buyurursa buyursunlar, sa\u011fl\u0131k \u00e7al\u0131\u015fanlar\u0131n\u0131n g\u00f6revi, sa\u011fl\u0131k hizmetine ihtiya\u00e7 olan yerde bulunmak, bu hizmeti sunmakt\u0131r.<br \/>\u0130stanbul Valisi\u2019ni hemen \u015fimdi g\u00f6revini lay\u0131k\u0131yla yapmaya, ya\u015fanan \u015fiddeti durdurmaya, hekimlik and\u0131 gere\u011fi g\u00f6revini icra eden meslekta\u015flar\u0131m\u0131z\u0131 serbest b\u0131rakmaya \u00e7a\u011f\u0131r\u0131yoruz.<\/p>\n<p style=\"color: #222222; font-family: arial, sans-serif; font-size: 12.800000190734863px;\"><strong>T\u00dcRK TAB\u0130PLER\u0130 B\u0130RL\u0130\u011e\u0130<\/strong><\/p>\n<p style=\"color: #222222; font-family: arial, sans-serif; font-size: 12.800000190734863px;\"><strong>MERKEZ KONSEY\u0130<\/strong><\/p>\n","protected":false},"excerpt":{"rendered":"<p>16 Haziran 2013 \u0130stanbul\u2019da Gezi olaylar\u0131 s\u0131ras\u0131nda Osmanbey\u2019deki Ramada Otel\u2019de kurulan revirlerde yaral\u0131lara g\u00f6n\u00fcll\u00fc sa\u011fl\u0131k hizmeti vermekte olan hekimler polisler&#46;&#46;&#46;<\/p>\n","protected":false},"author":1,"featured_media":0,"comment_status":"closed","ping_status":"closed","sticky":false,"template":"","format":"standard","meta":{"_jetpack_memberships_contains_paid_content":false,"footnotes":""},"categories":[1],"tags":[],"class_list":["post-3814","post","type-post","status-publish","format-standard","hentry","category-ced"],"aioseo_notices":[],"jetpack_featured_media_url":"","jetpack_sharing_enabled":true,"jetpack-related-posts":[],"_links":{"self":[{"href":"http:\/\/www.ced.org.tr\/index.php?rest_route=\/wp\/v2\/posts\/3814","targetHints":{"allow":["GET"]}}],"collection":[{"href":"http:\/\/www.ced.org.tr\/index.php?rest_route=\/wp\/v2\/posts"}],"about":[{"href":"http:\/\/www.ced.org.tr\/index.php?rest_route=\/wp\/v2\/types\/post"}],"author":[{"embeddable":true,"href":"http:\/\/www.ced.org.tr\/index.php?rest_route=\/wp\/v2\/users\/1"}],"replies":[{"embeddable":true,"href":"http:\/\/www.ced.org.tr\/index.php?rest_route=%2Fwp%2Fv2%2Fcomments&post=3814"}],"version-history":[{"count":0,"href":"http:\/\/www.ced.org.tr\/index.php?rest_route=\/wp\/v2\/posts\/3814\/revisions"}],"wp:attachment":[{"href":"http:\/\/www.ced.org.tr\/index.php?rest_route=%2Fwp%2Fv2%2Fmedia&parent=3814"}],"wp:term":[{"taxonomy":"category","embeddable":true,"href":"http:\/\/www.ced.org.tr\/index.php?rest_route=%2Fwp%2Fv2%2Fcategories&post=3814"},{"taxonomy":"post_tag","embeddable":true,"href":"http:\/\/www.ced.org.tr\/index.php?rest_route=%2Fwp%2Fv2%2Ftags&post=3814"}],"curies":[{"name":"wp","href":"https:\/\/api.w.org\/{rel}","templated":true}]}}