{"id":3816,"date":"2013-06-26T15:58:21","date_gmt":"2013-06-26T12:58:21","guid":{"rendered":"http:\/\/www.ced.org.tr\/?p=3816"},"modified":"2013-06-26T15:58:21","modified_gmt":"2013-06-26T12:58:21","slug":"polisin-davranisi-endise-verici","status":"publish","type":"post","link":"http:\/\/www.ced.org.tr\/?p=3816","title":{"rendered":"Polisin Davran\u0131\u015f\u0131 Endi\u015fe Verici"},"content":{"rendered":"<p><strong>AB T\u00dcRK\u0130YE DELAGASYONU<\/strong><\/p>\n<p><span style=\"font-size: 10px;\"><strong>\u201cPolisin Davran\u0131\u015f\u0131 Endi\u015fe Verici\u201d<\/strong><\/span><\/p>\n<p><span style=\"font-size: 10px;\">AB T\u00fcrkiye Delagasyonu polisin a\u015f\u0131r\u0131 g\u00fc\u00e7 kullanmas\u0131na dair yarg\u0131 s\u00fcrecinin \u015feffafl\u0131kla y\u00fcr\u00fct\u00fclmesini istedi, s\u00fcrece ili\u015fkin endi\u015felerini vurgulad\u0131.<\/span><\/p>\n<p><span style=\"font-size: 10px;\">\u0130stanbul &#8211; B\u0130A Haber Merkezi<\/span><\/p>\n<p>26 Haziran 2013, \u00c7ar\u015famba<\/p>\n<p><span style=\"font-size: 10px;\">Avrupa Birli\u011fi (AB) \u00fcyesi \u00fclkelerin b\u00fcy\u00fckel\u00e7ileri ortak bir a\u00e7\u0131klamayla h\u00fck\u00fcmetle yapt\u0131klar\u0131 g\u00f6r\u00fc\u015fmelerde polisin bar\u0131\u015f\u00e7\u0131l g\u00f6stericilere davran\u0131\u015f\u0131 ve bas\u0131n \u00f6zg\u00fcrl\u00fc\u011f\u00fcne sayg\u0131yla ilgili olarak endi\u015felerini ilettiklerini bildirdi.<\/span><\/p>\n<p><span style=\"font-size: 10px;\">AB Ba\u015fm\u00fczakerecisi Egemen Ba\u011f\u0131\u015f&#8217;\u0131n verdi\u011fi yeme\u011fe kat\u0131lan AB T\u00fcrkiye Delegasyonu&#8217;ndaki b\u00fcy\u00fckel\u00e7ileri a\u00e7\u0131klamalar\u0131nda polisin a\u015f\u0131r\u0131 g\u00fc\u00e7 kullan\u0131m\u0131na dair yarg\u0131 s\u00fcrecinde \u015feffafl\u0131k ve hesap verilebilirlik ihtiyac\u0131 vurguland\u0131.<\/span><\/p>\n<p><span style=\"font-size: 10px;\">&#8220;Bu, AB temsilcilerinin toplu olarak h\u00fck\u00fcmet ile g\u00f6r\u00fc\u015f al\u0131\u015fveri\u015finde bulunduklar\u0131 ilk toplant\u0131 olmu\u015ftur. \u00d6zellikle polisin bar\u0131\u015f\u00e7\u0131l g\u00f6stericilere davran\u0131\u015f\u0131 ve bas\u0131n \u00f6zg\u00fcrl\u00fc\u011f\u00fcne sayg\u0131 konusunda olmak \u00fczere son geli\u015fmeler hakk\u0131nda endi\u015felerimizi ifade ettik.<\/span><\/p>\n<p><span style=\"font-size: 10px;\">\u201cAyr\u0131ca, hem g\u00f6stericiler konusunda hem de g\u00fcvenlik g\u00fc\u00e7lerinin a\u015f\u0131r\u0131 g\u00fc\u00e7 kulland\u0131\u011f\u0131 y\u00f6n\u00fcndeki iddialarla ilgili h\u00fck\u00fcmet ve yarg\u0131n\u0131n yapt\u0131\u011f\u0131 takipte \u015feffafl\u0131k ve hesap verebilirli\u011fe olan ihtiyac\u0131 vurgulad\u0131k.<\/span><\/p>\n<p><span style=\"font-size: 10px;\">\u201cToplanma ve ifade \u00f6zg\u00fcrl\u00fc\u011f\u00fc de dahil olmak \u00fczere temel \u00f6zg\u00fcrl\u00fcklere sayg\u0131 konusundaki ihtiyac\u0131n alt\u0131n\u0131 \u00e7izdik.\u201d (YY)<\/span><\/p>\n","protected":false},"excerpt":{"rendered":"<p>AB T\u00dcRK\u0130YE DELAGASYONU \u201cPolisin Davran\u0131\u015f\u0131 Endi\u015fe Verici\u201d AB T\u00fcrkiye Delagasyonu polisin a\u015f\u0131r\u0131 g\u00fc\u00e7 kullanmas\u0131na dair yarg\u0131 s\u00fcrecinin \u015feffafl\u0131kla y\u00fcr\u00fct\u00fclmesini istedi,&#46;&#46;&#46;<\/p>\n","protected":false},"author":1,"featured_media":0,"comment_status":"closed","ping_status":"closed","sticky":false,"template":"","format":"standard","meta":{"_jetpack_memberships_contains_paid_content":false,"footnotes":""},"categories":[1],"tags":[],"class_list":["post-3816","post","type-post","status-publish","format-standard","hentry","category-ced"],"aioseo_notices":[],"jetpack_featured_media_url":"","jetpack_sharing_enabled":true,"jetpack-related-posts":[],"_links":{"self":[{"href":"http:\/\/www.ced.org.tr\/index.php?rest_route=\/wp\/v2\/posts\/3816","targetHints":{"allow":["GET"]}}],"collection":[{"href":"http:\/\/www.ced.org.tr\/index.php?rest_route=\/wp\/v2\/posts"}],"about":[{"href":"http:\/\/www.ced.org.tr\/index.php?rest_route=\/wp\/v2\/types\/post"}],"author":[{"embeddable":true,"href":"http:\/\/www.ced.org.tr\/index.php?rest_route=\/wp\/v2\/users\/1"}],"replies":[{"embeddable":true,"href":"http:\/\/www.ced.org.tr\/index.php?rest_route=%2Fwp%2Fv2%2Fcomments&post=3816"}],"version-history":[{"count":0,"href":"http:\/\/www.ced.org.tr\/index.php?rest_route=\/wp\/v2\/posts\/3816\/revisions"}],"wp:attachment":[{"href":"http:\/\/www.ced.org.tr\/index.php?rest_route=%2Fwp%2Fv2%2Fmedia&parent=3816"}],"wp:term":[{"taxonomy":"category","embeddable":true,"href":"http:\/\/www.ced.org.tr\/index.php?rest_route=%2Fwp%2Fv2%2Fcategories&post=3816"},{"taxonomy":"post_tag","embeddable":true,"href":"http:\/\/www.ced.org.tr\/index.php?rest_route=%2Fwp%2Fv2%2Ftags&post=3816"}],"curies":[{"name":"wp","href":"https:\/\/api.w.org\/{rel}","templated":true}]}}