{"id":3818,"date":"2013-07-09T17:44:36","date_gmt":"2013-07-09T14:44:36","guid":{"rendered":"http:\/\/www.ced.org.tr\/?p=3818"},"modified":"2013-07-09T17:44:36","modified_gmt":"2013-07-09T14:44:36","slug":"sozun-bittigi-aklin-durdugu-yerdeyiz","status":"publish","type":"post","link":"http:\/\/www.ced.org.tr\/?p=3818","title":{"rendered":"S\u00f6z\u00fcn Bitti\u011fi, Akl\u0131n Durdu\u011fu Yerdeyiz!"},"content":{"rendered":"<h1 style=\"color: #222222; font-family: arial, sans-serif;\">\n<div style=\"font-size: 12.727272033691406px;\">\u0130stanbul Tabip Odas\u0131 Genel Sekreteri Dr. Ali \u00c7erkezo\u011flu\u2019nun da aralar\u0131nda Bulundu\u011fu Onlarca Sendika ve Meslek \u00d6rg\u00fct\u00fc Y\u00f6neticisi G\u00f6zalt\u0131nda!<\/div>\n<\/h1>\n<div style=\"color: #222222; font-family: arial, sans-serif; font-size: 12.800000190734863px;\">\n<div><a href=\"http:\/\/www.ttb.org.tr\/index.php\/component\/option,com_mailto\/link,3ac3a9bc7a40d9f23ba7e387018cc177c9fa401c\/tmpl,component\/\" target=\"_blank\" title=\"e-Posta\" style=\"color: #1155cc;\"><\/a>08 Temmuz 2013<\/p>\n<\/div>\n<div><a href=\"http:\/\/www.ttb.org.tr\/index.php\/Haberler\/alicerkezoglu-3918.html\" target=\"_blank\" style=\"color: #1155cc;\">http:\/\/www.ttb.org.tr\/index.php\/Haberler\/alicerkezoglu-3918.html<\/a><\/div>\n<div><a href=\"http:\/\/www.ttb.org.tr\/index.php\/Haberler\/alicerkezoglu-3918\/Yazdir.html\" target=\"_blank\" title=\"Yazd\u0131r\" rel=\"nofollow\" style=\"color: #1155cc;\"><\/a><\/div>\n<\/div>\n<p style=\"color: #222222; font-family: arial, sans-serif; font-size: 12.800000190734863px;\">23 g\u00fcnden bu yana polis barikatlar\u0131 kurularak halka kapat\u0131lan Gezi Park\u0131 bug\u00fcn \u0130stanbul Valisi\u2019nin, B\u00fcy\u00fck\u015fehir Belediye Ba\u015fkan\u0131\u2019n\u0131n, Beyo\u011flu Belediye Ba\u015fkan\u0131\u2019n\u0131n kat\u0131ld\u0131\u011f\u0131 resmi t\u00f6renle tekrar \u201chalka a\u00e7\u0131ld\u0131\u201d. Vali H\u00fcseyin Avni Mutlu, kamuya a\u00e7\u0131k olan bir alan\u0131n tekrar kamuya a\u00e7\u0131ld\u0131\u011f\u0131n\u0131 ilan ederek bir ilke imza atm\u0131\u015f oldu.<\/p>\n<p style=\"color: #222222; font-family: arial, sans-serif; font-size: 12.800000190734863px;\">Ak\u015fam saatlerinde ya\u015fanan geli\u015fmelerse, AKP H\u00fck\u00fcmeti\u2019nin ve Valisi\u2019nin ak\u0131l ve vicdan tutulmas\u0131n\u0131n devam etti\u011finin g\u00f6stergesi oldu. \u0130stanbul Tabip Odas\u0131\u2019n\u0131n da bile\u015fenleri aras\u0131nda yer ald\u0131\u011f\u0131 Taksim Dayan\u0131\u015fmas\u0131\u2019n\u0131n bu ak\u015fam 19.00\u2019da yapaca\u011f\u0131 bas\u0131n a\u00e7\u0131klamas\u0131 yine polisin \u015fiddetli sald\u0131r\u0131s\u0131yla engellendi. \u0130stanbul Tabip Odas\u0131 Genel Sekreteri Dr. Ali \u00c7erkezo\u011flu, \u00fcyemiz Dr. Kamil Tekerek, Mimarlar Odas\u0131 y\u00f6neticisi M\u00fccella Yap\u0131c\u0131, TMMOB \u0130KK Sekreteri S\u00fcleyman Solmaz\u2019\u0131n da aralar\u0131nda oldu\u011fu onlarca ki\u015fi g\u00f6zalt\u0131na al\u0131nd\u0131.<\/p>\n<p style=\"color: #222222; font-family: arial, sans-serif; font-size: 12.800000190734863px;\">AKP H\u00fck\u00fcmeti ve Valisi\u2019nin demokratik, anayasal haklar\u0131n kullan\u0131m\u0131na, ki\u015fi hak ve \u00f6zg\u00fcrl\u00fcklerine kar\u015f\u0131 giri\u015fti\u011fi bu ak\u0131l ve hukuk d\u0131\u015f\u0131 sald\u0131r\u0131y\u0131 k\u0131n\u0131yoruz.<\/p>\n<p style=\"color: #222222; font-family: arial, sans-serif; font-size: 12.800000190734863px;\">Haks\u0131z, hukuksuz yere g\u00f6zalt\u0131na al\u0131nanlar derhal serbest b\u0131rak\u0131lmal\u0131, kamuya a\u00e7\u0131k Gezi Park\u0131 ve Taksim Meydan\u0131\u2019ndaki polis i\u015fgaline son verilmeli, meydanlar ve parklar ger\u00e7ek sahiplerine; halka b\u0131rak\u0131lmal\u0131d\u0131r.<\/p>\n<p style=\"color: #222222; font-family: arial, sans-serif; font-size: 12.800000190734863px;\"><strong style=\"font-family: arial, helvetica, sans-serif;\">T\u00fcrk Tabipleri Birli\u011fi<\/strong><\/p>\n<p style=\"color: #222222; font-family: arial, sans-serif; font-size: 12.800000190734863px;\"><strong style=\"font-family: arial, helvetica, sans-serif;\">Merkez Konseyi<\/strong><\/p>\n","protected":false},"excerpt":{"rendered":"<p>\u0130stanbul Tabip Odas\u0131 Genel Sekreteri Dr. Ali \u00c7erkezo\u011flu\u2019nun da aralar\u0131nda Bulundu\u011fu Onlarca Sendika ve Meslek \u00d6rg\u00fct\u00fc Y\u00f6neticisi G\u00f6zalt\u0131nda! 08 Temmuz&#46;&#46;&#46;<\/p>\n","protected":false},"author":1,"featured_media":0,"comment_status":"closed","ping_status":"closed","sticky":false,"template":"","format":"standard","meta":{"_jetpack_memberships_contains_paid_content":false,"footnotes":""},"categories":[1],"tags":[],"class_list":["post-3818","post","type-post","status-publish","format-standard","hentry","category-ced"],"aioseo_notices":[],"jetpack_featured_media_url":"","jetpack_sharing_enabled":true,"jetpack-related-posts":[],"_links":{"self":[{"href":"http:\/\/www.ced.org.tr\/index.php?rest_route=\/wp\/v2\/posts\/3818","targetHints":{"allow":["GET"]}}],"collection":[{"href":"http:\/\/www.ced.org.tr\/index.php?rest_route=\/wp\/v2\/posts"}],"about":[{"href":"http:\/\/www.ced.org.tr\/index.php?rest_route=\/wp\/v2\/types\/post"}],"author":[{"embeddable":true,"href":"http:\/\/www.ced.org.tr\/index.php?rest_route=\/wp\/v2\/users\/1"}],"replies":[{"embeddable":true,"href":"http:\/\/www.ced.org.tr\/index.php?rest_route=%2Fwp%2Fv2%2Fcomments&post=3818"}],"version-history":[{"count":0,"href":"http:\/\/www.ced.org.tr\/index.php?rest_route=\/wp\/v2\/posts\/3818\/revisions"}],"wp:attachment":[{"href":"http:\/\/www.ced.org.tr\/index.php?rest_route=%2Fwp%2Fv2%2Fmedia&parent=3818"}],"wp:term":[{"taxonomy":"category","embeddable":true,"href":"http:\/\/www.ced.org.tr\/index.php?rest_route=%2Fwp%2Fv2%2Fcategories&post=3818"},{"taxonomy":"post_tag","embeddable":true,"href":"http:\/\/www.ced.org.tr\/index.php?rest_route=%2Fwp%2Fv2%2Ftags&post=3818"}],"curies":[{"name":"wp","href":"https:\/\/api.w.org\/{rel}","templated":true}]}}