{"id":3819,"date":"2013-08-22T16:57:09","date_gmt":"2013-08-22T13:57:09","guid":{"rendered":"http:\/\/www.ced.org.tr\/?p=3819"},"modified":"2013-08-22T16:57:09","modified_gmt":"2013-08-22T13:57:09","slug":"neden-cocuk-yapmamali","status":"publish","type":"post","link":"http:\/\/www.ced.org.tr\/?p=3819","title":{"rendered":"Neden \u00e7ocuk yapmamal\u0131?"},"content":{"rendered":"<div style=\"color: #222222; font-family: arial, sans-serif; font-size: 12.800000190734863px;\"><span style=\"font-family: arial, sans-serif; color: #222222;\"><span style=\"font-size: 12.727272033691406px;\">Tek \u00e7ocuk yapmay\u0131 se\u00e7enler, \u00e7ocuk yapmamay\u0131 tercih edenler hallerinden memnunken devletler neden tela\u015fa kap\u0131l\u0131r n\u00fcfus artm\u0131yor diye?<\/span><\/span><\/div>\n<div style=\"color: #222222; font-family: arial, sans-serif; font-size: 12.800000190734863px;\"><span style=\"font-family: arial, sans-serif; color: #222222;\"><span style=\"font-size: 12.727272033691406px;\"><br \/><\/span><\/span><\/div>\n<div style=\"color: #222222; font-family: arial, sans-serif; font-size: 12.800000190734863px;\">G\u00fcnd\u00fcz Vassaf &#8211; Radikal<\/p>\n<p><a><\/a><\/div>\n<p><span style=\"color: #222222; font-family: arial, sans-serif; font-size: 12.800000190734863px;\"> <\/span><span style=\"color: #222222; font-family: arial, sans-serif; font-size: 12.800000190734863px;\"> <\/span><span style=\"color: #222222; font-family: arial, sans-serif; font-size: 12.800000190734863px;\"> <\/span><\/p>\n<div style=\"color: #222222; font-family: arial, sans-serif; font-size: 12.800000190734863px; width: auto !important;\">\n<h6 style=\"margin: 0px 0px 10px; float: none;\"><a href=\"http:\/\/www.radikal.com.tr\/yazarlar\/gunduz_vassaf\/neden_cocuk_yapmamali-1146632\" target=\"_blank\" style=\"color: #1155cc;\">http:\/\/www.radikal.com.tr\/yazarlar\/gunduz_vassaf\/neden_cocuk_yapmamali-1146632<\/a><span style=\"font-size: 12.800000190734863px;\"> <\/span><\/h6>\n<div style=\"margin-right: 0px; width: auto !important;\">\n<div>\n<div style=\"background-image: none;\"><\/div>\n<\/div>\n<div style=\"width: 644px !important;\">\n<p>\u0130nsan\u0131z diye kendimizi hayvanlardan ay\u0131rt ederiz.\u00a0<\/p>\n<p>S\u0131rf yapabiliyoruz diye \u00e7ocuk yapmak olacak i\u015f mi?<\/p>\n<p>Nedenini ara\u015ft\u0131r\u0131nca:\u00a0<\/p>\n<p>Soyumuzu sopumuzu s\u00fcrd\u00fcrmek, ad\u0131m\u0131z\u0131 ya\u015fatmak, miras\u0131m\u0131z\u0131, i\u015fimizi devretmek, ya\u015flan\u0131nca yaln\u0131z kalmamak, k\u0131skanmak, ba\u015fkalar\u0131 istedi\u011fi, s\u0131ras\u0131 geldi\u011fi i\u00e7in \u00e7ocuk yapmak&#8230;<\/p>\n<p>En s\u0131k duydu\u011fum cevap, (o da kad\u0131nlardan), kendini eksik hissetmek&#8230;\u00a0<\/p>\n<p>Cevaplarda en az rastlanan, \u00e7ocuk sevgisi.<\/p>\n<p>Peki, devletler, h\u00fck\u00fcmetler neden \u00e7ocuk yapmam\u0131z\u0131 ister?<\/p>\n<p>Tek \u00e7ocuk yapmay\u0131 se\u00e7enler, \u00e7ocuk yapmamay\u0131 tercih edenler hallerinden memnunken devletler neden tela\u015fa kap\u0131l\u0131r n\u00fcfus artm\u0131yor diye?<\/p>\n<p>T\u00fcr\u00fcm\u00fcz\u00fcn evriminde, tar\u0131m toplumunun nihayete ermesiyle, az \u00e7ocuk yapmaya ba\u015flanm\u0131\u015fken, devletler, do\u011fal gidi\u015f kar\u015f\u0131s\u0131nda neden panikler?\u00a0<\/p>\n<p>Neden \u00e7ocuk yapmam\u0131z i\u00e7in pe\u015fimize d\u00fc\u015fer, vaazlar verir, para teklif eder, erkekler do\u011furmalar\u0131 i\u00e7in kad\u0131nlar\u0131 milli g\u00f6reve \u00e7a\u011f\u0131r\u0131r?<\/p>\n<p>Cevab\u0131 basit, basit oldu\u011fu kadar da klasik.<\/p>\n<p>Gelece\u011fi g\u00f6rme acizliklerinde, uzatmalara oynayan bir d\u00fczenin devam\u0131. Gen\u00e7leri \u00e7\u0131karlar\u0131na alet ederek, ordular\u0131n\u0131n askersiz, fabrikalar\u0131n\u0131n i\u015f\u00e7isiz, satt\u0131klar\u0131n\u0131n t\u00fcketicisiz, zenginlerin yard\u0131mc\u0131s\u0131z, \u00e7ocuklar\u0131n bak\u0131c\u0131s\u0131z, ya\u015fl\u0131lar\u0131n bak\u0131ms\u0131z kalmamalar\u0131.\u00a0<\/p>\n<p>Daha \u00e7ok de\u011fil, daha az \u00e7ocuk yapmal\u0131y\u0131z.<\/p>\n<p>T\u00fcr\u00fcm\u00fcz\u00fcn ya\u015fam kalitesiyle mutlulu\u011fu, gezegenimizin sa\u011fl\u0131kl\u0131 gelece\u011fi i\u00e7in:\u00a0<\/p>\n<p>&#8211; Her \u00e7ocu\u011fa daha \u00e7ok zaman ay\u0131rarak sevebilmek, daha iyi e\u011fitim olanaklar\u0131 sa\u011flamak,\u00a0<\/p>\n<p>&#8211; \u00c7al\u0131\u015fmay\u0131, \u00e7al\u0131\u015fma mek\u00e2n\u0131n\u0131 keyifli k\u0131larak, insan\u0131 robotla\u015ft\u0131ran i\u015flerde robot kullanarak, daha az \u00e7al\u0131\u015f\u0131p daha \u00e7ok \u00fcretmek,<\/p>\n<p>&#8211; Daha az t\u00fcketip, yerel mek\u00e2nlarda, yerel olanaklarla daha \u00e7ok \u00fcreterek, arac\u0131lar\u0131, ta\u015f\u0131y\u0131c\u0131lar\u0131 gereksiz k\u0131larak, n\u00fcfusumuzu azaltarak ya\u015fam\u0131m\u0131z\u0131n kalitesini artt\u0131rmak,<\/p>\n<p>&#8211; \u015eimdiye kadar yapt\u0131\u011f\u0131m\u0131z\u0131n tersine, gen\u00e7 n\u00fcfusu, tehlikeli, kirli, istikbal vaat etmeyen, istenmeyen i\u015flere kurban edip s\u0131rtlar\u0131ndan ge\u00e7inmek yerine, i\u015fyerinde fizyolojik ve psikolojik y\u0131pranma nedenlerini ortadan kald\u0131rarak, onlar\u0131n yarat\u0131c\u0131 g\u00fc\u00e7lerine uygun ortamlar sa\u011flamak,<\/p>\n<p>&#8211; Erken emeklilikle \u00e7al\u0131\u015fanlar\u0131 k\u0131za\u011fa \u00e7ekmek yerine, yar\u0131zamanl\u0131, d\u00f6rtte bir zamanl\u0131 i\u015f imk\u00e2nlar\u0131 tan\u0131yarak, ya\u015fa, arzuya uygun yeni \u00e7al\u0131\u015fma alanlar\u0131 yaratarak, ya\u015fl\u0131lar\u0131n toplumla entegrasyonlar\u0131n\u0131 s\u00fcrd\u00fcrebilmek.<\/p>\n<p>&#8211; D\u00fcnya hepimizin. \u015eimdi ve yak\u0131n gelecekte yeni i\u015fg\u00fcc\u00fcne gereksinim duyacak Avrupa, Rusya, Japonya, \u00c7in ve T\u00fcrkiye\u2019de, kurumsal ve toplumsal \u0131rk\u00e7\u0131l\u0131\u011fa kar\u015f\u0131 m\u00fccadeleyle, buralar\u0131 her dilden, dinden, renkten insana ya\u015fan\u0131r k\u0131larak herkesin mecbur de\u011fil, mutlu ve \u00f6zg\u00fcr oldu\u011fu yerlerde \u00e7al\u0131\u015fmalar\u0131n\u0131 sa\u011flamak.<\/p>\n<p>* * *<\/p>\n<p>Demokrasinin \u2018benden sonra tufan\u2019 kapitalizmini denetleyememesine, iktidarlar\u0131n istibdat ve istihbarat \u00f6rg\u00fctlerine d\u00f6n\u00fc\u015fmesine kar\u015f\u0131, bug\u00fcn d\u00fcnyada ba\u015fkald\u0131ran \u2018K\u00fcresel Gezi Gen\u00e7li\u011fi\u2019nin, devlet \u015fiddeti kar\u015f\u0131s\u0131nda, bar\u0131\u015f\u00e7\u0131l yakla\u015f\u0131mlar\u0131n\u0131, provokasyonlara alet olmad\u0131klar\u0131n\u0131, yerel ve k\u00fcresel sorunlar kar\u015f\u0131s\u0131ndaki kritik tav\u0131rlar\u0131yla sorumluluk almak istediklerini g\u00f6r\u00fcyoruz. D\u00fcnya vatanda\u015fl\u0131\u011f\u0131 bilincinde, K\u00fcresel \u0130pek Yolu\u2019nda gen\u00e7ler, \u00e7o\u011funlukla az \u00e7ocuklu ailelerden.\u00a0<\/p>\n<p>Onlar, meydan mitinglerinde bayrak sallayanlar\u0131n, dinleri silah ya da kalkan gibi kullananlar\u0131n tersine, s\u00fcr\u00fc psikolojisi kurban\u0131 olmayanlar,\u00a0<\/p>\n<p>Onlar, miad\u0131n\u0131 doldurmu\u015f d\u00fczeni sorgulayanlar.\u00a0<\/p>\n<p>Onlar, kapitalizmin \u2018kalan sa\u011flar bizimdir\u2019 rekabet anlay\u0131\u015f\u0131ndan uzak, mahalle milyoneri olma h\u0131rs\u0131ndan ar\u0131nm\u0131\u015f, yarat\u0131c\u0131 g\u00fc\u00e7lerini dayan\u0131\u015fma ruhuyla muktedir k\u0131lacak d\u00fcnyan\u0131n habercileri.\u00a0<\/p>\n<p>Daha \u00e7ok \u00e7ocuk yapmak, devletlerin n\u00fcfus kalabal\u0131\u011f\u0131yla, ba\u015fka \u00fclkelere kar\u015f\u0131 g\u00fc\u00e7l\u00fc olabilece\u011fi sanr\u0131s\u0131na alet olmak demek.\u00a0<\/p>\n<p>Sonu\u00e7 her zaman ibret verici olmu\u015f<\/p>\n<\/div>\n<\/div>\n<\/div>\n","protected":false},"excerpt":{"rendered":"<p>Tek \u00e7ocuk yapmay\u0131 se\u00e7enler, \u00e7ocuk yapmamay\u0131 tercih edenler hallerinden memnunken devletler neden tela\u015fa kap\u0131l\u0131r n\u00fcfus artm\u0131yor diye? G\u00fcnd\u00fcz Vassaf &#8211;&#46;&#46;&#46;<\/p>\n","protected":false},"author":1,"featured_media":0,"comment_status":"closed","ping_status":"closed","sticky":false,"template":"","format":"standard","meta":{"_jetpack_memberships_contains_paid_content":false,"footnotes":""},"categories":[1],"tags":[],"class_list":["post-3819","post","type-post","status-publish","format-standard","hentry","category-ced"],"aioseo_notices":[],"jetpack_featured_media_url":"","jetpack_sharing_enabled":true,"jetpack-related-posts":[],"_links":{"self":[{"href":"http:\/\/www.ced.org.tr\/index.php?rest_route=\/wp\/v2\/posts\/3819","targetHints":{"allow":["GET"]}}],"collection":[{"href":"http:\/\/www.ced.org.tr\/index.php?rest_route=\/wp\/v2\/posts"}],"about":[{"href":"http:\/\/www.ced.org.tr\/index.php?rest_route=\/wp\/v2\/types\/post"}],"author":[{"embeddable":true,"href":"http:\/\/www.ced.org.tr\/index.php?rest_route=\/wp\/v2\/users\/1"}],"replies":[{"embeddable":true,"href":"http:\/\/www.ced.org.tr\/index.php?rest_route=%2Fwp%2Fv2%2Fcomments&post=3819"}],"version-history":[{"count":0,"href":"http:\/\/www.ced.org.tr\/index.php?rest_route=\/wp\/v2\/posts\/3819\/revisions"}],"wp:attachment":[{"href":"http:\/\/www.ced.org.tr\/index.php?rest_route=%2Fwp%2Fv2%2Fmedia&parent=3819"}],"wp:term":[{"taxonomy":"category","embeddable":true,"href":"http:\/\/www.ced.org.tr\/index.php?rest_route=%2Fwp%2Fv2%2Fcategories&post=3819"},{"taxonomy":"post_tag","embeddable":true,"href":"http:\/\/www.ced.org.tr\/index.php?rest_route=%2Fwp%2Fv2%2Ftags&post=3819"}],"curies":[{"name":"wp","href":"https:\/\/api.w.org\/{rel}","templated":true}]}}