{"id":3820,"date":"2013-08-29T13:46:24","date_gmt":"2013-08-29T10:46:24","guid":{"rendered":"http:\/\/www.ced.org.tr\/?p=3820"},"modified":"2013-08-29T13:46:24","modified_gmt":"2013-08-29T10:46:24","slug":"suriyede-kimyasal-silah-kullanildigi-iddialari-titizlikle-arastirilmali-ve-sorumlulari-aciklanmalidir","status":"publish","type":"post","link":"http:\/\/www.ced.org.tr\/?p=3820","title":{"rendered":"Suriye\u2019de Kimyasal Silah Kullan\u0131ld\u0131\u011f\u0131 \u0130ddialar\u0131 Titizlikle Ara\u015ft\u0131r\u0131lmal\u0131 Ve Sorumlular\u0131 A\u00e7\u0131klanmal\u0131d\u0131r"},"content":{"rendered":"<div style=\"color: #222222; font-family: arial, sans-serif; font-size: 12.800000190734863px;\">23 A\u011fustos 2013<\/div>\n<p style=\"color: #222222; font-family: arial, sans-serif; font-size: 12.800000190734863px;\">Birka\u00e7 g\u00fcnd\u00fcr Suriye\u2019de, \u015eam civar\u0131nda sivillere y\u00f6nelik kimyasal silah kullan\u0131ld\u0131\u011f\u0131 ve 1.300\u2019e yak\u0131n sivilin hayat\u0131n\u0131 kaybetti\u011fine dair iddialar ve olaya dair oldu\u011fu belirtilen baz\u0131 g\u00f6r\u00fcnt\u00fcler g\u00fcndemde. G\u00f6r\u00fcnt\u00fclerde, ya\u015famlar\u0131n\u0131 yitiren insanlar\u0131n b\u00fcy\u00fck \u00e7o\u011funlukla kad\u0131nlar ve \u00e7ocuklardan olu\u015ftu\u011fu ve v\u00fccutlar\u0131nda herhangi bir iz olmad\u0131\u011f\u0131 dikkat \u00e7ekiyor ve kimyasal silah kullan\u0131ld\u0131\u011f\u0131 iddialar\u0131n\u0131 g\u00fc\u00e7lendiriyor.<\/p>\n<p style=\"color: #222222; font-family: arial, sans-serif; font-size: 12.800000190734863px;\">\u00d6ncelikle belirtmek isteriz ki; kim taraf\u0131ndan ve ne ama\u00e7la olursa olsun kimyasal silahlar\u0131n kullan\u0131m\u0131 bir insanl\u0131k su\u00e7udur ve uluslararas\u0131 anla\u015fmalarla yasaklanm\u0131\u015ft\u0131r.<\/p>\n<p style=\"color: #222222; font-family: arial, sans-serif; font-size: 12.800000190734863px;\">\u00d6te yandan Suriye y\u00f6netimi ve y\u00f6netime muhalif silahl\u0131 g\u00fc\u00e7ler kimyasal silah kullan\u0131lmas\u0131yla ilgili olarak birbirlerini su\u00e7luyor.<\/p>\n<p style=\"color: #222222; font-family: arial, sans-serif; font-size: 12.800000190734863px;\">(Daha \u00f6nce de g\u00fcndeme gelen kimyasal silah kullan\u0131ld\u0131\u011f\u0131na dair iddialar\u0131 ara\u015ft\u0131rmak i\u00e7in olu\u015fturulan Birle\u015fmi\u015f Milletler Heyeti halen Suriye\u2019de incelemelerini s\u00fcrd\u00fcrmektedir ve El Nusra gibi silahl\u0131 \u00e7etelerin de bu t\u00fcr silahlara sahip oldu\u011fun daha yak\u0131n zamanda ortaya \u00e7\u0131km\u0131\u015ft\u0131r.)<\/p>\n<p style=\"color: #222222; font-family: arial, sans-serif; font-size: 12.800000190734863px;\">Kimyasal silah kullan\u0131ld\u0131\u011f\u0131na dair bu son g\u00f6r\u00fcnt\u00fcler ve iddialar, hi\u00e7bir \u015fekilde Suriye ve Ortado\u011fu\u2019ya emperyalist bir m\u00fcdahalenin gerek\u00e7esi olarak kullan\u0131lmadan, tarafs\u0131z bir \u015fekilde ara\u015ft\u0131r\u0131lmal\u0131 ve sorumlular\u0131 kamuoyuna a\u00e7\u0131klanmal\u0131d\u0131r.<\/p>\n<p style=\"color: #222222; font-family: arial, sans-serif; font-size: 12.800000190734863px;\"><strong>T\u00dcRK TAB\u0130PLER\u0130 B\u0130RL\u0130\u011e\u0130<\/strong> <strong>MERKEZ KONSEY\u0130<\/strong><\/p>\n","protected":false},"excerpt":{"rendered":"<p>23 A\u011fustos 2013 Birka\u00e7 g\u00fcnd\u00fcr Suriye\u2019de, \u015eam civar\u0131nda sivillere y\u00f6nelik kimyasal silah kullan\u0131ld\u0131\u011f\u0131 ve 1.300\u2019e yak\u0131n sivilin hayat\u0131n\u0131 kaybetti\u011fine dair&#46;&#46;&#46;<\/p>\n","protected":false},"author":1,"featured_media":0,"comment_status":"closed","ping_status":"closed","sticky":false,"template":"","format":"standard","meta":{"_jetpack_memberships_contains_paid_content":false,"footnotes":""},"categories":[1],"tags":[],"class_list":["post-3820","post","type-post","status-publish","format-standard","hentry","category-ced"],"aioseo_notices":[],"jetpack_featured_media_url":"","jetpack_sharing_enabled":true,"jetpack-related-posts":[],"_links":{"self":[{"href":"http:\/\/www.ced.org.tr\/index.php?rest_route=\/wp\/v2\/posts\/3820","targetHints":{"allow":["GET"]}}],"collection":[{"href":"http:\/\/www.ced.org.tr\/index.php?rest_route=\/wp\/v2\/posts"}],"about":[{"href":"http:\/\/www.ced.org.tr\/index.php?rest_route=\/wp\/v2\/types\/post"}],"author":[{"embeddable":true,"href":"http:\/\/www.ced.org.tr\/index.php?rest_route=\/wp\/v2\/users\/1"}],"replies":[{"embeddable":true,"href":"http:\/\/www.ced.org.tr\/index.php?rest_route=%2Fwp%2Fv2%2Fcomments&post=3820"}],"version-history":[{"count":0,"href":"http:\/\/www.ced.org.tr\/index.php?rest_route=\/wp\/v2\/posts\/3820\/revisions"}],"wp:attachment":[{"href":"http:\/\/www.ced.org.tr\/index.php?rest_route=%2Fwp%2Fv2%2Fmedia&parent=3820"}],"wp:term":[{"taxonomy":"category","embeddable":true,"href":"http:\/\/www.ced.org.tr\/index.php?rest_route=%2Fwp%2Fv2%2Fcategories&post=3820"},{"taxonomy":"post_tag","embeddable":true,"href":"http:\/\/www.ced.org.tr\/index.php?rest_route=%2Fwp%2Fv2%2Ftags&post=3820"}],"curies":[{"name":"wp","href":"https:\/\/api.w.org\/{rel}","templated":true}]}}