{"id":3821,"date":"2013-08-29T13:48:16","date_gmt":"2013-08-29T10:48:16","guid":{"rendered":"http:\/\/www.ced.org.tr\/?p=3821"},"modified":"2013-08-29T13:48:16","modified_gmt":"2013-08-29T10:48:16","slug":"suriyeye-emperyalist-saldiriya-hayir","status":"publish","type":"post","link":"http:\/\/www.ced.org.tr\/?p=3821","title":{"rendered":"Suriye\u2019ye Emperyalist Sald\u0131r\u0131ya Hay\u0131r!"},"content":{"rendered":"<p style=\"margin: 10px 0px 15px; padding: 0px; color: #323232; font-family: Arial, Helvetica, sans-serif; font-size: 12px; line-height: 17.714284896850586px;\">Emperyalist ku\u015fatma alt\u0131nda uzunca bir zamand\u0131r i\u00e7 sava\u015f\u0131n ya\u015fand\u0131\u011f\u0131 Suriye\u2019de ABD ve i\u015fbirlik\u00e7ileri askeri m\u00fcdahale haz\u0131rl\u0131\u011f\u0131 i\u00e7inde.<\/p>\n<p style=\"margin: 10px 0px 15px; padding: 0px; color: #323232; font-family: Arial, Helvetica, sans-serif; font-size: 12px; line-height: 17.714284896850586px;\">Daha g\u00fc\u00e7l\u00fc bir bar\u0131\u015f \u00e7a\u011fr\u0131s\u0131n\u0131 seslendirmek, emperyalizme kar\u015f\u0131 halklar\u0131n birlikte m\u00fccadelesini b\u00fcy\u00fctebilmek i\u00e7in;<\/p>\n<p style=\"margin: 10px 0px 15px; padding: 0px; color: #323232; font-family: Arial, Helvetica, sans-serif; font-size: 12px; line-height: 17.714284896850586px;\"><strong>EMPERYAL\u0130ST SAVA\u015eA HAYIR DEMEK \u0130\u00c7\u0130N;<\/strong><\/p>\n<p style=\"margin: 10px 0px 15px; padding: 0px; color: #323232; font-family: Arial, Helvetica, sans-serif; font-size: 12px; line-height: 17.714284896850586px;\"><strong>30 A\u011eUSTOS\u2019TA T\u00dcM KENTLERDE ALANLARDAYIZ!<\/strong><\/p>\n<p style=\"margin: 10px 0px 15px; padding: 0px; color: #323232; font-family: Arial, Helvetica, sans-serif; font-size: 12px; line-height: 17.714284896850586px;\"><strong><img decoding=\"async\" src=\"http:\/\/www.ttb.org.tr\/images\/stories\/slider\/2011\/diskkesktmmobttb.jpg\" border=\"0\" alt=\"alt\" style=\"width: 400px; height: 91px; float: left;\" \/><\/strong><\/p>\n<p style=\"margin: 10px 0px 15px; padding: 0px; color: #323232; font-family: Arial, Helvetica, sans-serif; font-size: 12px; line-height: 17.714284896850586px;\">\u00a0<\/p>\n<p style=\"margin: 10px 0px 15px; padding: 0px; color: #323232; font-family: Arial, Helvetica, sans-serif; font-size: 12px; line-height: 17.714284896850586px;\">\u00a0<\/p>\n","protected":false},"excerpt":{"rendered":"<p>Emperyalist ku\u015fatma alt\u0131nda uzunca bir zamand\u0131r i\u00e7 sava\u015f\u0131n ya\u015fand\u0131\u011f\u0131 Suriye\u2019de ABD ve i\u015fbirlik\u00e7ileri askeri m\u00fcdahale haz\u0131rl\u0131\u011f\u0131 i\u00e7inde. Daha g\u00fc\u00e7l\u00fc bir&#46;&#46;&#46;<\/p>\n","protected":false},"author":1,"featured_media":0,"comment_status":"closed","ping_status":"closed","sticky":false,"template":"","format":"standard","meta":{"_jetpack_memberships_contains_paid_content":false,"footnotes":""},"categories":[1],"tags":[],"class_list":["post-3821","post","type-post","status-publish","format-standard","hentry","category-ced"],"aioseo_notices":[],"jetpack_featured_media_url":"","jetpack_sharing_enabled":true,"jetpack-related-posts":[],"_links":{"self":[{"href":"http:\/\/www.ced.org.tr\/index.php?rest_route=\/wp\/v2\/posts\/3821","targetHints":{"allow":["GET"]}}],"collection":[{"href":"http:\/\/www.ced.org.tr\/index.php?rest_route=\/wp\/v2\/posts"}],"about":[{"href":"http:\/\/www.ced.org.tr\/index.php?rest_route=\/wp\/v2\/types\/post"}],"author":[{"embeddable":true,"href":"http:\/\/www.ced.org.tr\/index.php?rest_route=\/wp\/v2\/users\/1"}],"replies":[{"embeddable":true,"href":"http:\/\/www.ced.org.tr\/index.php?rest_route=%2Fwp%2Fv2%2Fcomments&post=3821"}],"version-history":[{"count":0,"href":"http:\/\/www.ced.org.tr\/index.php?rest_route=\/wp\/v2\/posts\/3821\/revisions"}],"wp:attachment":[{"href":"http:\/\/www.ced.org.tr\/index.php?rest_route=%2Fwp%2Fv2%2Fmedia&parent=3821"}],"wp:term":[{"taxonomy":"category","embeddable":true,"href":"http:\/\/www.ced.org.tr\/index.php?rest_route=%2Fwp%2Fv2%2Fcategories&post=3821"},{"taxonomy":"post_tag","embeddable":true,"href":"http:\/\/www.ced.org.tr\/index.php?rest_route=%2Fwp%2Fv2%2Ftags&post=3821"}],"curies":[{"name":"wp","href":"https:\/\/api.w.org\/{rel}","templated":true}]}}