{"id":3824,"date":"2013-09-10T17:24:46","date_gmt":"2013-09-10T14:24:46","guid":{"rendered":"http:\/\/www.ced.org.tr\/?p=3824"},"modified":"2013-09-10T17:24:46","modified_gmt":"2013-09-10T14:24:46","slug":"12-eylul-utanc-muzesi-istanbulda","status":"publish","type":"post","link":"http:\/\/www.ced.org.tr\/?p=3824","title":{"rendered":"12 Eyl\u00fcl Utan\u00e7 M\u00fczesi \u0130stanbul&#8217;da"},"content":{"rendered":"<div style=\"color: #222222; font-family: arial, sans-serif; font-size: 12.800000190734863px; line-height: 31px;\">\n<h2 style=\"color: #000000; font-family: Verdana, Arial, Helvetica, sans-serif; line-height: normal;\"><span style=\"font-family: arial, sans-serif;\"><span style=\"font-size: 11.818181991577148px;\">Sergi 12 Eyl\u00fcl 22 Eyl\u00fcl tarihleri aras\u0131nda Akadlar K\u00fclt\u00fcr Merkezi\u2019nde gezilebilecek.<\/span><\/span><\/h2>\n<\/div>\n<h3><span style=\"font-size: 12px; color: #222222; font-family: arial, sans-serif; font-weight: normal;\">Devrimci 78\u2019liler Federasyonu d\u00f6rt y\u0131l \u00f6nce Ankara&#8217;da a\u00e7t\u0131\u011f\u0131 &#8217;12 Eyl\u00fcl Utan\u00e7 M\u00fczesi&#8217;ni bu y\u0131l \u0130stanbul\u2019a ta\u015f\u0131yor. Sergide Gezmi\u015f\u2019in parkas\u0131ndan, Kaypakkaya\u2019n\u0131n teksir makinesine kadar \u00e7ok say\u0131da e\u015fya yer al\u0131yor.<\/span><\/h3>\n<h3><span style=\"font-size: 12px; color: #222222; font-family: arial, sans-serif; font-weight: normal;\"> <\/span><\/h3>\n<h3><span style=\"font-family: arial, sans-serif; color: #222222;\"><span style=\"font-size: 12.727272033691406px;\">Deniz Gezmi\u015f&#8217;in parkas\u0131 \u0130stanbul&#8217;da<\/span><\/span><\/h3>\n<p><span style=\"font-size: 12px; color: #222222; font-family: arial, sans-serif; font-weight: normal;\"> <\/span><\/p>\n<h3><span style=\"color: #222222; font-family: arial, sans-serif; font-size: 12.800000190734863px;\">Birg\u00fcn <\/span><\/h3>\n<div style=\"color: #222222; font-family: arial, sans-serif; font-size: 12.800000190734863px;\">\n<div style=\"color: #222222; font-family: arial, sans-serif; font-size: 12.800000190734863px;\">\n<\/div>\n<div style=\"float: left;\">\n<p>\u00a0<\/p>\n<p>\u00a0<\/p>\n<p>\u00a0<\/p>\n<p>\u00a0<\/p>\n<\/div>\n<div>\n<h2>\n<p style=\"margin-bottom: 0cm;\"><span style=\"color: #b22222;\"><strong><span style=\"font-size: 12px;\">CEREN B\u00dcY\u00dcKTET\u0130K<\/span><\/strong><\/span><\/p>\n<p style=\"margin-bottom: 0cm;\"><span style=\"font-size: 12px;\"><span style=\"color: #000000;\">Devrimci 78\u2019liler Federasyonu taraf\u0131ndan d\u00f6rt y\u0131l \u00f6nce Ankara\u2019da a\u00e7\u0131lan 12 Eyl\u00fcl Utan\u00e7 M\u00fczesi\u2019nde yer alan e\u015fyalar bu 12 Eyl\u00fcl\u2019de ilk kez \u0130stanbul\u2019da sergilenecek. <\/span><\/span><\/p>\n<p style=\"margin-bottom: 0cm;\"><span style=\"font-size: 12px;\"><span style=\"color: #000000;\">&#8216;Tarihe Bak Anlars\u0131n&#8217; temal\u0131 sergide Deniz Gezmi\u015f\u2019in parkas\u0131, Mahir \u00c7ayan\u2019\u0131n h\u0131rkas\u0131, 1973\u2019te ya\u015fam\u0131n\u0131 yitiren \u0130brahim Kaypakkaya\u2019n\u0131n 31 y\u0131l boyunca Malatya\u2019daki bir ma\u011farada saklanan teksir makinesi, \u0130lhan Erdost\u2019un kanl\u0131 paltosu, tek ayakkab\u0131s\u0131, c\u00fczdan\u0131 ve 12 Eyl\u00fcl d\u00f6neminin ac\u0131 bilan\u00e7osunu ortaya koyan pek \u00e7ok e\u015fya ile foto\u011fraf sergilenecek.<\/span><\/span><\/p>\n<p style=\"margin-bottom: 0cm;\"><span style=\"font-size: 12px;\"><span style=\"color: #000000;\">Sergide devrimcilerin g\u00f6rd\u00fc\u011f\u00fc i\u015fkenceleri if\u015fa etmek i\u00e7in i\u015fkence aletlerinin maketleri de yer alacak.<\/span><\/span><\/p>\n<p style=\"margin-bottom: 0cm;\"><span style=\"color: #b22222;\"><strong><span style=\"font-size: 12px;\">&#8216;TAR\u0130HE BAK ANLARSIN&#8217;<\/span><\/strong><\/span><\/p>\n<p style=\"margin-bottom: 0cm;\"><span style=\"font-size: 12px;\"><span style=\"color: #000000;\">Devrimci 78\u2019liler \u0130stanbul \u015eube temsilcisi Y\u0131lmaz Yukar\u0131g\u00f6z, 12 Eyl\u00fcl d\u00f6neminin bask\u0131c\u0131 yasalar\u0131n\u0131n ve uygulamalar\u0131n\u0131n hala ge\u00e7erli oldu\u011funu ifade ederek, serginin temas\u0131n\u0131 bu nedenle \u2018Tarihe Bak Anlars\u0131n\u2019 olarak se\u00e7tiklerini belirtti.<\/span><\/span><\/p>\n<p style=\"margin-bottom: 0cm;\"><span style=\"font-size: 12px;\"><span style=\"color: #000000;\">Y\u0131lmaz Yukar\u0131g\u00f6z, ayr\u0131ca sergiye yeni e\u015fyalar eklemek i\u00e7in \u00e7e\u015fitli g\u00f6r\u00fc\u015fmeler yapt\u0131klar\u0131n\u0131 da s\u00f6yledi.<\/span><\/span><\/p>\n<p style=\"margin-bottom: 0cm;\"><span style=\"font-size: 12px;\"><span style=\"color: #000000;\">Dernek bug\u00fcn Akadlar K\u00fclt\u00fcr Merkezi\u2019nde ger\u00e7ekle\u015ftirece\u011fi bir toplant\u0131yla sergi hakk\u0131nda bilgi verecek.<\/span><\/span><\/p>\n<p style=\"margin-bottom: 0cm;\"><span style=\"font-size: 12px;\"><span style=\"color: #000000;\">14-15 Eyl\u00fcl tarihlerinde de Cezayir Toplant\u0131 Salonu&#8217;nda Gezi ve 12 Eyl\u00fcl aileleriyle Cumartesi Anneleri\u2019nin de kat\u0131ld\u0131\u011f\u0131 s\u00f6yle\u015filer ve \u2018Darbeler\u2019 ba\u015fl\u0131kl\u0131 bir panel d\u00fczenlenecek.<\/span><\/span><\/p>\n<p style=\"margin-bottom: 0cm;\"><span style=\"color: #b22222;\"><strong><span style=\"font-size: 12px;\">ANKARA\u2019DAK\u0130 M\u00dcZE GEZ\u0130 \u0130\u00c7\u0130N<\/span><\/strong><\/span><\/p>\n<p style=\"margin-bottom: 0cm;\"><span style=\"font-size: 12px;\"><span style=\"color: #000000;\">Ankara\u2019daki m\u00fcze ise bu y\u0131l g\u00fcncelle bulu\u015fuyor. M\u00fcze sadece Gezi Direni\u015fi ve Roboski\u2019ye ait e\u015fya, foto\u011fraf ve belgelere ayr\u0131lacak. M\u00fczenin temas\u0131 \u2018Direnme Hakk\u0131\u2019 ve \u2018Savunma Hakk\u0131\u2019 olarak belirlendi. Devrimci 78\u2019liler Derne\u011fi Ba\u015fkan\u0131 Kamber Ate\u015f, \u201cAvukatlar\u0131n savunma haklar\u0131n\u0131n gasp edildi\u011fi bir d\u00f6nemden ge\u00e7iyoruz. Bu nedenle avukatlar\u0131n sorunlar\u0131n\u0131 dillendirmek ve kamuoyuna ta\u015f\u0131mak a\u00e7\u0131s\u0131ndan savunma hakk\u0131n\u0131 da bu y\u0131lki serginin temas\u0131na dahil ettik. Bu nedenle sergiyi \u00c7a\u011fda\u015f Hukuk\u00e7ular Derne\u011fi\u2019ne ve Gezi direni\u015f\u00e7ilerine atfettik\u201d dedi.<\/span><\/span><\/p>\n<p style=\"margin-bottom: 0cm;\"><span style=\"font-size: 12px;\"><span style=\"color: #000000;\">Ate\u015f, m\u00fczede aralar\u0131nda Ethem Sar\u0131s\u00fcl\u00fck ve Ali \u0130smail Korkmaz\u2019\u0131n e\u015fyalar\u0131n\u0131n da yer ald\u0131\u011f\u0131 Gezi direni\u015fine ait bir\u00e7ok e\u015fya ve foto\u011fraf\u0131n yan\u0131 s\u0131ra, Roboski katliam\u0131na ait bomba par\u00e7alar\u0131 ve ya\u015fam\u0131n\u0131 yitirenlere ait e\u015fyalar\u0131n da m\u00fczede sergilenece\u011fini belirtti.<\/span><\/span><\/p>\n<\/h2>\n<\/div>\n<\/div>\n","protected":false},"excerpt":{"rendered":"<p>Sergi 12 Eyl\u00fcl 22 Eyl\u00fcl tarihleri aras\u0131nda Akadlar K\u00fclt\u00fcr Merkezi\u2019nde gezilebilecek. Devrimci 78\u2019liler Federasyonu d\u00f6rt y\u0131l \u00f6nce Ankara&#8217;da a\u00e7t\u0131\u011f\u0131 &#8217;12&#46;&#46;&#46;<\/p>\n","protected":false},"author":1,"featured_media":0,"comment_status":"closed","ping_status":"closed","sticky":false,"template":"","format":"standard","meta":{"_jetpack_memberships_contains_paid_content":false,"footnotes":""},"categories":[1],"tags":[],"class_list":["post-3824","post","type-post","status-publish","format-standard","hentry","category-ced"],"aioseo_notices":[],"jetpack_featured_media_url":"","jetpack_sharing_enabled":true,"jetpack-related-posts":[],"_links":{"self":[{"href":"http:\/\/www.ced.org.tr\/index.php?rest_route=\/wp\/v2\/posts\/3824","targetHints":{"allow":["GET"]}}],"collection":[{"href":"http:\/\/www.ced.org.tr\/index.php?rest_route=\/wp\/v2\/posts"}],"about":[{"href":"http:\/\/www.ced.org.tr\/index.php?rest_route=\/wp\/v2\/types\/post"}],"author":[{"embeddable":true,"href":"http:\/\/www.ced.org.tr\/index.php?rest_route=\/wp\/v2\/users\/1"}],"replies":[{"embeddable":true,"href":"http:\/\/www.ced.org.tr\/index.php?rest_route=%2Fwp%2Fv2%2Fcomments&post=3824"}],"version-history":[{"count":0,"href":"http:\/\/www.ced.org.tr\/index.php?rest_route=\/wp\/v2\/posts\/3824\/revisions"}],"wp:attachment":[{"href":"http:\/\/www.ced.org.tr\/index.php?rest_route=%2Fwp%2Fv2%2Fmedia&parent=3824"}],"wp:term":[{"taxonomy":"category","embeddable":true,"href":"http:\/\/www.ced.org.tr\/index.php?rest_route=%2Fwp%2Fv2%2Fcategories&post=3824"},{"taxonomy":"post_tag","embeddable":true,"href":"http:\/\/www.ced.org.tr\/index.php?rest_route=%2Fwp%2Fv2%2Ftags&post=3824"}],"curies":[{"name":"wp","href":"https:\/\/api.w.org\/{rel}","templated":true}]}}