{"id":3825,"date":"2013-09-12T19:56:39","date_gmt":"2013-09-12T16:56:39","guid":{"rendered":"http:\/\/www.ced.org.tr\/?p=3825"},"modified":"2013-09-12T19:56:39","modified_gmt":"2013-09-12T16:56:39","slug":"hatirladigin-kadar-guclu-unuttugun-kadar-suclusun","status":"publish","type":"post","link":"http:\/\/www.ced.org.tr\/?p=3825","title":{"rendered":"Hat\u0131rlad\u0131\u011f\u0131n Kadar G\u00fc\u00e7l\u00fc, Unuttu\u011fun Kadar Su\u00e7lusun"},"content":{"rendered":"<div style=\"color: #222222; font-family: arial, sans-serif; font-size: 12.800000190734863px;\">\n<div><span style=\"color: #b21117;\"><span style=\"color: #000000;\">12 Eyl\u00fcl 2013 Per\u015fembe<\/span><\/span><\/div>\n<div><\/div>\n<div><span style=\"color: #000000; font-size: 12.800000190734863px;\">33 Y\u0131l ge\u00e7ti. Sorsan 50 ya\u015f ku\u015fa\u011f\u0131na, daha d\u00fcn diyecekler. Tarih eskidi ama belleklere kaz\u0131nanlar, taze duruyor. Koskoca 33 y\u0131l. Ortalama yar\u0131 bir \u00f6m\u00fcr. Birilerinin \u00f6m\u00fcrlerini \u00e7alanlar, \u00f6m\u00fcr m\u00fc katt\u0131lar \u00f6m\u00fcrlerine, korku ve korkakl\u0131k i\u00e7inde ya\u015farken.<\/p>\n<p><\/span><\/div>\n<div><\/div>\n<div><span style=\"color: #000000; text-align: justify; font-size: 12.800000190734863px;\">Bellekler daha taze Ahdedip hesapla\u015fmadan, \u00f6m\u00fcrleri korkuyla t\u00fckenenlerle, bellekler, hep taze kalacak. Bug\u00fcn de, yar\u0131n da.<\/span><\/div>\n<div>\n<div>\n<p style=\"text-align: justify;\"><span style=\"color: #000000;\">Tarih Unutmaz. Y\u00fczle\u015fmek Erdemliliktir, kendi tarihi ile y\u00fczle\u015fmeyen toplumlar bar\u0131\u015f ve demokrasi i\u00e7inde ya\u015fayamazlar. Unutmak, unutturmak, konu\u015fmamak, y\u00fczle\u015fmek de\u011fildir. Bu g\u00fcn tarihle y\u00fczle\u015fiyoruz darbelerden hesap soruyoruz diyenlerin ger\u00e7ek y\u00fcz\u00fc, devrald\u0131\u011f\u0131 rejimle ne kadar uzla\u015f\u0131p uzla\u015fmad\u0131\u011f\u0131na bak\u0131larak g\u00f6r\u00fclebilir. Darbe faillerini yarg\u0131lamak hatta cezaland\u0131rmak adaletin yerine geldi\u011fi anlam\u0131n\u0131 ta\u015f\u0131maz.<\/p>\n<p>May\u0131s&#8217;\u0131n son g\u00fcn\u00fc \u0130stanbul&#8217;da ba\u015flay\u0131p t\u00fcm \u00fclkeye yay\u0131lan direni\u015fdir hesapla\u015fmak. Topluma giydirilen deli g\u00f6mle\u011fi y\u0131rtan, sokak sokak gelece\u011fine barikat arkalar\u0131nda arayanlard\u0131r 12 Eyl\u00fcl&#8217;le hesapla\u015fanlar. \u0130\u015fkencede ezdikleri, cezaevlerinde \u00e7\u00fcr\u00fctmeye \u00e7al\u0131\u015ft\u0131klar\u0131, dara\u011fa\u00e7lar\u0131nda ast\u0131klar\u0131, da\u011fba\u015flar\u0131nda, sokaklarda vurdukalr\u0131 gen\u00e7lerin \u00e7ocuklar\u0131, yi\u011fenleri tam 33 y\u0131l sonra meydanlarda hem onlar\u0131n hesab\u0131n\u0131 soruyor hem de onlarin d\u00fc\u015flerini yeniden ye\u015fertiyor.\u00a0<\/p>\n<p><strong>Analar\u0131n \u00d6fkesi Dinmedi<\/strong><br \/>12 Eyl\u00fcl fa\u015fizmi, ac\u0131lar\u0131n en b\u00fcy\u00fc\u011f\u00fcn\u00fc analara ya\u015fatt\u0131. Uzun tutukluluklar, a\u011f\u0131r mahkumiyet kararlar\u0131 ve kurulan dara\u011fa\u00e7lar\u0131 analar\u0131n y\u00fcreklerini da\u011flarken zul\u00fcm kar\u015f\u0131s\u0131nda direnmenin de sesi oldular. Bu g\u00fcn 80&#8217;li ya\u015flara gelmi\u015f olan analar, o g\u00fcn \u00e7ocuklar\u0131n\u0131 zulm\u00fcn pen\u00e7esinden kurtarmaya \u00e7al\u0131\u015f\u0131rken, 12 Eyl\u00fcl cezaevlerinin de simgeleri oldular.\u00a0<br \/><\/span><\/p>\n<p>&#8230;&#8230;&#8230;&#8230;&#8230;&#8230;&#8230;&#8230;&#8230;&#8230;&#8230;&#8230;&#8230;&#8230;&#8230;&#8230;&#8230;&#8230;&#8230;&#8230;&#8230;&#8230;&#8230;<\/p><\/div>\n<\/div>\n<\/div>\n<div style=\"color: #222222; font-family: arial, sans-serif; font-size: 12.800000190734863px;\">O gece evi bast\u0131lar, evin etraf\u0131n\u0131 polis ve jandarma sarm\u0131\u015f, \u00e7ocuklar evde. U\u015fak\u2019tan arkada\u015f\u0131 da evde, o da aran\u0131yormu\u015f. Kap\u0131y\u0131 k\u0131racak gibi \u00e7al\u0131yorlar, \u201c\u0131\u015f\u0131\u011f\u0131 yak\u201d diye ba\u011f\u0131r\u0131yorlar. Gece vakti elime ald\u0131\u011f\u0131m bir yast\u0131kla lambay\u0131 k\u0131r\u0131p, lamba yanm\u0131yor diye seslendim. Ne istiyorsunuz bizden o\u011flum \u00f6ld\u00fc, kocam \u00f6ld\u00fc diye ba\u011f\u0131r\u0131p a\u011fl\u0131yorum.\u00a0<\/p>\n<p>Kap\u0131y\u0131 a\u00e7mad\u0131m, evin \u00fcst kattan inip a\u015fa\u011f\u0131da yatan \u00e7ocuklara kap\u0131y\u0131 a\u00e7mamalar\u0131n\u0131 tembihledim. Bekir\u2019in yan\u0131nda ta\u015f\u0131d\u0131\u011f\u0131 kimlik kendi ad\u0131na de\u011fildi, onu \u00f6\u011frenmi\u015ftim. O\u011flum \u015eekip \u201canne art\u0131k yapacak bir \u015fey yok kap\u0131y\u0131 a\u00e7\u201d dedi. Bende kap\u0131y\u0131 a\u00e7t\u0131m, eve dolu\u015ftular, gecenin bir yar\u0131s\u0131 evde 11 ayl\u0131k torunum var uyuyor. Polis ve Jandarman\u0131n g\u00fcr\u00fclt\u00fcs\u00fcne be\u015fikte yatan torunum Emin uyand\u0131 a\u011fl\u0131yor. Gelen ekibin i\u00e7inde emniyet amiri Necdet Menzir vard\u0131. \u00c7ocu\u011fu al\u0131p \u201ca\u011flama lan kom\u00fcnist pi\u00e7i\u201d diyerek duvara \u00e7arpt\u0131, \u00e7ocuk mosmor oldu. Annesi \u00e7ocu\u011fa sar\u0131l\u0131p \u201cbenim o\u011flum kom\u00fcnist pi\u00e7i de\u011fil katil paral\u0131 k\u00f6pekler\u201d diye ba\u011f\u0131rd\u0131. Necdet Menzir oradakilerin birinden ald\u0131\u011f\u0131 t\u00fcfe\u011fin dip\u00e7i\u011fi ile k\u0131z\u0131m\u0131n kafas\u0131na vurdu. k\u0131z oraya d\u00fc\u015ft\u00fc, beyin sars\u0131nt\u0131s\u0131 ge\u00e7irdi. K\u0131z\u0131mda hala o dip\u00e7i\u011fin izleri durur, o g\u00fcn bu g\u00fcn dengesi yerinde de\u011fil.<\/p><\/div>\n<div style=\"color: #222222; font-family: arial, sans-serif; font-size: 12.800000190734863px;\">&#8230;&#8230;&#8230;&#8230;&#8230;&#8230;&#8230;&#8230;&#8230;&#8230;&#8230;&#8230;&#8230;&#8230;&#8230;&#8230;&#8230;&#8230;&#8230;&#8230;..<\/div>\n<div style=\"color: #222222; font-family: arial, sans-serif; font-size: 12.800000190734863px;\"><a href=\"http:\/\/www.muhalefet.org\/haber-hatirladigin-kadar-guclu-unuttugun-kadar-suclusun-12-7663.aspx\" target=\"_blank\" style=\"color: #1155cc;\">http:\/\/www.muhalefet.org\/haber-hatirladigin-kadar-guclu-unuttugun-kadar-suclusun-12-7663.aspx<\/a><\/div>\n","protected":false},"excerpt":{"rendered":"<p>12 Eyl\u00fcl 2013 Per\u015fembe 33 Y\u0131l ge\u00e7ti. Sorsan 50 ya\u015f ku\u015fa\u011f\u0131na, daha d\u00fcn diyecekler. Tarih eskidi ama belleklere kaz\u0131nanlar, taze&#46;&#46;&#46;<\/p>\n","protected":false},"author":1,"featured_media":0,"comment_status":"closed","ping_status":"closed","sticky":false,"template":"","format":"standard","meta":{"_jetpack_memberships_contains_paid_content":false,"footnotes":""},"categories":[1],"tags":[],"class_list":["post-3825","post","type-post","status-publish","format-standard","hentry","category-ced"],"aioseo_notices":[],"jetpack_featured_media_url":"","jetpack_sharing_enabled":true,"jetpack-related-posts":[],"_links":{"self":[{"href":"http:\/\/www.ced.org.tr\/index.php?rest_route=\/wp\/v2\/posts\/3825","targetHints":{"allow":["GET"]}}],"collection":[{"href":"http:\/\/www.ced.org.tr\/index.php?rest_route=\/wp\/v2\/posts"}],"about":[{"href":"http:\/\/www.ced.org.tr\/index.php?rest_route=\/wp\/v2\/types\/post"}],"author":[{"embeddable":true,"href":"http:\/\/www.ced.org.tr\/index.php?rest_route=\/wp\/v2\/users\/1"}],"replies":[{"embeddable":true,"href":"http:\/\/www.ced.org.tr\/index.php?rest_route=%2Fwp%2Fv2%2Fcomments&post=3825"}],"version-history":[{"count":0,"href":"http:\/\/www.ced.org.tr\/index.php?rest_route=\/wp\/v2\/posts\/3825\/revisions"}],"wp:attachment":[{"href":"http:\/\/www.ced.org.tr\/index.php?rest_route=%2Fwp%2Fv2%2Fmedia&parent=3825"}],"wp:term":[{"taxonomy":"category","embeddable":true,"href":"http:\/\/www.ced.org.tr\/index.php?rest_route=%2Fwp%2Fv2%2Fcategories&post=3825"},{"taxonomy":"post_tag","embeddable":true,"href":"http:\/\/www.ced.org.tr\/index.php?rest_route=%2Fwp%2Fv2%2Ftags&post=3825"}],"curies":[{"name":"wp","href":"https:\/\/api.w.org\/{rel}","templated":true}]}}